{"id":16,"date":"2015-06-19T16:34:00","date_gmt":"2015-06-19T16:34:00","guid":{"rendered":"http:\/\/maclarema.fr\/blog\/les-elections-legislatives-du-17-mars-2015-en-israel-quelles-consequences\/"},"modified":"2015-06-19T16:34:00","modified_gmt":"2015-06-19T16:34:00","slug":"les-elections-legislatives-du-17-mars-2015-en-israel-quelles-consequences","status":"publish","type":"post","link":"https:\/\/maclarema.fr\/blog\/les-elections-legislatives-du-17-mars-2015-en-israel-quelles-consequences\/","title":{"rendered":"Les \u00e9lections l\u00e9gislatives du 17 mars 2015 en Isra\u00ebl : quelles cons\u00e9quences?"},"content":{"rendered":"<p>\nR\u00e9dig\u00e9 par Reine<\/p>\n<p>En d\u00e9pit des sondages qui donnaient l&rsquo;avantage \u00e0 l&rsquo;Union sioniste (le parti travailliste et le Hatnuah de Tsipi Livni), la droite a remport\u00e9 l&rsquo;\u00e9lection avec 30 si\u00e8ges au Likoud contre 24 \u00e0 l&rsquo;Union sioniste. Apr\u00e8s 40 jours d&rsquo;\u00e2pres n\u00e9gociations, Benjamin Netanyahou a pr\u00e9sent\u00e9 son quatri\u00e8me gouvernement devant la Knesset qui l&rsquo;a approuv\u00e9 \u00e0 61 voix contre 120. Pour parvenir \u00e0 cette courte voix de majorit\u00e9, il s&rsquo;est entour\u00e9 de ses alli\u00e9s du gouvernement pr\u00e9c\u00e9dent&nbsp;: le centre droit (Koulanou) d&rsquo;un ancien du Likoud, Moshe Kahlon, et deux partis religieux ultra-orthodoxes&nbsp;: le Yahaduth Hatorah (ashk\u00e9naze) et le Shas (s\u00e9farade). Mais comme son ancien ministre des affaires \u00e9trang\u00e8res Avigdor Liebermann, chef du part ultra-nationaliste Isra\u00ebl Beytenou, a d\u00e9missionn\u00e9 le 4 mars et refuse de faire entrer son parti au gouvernement, le premier ministre a d\u00fb se tourner vers le parti du Foyer juif (Habayit Ha Yehudi), nationaliste et religieux sioniste qui, malgr\u00e9 son faible score \u00e9lectoral de 8 si\u00e8ges, obtient des postes cl\u00e9s&nbsp;: \u00e9ducation, agriculture et justice.<\/p>\n<p><!--more--><\/p>\n<p>\nCe gouvernement tr\u00e8s ancr\u00e9 \u00e0 droite et \u00e0 l&rsquo;extr\u00eame droite religieuse va renforcer sa politique pr\u00e9c\u00e9dente, malgr\u00e9 une situation socio-\u00e9conomique explosive (rappelons-nous le mouvement des \u00ab\u00a0tentes\u00a0\u00bb de 2011), et une position tr\u00e8s d\u00e9grad\u00e9e sur la sc\u00e8ne internationale. Quand on sait que les prix des appartements, en 5 ans,  ont augment\u00e9 de 55% \u00e0 la vente, de 30% \u00e0 la location et que 20%  des Isra\u00e9liens vivent dans la pauvret\u00e9, que pourra faire un r\u00e9formiste comme Moshe Kahlon aux finances quand des garanties ont \u00e9t\u00e9 donn\u00e9es aux religieux d&rsquo;augmenter  leurs subventions publiques? Et aux colons, d&rsquo;augmenter les subventions allou\u00e9es aux constructions dans les colonies?<br \/>\nPlus inqui\u00e9tant encore&nbsp;: Benjamin Netanyahou qui n&rsquo;a pas h\u00e9sit\u00e9 dans sa campagne \u00e9lectorale \u00e0 affirmer clairement son hostilit\u00e9 \u00e0 l&rsquo;\u00e9tablissement d&rsquo;un \u00e9tat palestinien (avant de se r\u00e9tracter) s&rsquo;est entour\u00e9 ici de personnalit\u00e9s provocatrices, aux discours racistes, qui peuvent m\u00eame aller jusqu&rsquo;\u00e0 mettre en faillite la d\u00e9mocratie, qualit\u00e9 pr\u00e9cieuse dans cette r\u00e9gion . Par exemple il a nomm\u00e9 <strong> Ayelet Shaked<\/strong> (Foyer juif) \u00e0 la Justice, une femme qui en plus d&rsquo;\u00eatre homophobe a appel\u00e9 publiquement sur Facebook \u00e0 la destruction du peuple palestinien (avant de se r\u00e9tracter). Quand on pense qu&rsquo;elle va \u00e9galement pr\u00e9sider le comit\u00e9 minist\u00e9riel de la l\u00e9gislation et qu&rsquo;elle d\u00e9sire mater la Cour Supr\u00eame universellement reconnue comme recours d\u00e9mocratique, en intervenant dans la nomination des juges! Sans parler de Naftali Bennett (\u00e9ducation) et de Uri Ariel (agriculture) qui pr\u00f4nent l&rsquo;annexion pure et simple de 60% de la Cisjordanie occup\u00e9e, de Eli Ben-Bahan (adjoint \u00e0 la D\u00e9fense) qui traite les Palestiniens \u00ab\u00a0d&rsquo;animaux\u00a0\u00bb, de <strong>Miki Regev<\/strong>  (culture et sports)  qui a eu des paroles racistes envers les Soudanais qui vivent en Isra\u00ebl,et qui vient de traiter les d\u00e9put\u00e9s arabes \u00e9lus \u00e0 la Knesset de \u00ab\u00a0tra\u00eetres et de chevaux de Troie\u00a0\u00bb et qui s&rsquo;appr\u00eate \u00e0 censurer ce qu&rsquo;elle appelle \u00ab\u00a0les institutions \u00e9litistes de gauche\u00a0\u00bb. Ou encore <strong>Tzipi Hotovely,<\/strong> vice-ministre des affaires \u00e9trang\u00e8res, une femme ultra-orthodoxe du Likoud, dont les discours se r\u00e9f\u00e8rent \u00e0 la Bible et qui a d\u00e9clar\u00e9 publiquement en juillet 2012&nbsp;: \u00ab\u00a0Cette terre est \u00e0 nous, toute cette terre&#8230;Nous devons demander la souverainet\u00e9 de toute la Jud\u00e9e et de toute la Samarie sans nous en excuser\u00a0\u00bb. Benjamin Netanyahou, qui s&rsquo;est fait \u00e9lire sur les peurs (peur des citoyens arabes isra\u00e9liens en particulier), s&rsquo;est entour\u00e9 de ministres bien peu fr\u00e9quentables, lui qui jusque-l\u00e0 avait pris soin , par rapport \u00e0 la communaut\u00e9 internationale, de ne pas d\u00e9passer certaines limites, du moins dans ses paroles, mise \u00e0 part son intervention, 15 jours avant les \u00e9lections, devant le Congr\u00e8s am\u00e9ricain en courtcircuitant le Pr\u00e9sident Obama.<\/p>\n<p>Cette coalition, qualifi\u00e9e par le chef des travaillistes de \u00ab\u00a0gouvernement de faillite nationale\u00a0\u00bb risque d&rsquo;\u00eatre rapidement  d\u00e9mantel\u00e9e par ses dissensions internes. En outre, au moment o\u00f9 Isra\u00ebl est relativement isol\u00e9 sur la sc\u00e8ne internationale lasse de l&rsquo;occupation des Territoires, en mauvais termes avec les USA, menac\u00e9 de sanctions \u00e9conomiques par l&rsquo;Union europ\u00e9enne, disqualifi\u00e9 par l&rsquo;accord international sur le nucl\u00e9aire iranien, confront\u00e9 \u00e0 l&rsquo;offensive diplomatico-judiciaire de l&rsquo;Autorit\u00e9 palestinienne (reconnaissance de la Palestine par plusieurs parlements europ\u00e9ens, admission \u00e0 l&rsquo;Unesco, \u00e0 la Cour p\u00e9nale internationale, \u00e9tat-observateur \u00e0 l&rsquo;Assembl\u00e9e g\u00e9n\u00e9rale des Nations Unies, demande de suspension d&rsquo;Isra\u00ebl de la Fifa&#8230;) c&rsquo;est une bien pi\u00e8tre image qui est envoy\u00e9e par ce gouvernement. A court et moyen terme la volont\u00e9 expansionniste, le refus des n\u00e9gociations et l&rsquo;absence de perspectives de paix risquent d&rsquo;avoir des r\u00e9percussions sur les Juifs d&rsquo;Europe en butte \u00e0 un antis\u00e9mitisme croissant, dont l&rsquo;absence d&rsquo;\u00e9tat palestinien peut \u00eatre une des composantes revendiqu\u00e9e. A plus long terme n&rsquo;est-ce-pas l&rsquo;Etat d&rsquo;Isra\u00ebl lui-m\u00eame qui se met en p\u00e9ril en s&rsquo;isolant ainsi, gouvern\u00e9 par des \u00ab\u00a0faucons\u00a0\u00bb de plus en plus durs et menac\u00e9 par les guerres inqui\u00e9tantes qui font rage \u00e0 ses fronti\u00e8res? Benjamin Netanyahou semble bien, selon les propos d&rsquo;Elie Barnavi (ancien ambassadeur d&rsquo;Isra\u00ebl en France,) avoir obtenu \u00ab\u00a0une victoire \u00e0 la Pyrrhus\u00a0\u00bb.<\/p>\n<p>\nIl ne s&rsquo;agit pas de prendre l&rsquo;Etat d&rsquo;Isra\u00ebl comme bouc \u00e9missaire alors qu&rsquo;il est un \u00e9tat d\u00e9mocratique \u00ab\u00a0\u00e0 l&rsquo;occidentale\u00a0\u00bb au Proche Orient si d\u00e9stabilis\u00e9 politiquement. <strong>Mais c&rsquo;est pr\u00e9cis\u00e9ment parce qu&rsquo;il est d\u00e9mocratique et aussi parce que le chef de ce gouvernement pr\u00e9tend parler au nom de tous les Juifs d&rsquo;Europe (voir sur ce blog <a href=\"\/index.php?post\/2015\/03\/01\/Si-je-pensais-une-seconde-que-Benjamin-Netanyahou-puisse-se-soucier-d%E2%80%99une-Fran%C3%A7aise-juive%2C-je-lui-%C3%A9crirais-%3A\">Lettre \u00e0 Monsieur Netanyahou)<\/a> que nous devons, m\u00eame si nous ne sommes pas citoyens isra\u00e9liens mais Juifs de la diaspora, pointer les entailles profondes qui fragilisent les valeurs fondamentales de cette d\u00e9mocratie<\/strong> (colonisation surtout mais aussi ostracisation des non-juifs dans le pays). Les voix isra\u00e9liennes qui se font entendre contre cette situation sont tr\u00e8s minoritaires et ne se traduisent pas du tout dans les r\u00e9sultats aux \u00e9lections. Ce que Gid\u00e9on L\u00e9vy, journaliste au Haaretz| (journal class\u00e9 \u00e0 gauche) r\u00e9sume ainsi avec une ironie cinglante dans sa rubrique du 10 mai 2015&nbsp;: \u00a0\u00bb Le 34 \u00e8me gouvernement m\u00e9ritera Isra\u00ebl, Isra\u00ebl m\u00e9ritera le 34 \u00e8me gouvernement. Il est repr\u00e9sentatif de l&rsquo;esprit du temps et des sentiments profonds de la plupart des Isra\u00e9liens&#8230; C&rsquo;est ce que les Isra\u00e9liens ont choisi, il correspond \u00e0 leurs v\u00e9ritables attentes&#8230; Un gouvernement sans parole creuse, sans faux-semblant, la solution des 2 Etats est morte\u00a0\u00bb.<\/p>\n<p><strong>R\u00e9f\u00e9rences<\/strong><\/p>\n<p>Au sujet des trois femmes ministres&nbsp;: voir article  du 15\/06\/2015 de Piotr Smolar dans <a href=\"http:\/\/www.lemonde.fr\">Le Monde<\/a><br \/>\nGid\u00e9on L\u00e9vy&nbsp;: article du 10\/05\/2015 dans <a href=\"http:\/\/www.haaretz.com\/opinion\/1.655674\">Haaretz<\/a><\/p>\n","protected":false},"excerpt":{"rendered":"<p>\nR\u00e9dig\u00e9 par Reine<\/p>\n<p>En d\u00e9pit des sondages qui donnaient l&rsquo;avantage \u00e0 l&rsquo;Union sioniste (le parti travailliste et le Hatnuah de Tsipi Livni), la droite a remport\u00e9 l&rsquo;\u00e9lection avec 30 si\u00e8ges au Likoud contre 24 \u00e0 l&rsquo;Union sioniste. Apr\u00e8s 40 jours d&rsquo;\u00e2pres n\u00e9gociations, Benjamin Netanyahou a pr\u00e9sent\u00e9 son quatri\u00e8me gouvernement devant la Knesset qui l&rsquo;a approuv\u00e9 \u00e0 61 voix contre 120. Pour parvenir \u00e0 cette courte voix de majorit\u00e9, il s&rsquo;est entour\u00e9 de ses alli\u00e9s du gouvernement pr\u00e9c\u00e9dent&nbsp;: le centre droit (Koulanou) d&rsquo;un ancien du Likoud, Moshe Kahlon, et deux partis religieux ultra-orthodoxes&nbsp;: le Yahaduth Hatorah (ashk\u00e9naze) et le Shas (s\u00e9farade). Mais comme son ancien ministre des affaires \u00e9trang\u00e8res Avigdor Liebermann, chef du part ultra-nationaliste Isra\u00ebl Beytenou, a d\u00e9missionn\u00e9 le 4 mars et refuse de faire entrer son parti au gouvernement, le premier ministre a d\u00fb se tourner vers le parti du Foyer juif (Habayit Ha Yehudi), nationaliste et religieux sioniste qui, malgr\u00e9 son faible score \u00e9lectoral de 8 si\u00e8ges, obtient des postes cl\u00e9s&nbsp;: \u00e9ducation, agriculture et justice.<\/p>\n<p> <a href=\"https:\/\/maclarema.fr\/blog\/les-elections-legislatives-du-17-mars-2015-en-israel-quelles-consequences\/\">Continuer la lecture <span class=\"meta-nav\">&rarr;<\/span><\/a><\/p>\n","protected":false},"author":1,"featured_media":0,"comment_status":"open","ping_status":"closed","sticky":false,"template":"","format":"standard","meta":{"footnotes":""},"categories":[4],"tags":[11],"class_list":["post-16","post","type-post","status-publish","format-standard","hentry","category-israel-palestine","tag-israel"],"_links":{"self":[{"href":"https:\/\/maclarema.fr\/blog\/wp-json\/wp\/v2\/posts\/16","targetHints":{"allow":["GET"]}}],"collection":[{"href":"https:\/\/maclarema.fr\/blog\/wp-json\/wp\/v2\/posts"}],"about":[{"href":"https:\/\/maclarema.fr\/blog\/wp-json\/wp\/v2\/types\/post"}],"author":[{"embeddable":true,"href":"https:\/\/maclarema.fr\/blog\/wp-json\/wp\/v2\/users\/1"}],"replies":[{"embeddable":true,"href":"https:\/\/maclarema.fr\/blog\/wp-json\/wp\/v2\/comments?post=16"}],"version-history":[{"count":0,"href":"https:\/\/maclarema.fr\/blog\/wp-json\/wp\/v2\/posts\/16\/revisions"}],"wp:attachment":[{"href":"https:\/\/maclarema.fr\/blog\/wp-json\/wp\/v2\/media?parent=16"}],"wp:term":[{"taxonomy":"category","embeddable":true,"href":"https:\/\/maclarema.fr\/blog\/wp-json\/wp\/v2\/categories?post=16"},{"taxonomy":"post_tag","embeddable":true,"href":"https:\/\/maclarema.fr\/blog\/wp-json\/wp\/v2\/tags?post=16"}],"curies":[{"name":"wp","href":"https:\/\/api.w.org\/{rel}","templated":true}]}}