{"id":1883,"date":"2020-03-08T11:11:33","date_gmt":"2020-03-08T10:11:33","guid":{"rendered":"http:\/\/maclarema.fr\/blog\/?p=1883"},"modified":"2020-03-08T11:16:47","modified_gmt":"2020-03-08T10:16:47","slug":"le-temps-dolga-et-des-autres","status":"publish","type":"post","link":"https:\/\/maclarema.fr\/blog\/le-temps-dolga-et-des-autres\/","title":{"rendered":"Le temps d\u2019Olga et des autres"},"content":{"rendered":"<p>\u00ab\u00a0Antan est l\u2019endroit situ\u00e9 au milieu de l\u2019univers\u00a0\u00bb, ainsi commence le roman d\u2019Olga Tokarczuk (1), \u00e9crivaine polonaise \u00e0 laquelle a \u00e9t\u00e9 d\u00e9cern\u00e9 le prix Nobel 2018\u00a0: <em>Dieu, le temps, les hommes et les anges<\/em>\u00a0(2)<a href=\"https:\/\/maclarema.fr\/blog\/wp-content\/uploads\/2020\/03\/olga-tokarczuk.jpg\"><img loading=\"lazy\" decoding=\"async\" class=\"size-medium wp-image-1884 alignleft\" src=\"https:\/\/maclarema.fr\/blog\/wp-content\/uploads\/2020\/03\/olga-tokarczuk-199x300.jpg\" alt=\"\" width=\"199\" height=\"300\" srcset=\"https:\/\/maclarema.fr\/blog\/wp-content\/uploads\/2020\/03\/olga-tokarczuk-199x300.jpg 199w, https:\/\/maclarema.fr\/blog\/wp-content\/uploads\/2020\/03\/olga-tokarczuk.jpg 270w\" sizes=\"auto, (max-width: 199px) 100vw, 199px\" \/><\/a><\/p>\n<p>Nous voici d\u2019embl\u00e9e plong\u00e9s au c\u0153ur de l\u2019espace et du temps.<\/p>\n<p>L\u2019espace c\u2019est ce village d\u2019Antan et les quelques villages alentour et, au-del\u00e0, de mani\u00e8re floue\u00a0: la Pologne, la Russie, l\u2019Allemagne. Mais c\u2019est aussi l\u2019espace d\u2019un Dieu aux multiples facettes, qui n\u2019en finit pas de faire et d\u00e9faire le monde. Huit mondes exactement dans le jeu qu\u2019un rabbin a donn\u00e9 au chatelain d\u2019Antan. \u00ab\u00a0Dans le huiti\u00e8me monde, Dieu est d\u00e9j\u00e0 vieux. Sa pens\u00e9e est de plus en plus d\u00e9bile, le verbe bredouille\u2026 Les confins du monde tombent en poussi\u00e8re\u00a0\u00bb.<\/p>\n<p>Le temps c\u2019est le temps de chacun\u00a0: le temps de Misia, le temps de Paul dont le nom est Divin, Paul Divin, le temps de la glaneuse, le temps du chien Lalka aussi qui se conjugue toujours au pr\u00e9sent sans oublier le temps des anges\u2026 Un temps pour chacun dans chacun des courts chapitres qui composent le livre. Le temps que naissent, vivent et meurent Misia et son fr\u00e8re Isidor si fragile et en m\u00eame temps si accroch\u00e9 \u00e0 la vie.<\/p>\n<p>C\u2019est aussi le temps de la Pologne\u00a0: le temps d\u2019une Pologne russe o\u00f9 les hommes sont enr\u00f4l\u00e9s par le tsar en 1914, puis d\u2019une Pologne occup\u00e9e par l\u2019Allemagne dans les ann\u00e9es 1940 o\u00f9 se d\u00e9ploie la Shoah, enfin d\u2019une Pologne communiste o\u00f9 certains grimpent les \u00e9chelons et o\u00f9 d\u2019autres se font arr\u00eater sous n\u2019importe quel pr\u00e9texte.<\/p>\n<h4>(1) <a href=\"https:\/\/fr.wikipedia.org\/wiki\/Olga_Tokarczuk\">Olga Tokarczuk<\/a> est n\u00e9e en 1962 \u00e0 Sulechow en Pologne. D\u2019abord psychoth\u00e9rapeute, elle se consacre ensuite \u00e0 l\u2019\u00e9criture. Elle d\u00e9fend les droits des minorit\u00e9s en Pologne et est une f\u00e9ministe engag\u00e9e. Elle a \u00e9crit de nombreux romans traduits dans plusieurs langues et a obtenu le prix Nobel 2018.<br \/>\n(2) Prawiek i inne czasy (1996) \u2013 roman publi\u00e9 en fran\u00e7ais sous le titre <a href=\"https:\/\/fr.wikipedia.org\/w\/index.php?title=Dieu,_le_temps,_les_hommes_et_les_anges&amp;action=edit&amp;redlink=1\"><em>Dieu, le temps, les hommes et les anges<\/em><\/a>, traduit par Christophe Glogowski, Paris, <a href=\"https:\/\/fr.wikipedia.org\/wiki\/%C3%89ditions_Robert_Laffont\">\u00c9ditions Robert Laffont<\/a>, coll.\u00a0\u00ab\u00a0Pavillons. Domaine de l&rsquo;Est\u00a0\u00bb, <a href=\"https:\/\/fr.wikipedia.org\/wiki\/1998_en_litt%C3%A9rature\">1998<\/a>, 340 p. Le livre est disponible en poche.<\/h4>\n<p><!--more--><\/p>\n<p>C\u2019est au milieu du livre, on est au d\u00e9but de 1945, que Genevi\u00e8ve, la m\u00e8re de Misia et Isidor, d\u00e9couvre une sc\u00e8ne qui la laisse \u00e0 jamais incapable de marcher et nous profond\u00e9ment boulevers\u00e9s\u00a0: \u00ab\u00a0Les camions (allemands) envahirent les pr\u00e9s. Des soldats saut\u00e8rent du premier v\u00e9hicule et se rang\u00e8rent en ligne\u2026 De l\u2019ombre des marronniers \u00e9mergea une colonne de gens. Ils couraient, tr\u00e9buchaient, se relevaient, trainaient des valises, poussaient des landaus\u2026 C\u2019est alors seulement qu\u2019elle reconnut le vieux Szlom, sa l\u00e9vite d\u00e9boutonn\u00e9e\u00a0; la femme de Szenbert en robe bleue accompagn\u00e9e de sa fille qui portait un b\u00e9b\u00e9\u00a0; le rabbin fluet que l\u2019on soutenait par les bras. Elle vit tr\u00e8s distinctement Elie qui tenait son fils par la main\u2026 Les gens couraient dans tous les sens\u2026 du coin de l\u2019\u0153il, Genevi\u00e8ve aper\u00e7ut des flamm\u00e8ches au bouts des canons et, l\u2019instant d\u2019apr\u00e8s, elle fut assourdie par les rafales d\u2019armes automatiques\u2026 Elie gisait recroquevill\u00e9 dans l\u2019herbe. Pour la premi\u00e8re fois depuis des ann\u00e9es, Genevi\u00e8ve le revit de pr\u00e8s. Elle s\u2019assit \u00e0 c\u00f4t\u00e9 de lui, et plus jamais ne put se relever\u00a0\u00bb<\/p>\n<p>Si dans le livre d\u2019Olga Koturczak et, qui sait, dans la vie, les anges et les \u00e2mes accompagnent les hommes et les femmes, Olga Koturczak n\u2019oublie pas non plus les objets. Ainsi du moulin \u00e0 caf\u00e9 qui apparait au d\u00e9but du livre et qu\u2019Anelka, la fille de Misia emporte \u00e0 Kielce, la ville o\u00f9 elle vit d\u00e9sormais. \u00ab\u00a0Les choses durent\u00a0; et cette dur\u00e9e rel\u00e8ve plus de la vie que quoi que ce soit d\u2019autre.\u00a0\u00bb Encore une histoire de temps.<\/p>\n<p>Un livre qu\u2019on n\u2019est pas pr\u00e8s d\u2019oublier\u2026<\/p>\n<p>&nbsp;<\/p>\n","protected":false},"excerpt":{"rendered":"<p>\u00ab\u00a0Antan est l\u2019endroit situ\u00e9 au milieu de l\u2019univers\u00a0\u00bb, ainsi commence le roman d\u2019Olga Tokarczuk (1), \u00e9crivaine polonaise \u00e0 laquelle a \u00e9t\u00e9 d\u00e9cern\u00e9 le prix Nobel 2018\u00a0: Dieu, le temps, les hommes et les anges\u00a0(2) Nous voici d\u2019embl\u00e9e plong\u00e9s au c\u0153ur &hellip; <a href=\"https:\/\/maclarema.fr\/blog\/le-temps-dolga-et-des-autres\/\">Continuer la lecture <span class=\"meta-nav\">&rarr;<\/span><\/a><\/p>\n","protected":false},"author":3,"featured_media":0,"comment_status":"open","ping_status":"open","sticky":false,"template":"","format":"standard","meta":{"footnotes":""},"categories":[6],"tags":[16,19],"class_list":["post-1883","post","type-post","status-publish","format-standard","hentry","category-culture","tag-livre","tag-shoah"],"_links":{"self":[{"href":"https:\/\/maclarema.fr\/blog\/wp-json\/wp\/v2\/posts\/1883","targetHints":{"allow":["GET"]}}],"collection":[{"href":"https:\/\/maclarema.fr\/blog\/wp-json\/wp\/v2\/posts"}],"about":[{"href":"https:\/\/maclarema.fr\/blog\/wp-json\/wp\/v2\/types\/post"}],"author":[{"embeddable":true,"href":"https:\/\/maclarema.fr\/blog\/wp-json\/wp\/v2\/users\/3"}],"replies":[{"embeddable":true,"href":"https:\/\/maclarema.fr\/blog\/wp-json\/wp\/v2\/comments?post=1883"}],"version-history":[{"count":2,"href":"https:\/\/maclarema.fr\/blog\/wp-json\/wp\/v2\/posts\/1883\/revisions"}],"predecessor-version":[{"id":1887,"href":"https:\/\/maclarema.fr\/blog\/wp-json\/wp\/v2\/posts\/1883\/revisions\/1887"}],"wp:attachment":[{"href":"https:\/\/maclarema.fr\/blog\/wp-json\/wp\/v2\/media?parent=1883"}],"wp:term":[{"taxonomy":"category","embeddable":true,"href":"https:\/\/maclarema.fr\/blog\/wp-json\/wp\/v2\/categories?post=1883"},{"taxonomy":"post_tag","embeddable":true,"href":"https:\/\/maclarema.fr\/blog\/wp-json\/wp\/v2\/tags?post=1883"}],"curies":[{"name":"wp","href":"https:\/\/api.w.org\/{rel}","templated":true}]}}