{"id":19,"date":"2014-12-15T08:27:00","date_gmt":"2014-12-15T08:27:00","guid":{"rendered":"http:\/\/maclarema.fr\/blog\/paroles-et-actes-antisemites-en-france-2012-2014-une-augmentation-inquietante-addendum-9-janvier-2015\/"},"modified":"2014-12-15T08:27:00","modified_gmt":"2014-12-15T08:27:00","slug":"paroles-et-actes-antisemites-en-france-2012-2014-une-augmentation-inquietante-addendum-9-janvier-2015","status":"publish","type":"post","link":"https:\/\/maclarema.fr\/blog\/paroles-et-actes-antisemites-en-france-2012-2014-une-augmentation-inquietante-addendum-9-janvier-2015\/","title":{"rendered":"Paroles et actes antis\u00e9mites en France  (2012-2014) : une augmentation inqui\u00e9tante. Addendum 9 janvier 2015"},"content":{"rendered":"<p>R\u00e9dig\u00e9 par Reine<\/p>\n<p>Depuis 2000 la France conna\u00eet un regain de paroles et d&rsquo;actes antis\u00e9mites avec une augmentation inqui\u00e9tante des violences depuis les \u00e9v\u00e8nements de Toulouse en 2012. Ce climat hostile s&rsquo;amplifie avec la crise \u00e9conomique, les craintes suscit\u00e9es par la globalisation et la mont\u00e9e des puissances \u00e9mergentes, la lib\u00e9ration de la parole haineuse anonyme sur le web, la mont\u00e9e en puissance d&rsquo;organisations d&rsquo;extr\u00eame-droite, l&rsquo;instabilit\u00e9 politique mondiale (en particulier depuis\u00a0\u00bb les printemps arabes\u00a0\u00bb), la permanence du conflit isra\u00e9lo-palestinien, la propagation en Europe des th\u00e8ses islamistes depuis le conflit en Syrie. Dans ce contexte, les Etats apparaissent comme paralys\u00e9s, et les soci\u00e9t\u00e9s multiculturelles comme la n\u00f4tre se raidissent et cherchent des boucs \u00e9missaires. Certes, en France, les Juifs ne sont pas la premi\u00e8re cible du racisme ( les Roms, les Maghr\u00e9bins et les Noirs d&rsquo;Afrique sont les premiers vis\u00e9s d&rsquo;apr\u00e8s les sondages d&rsquo;opinion). Mais en ce qui concerne l&rsquo;antis\u00e9mitisme, les chiffres sont parlants&nbsp;: depuis 2012, <strong>40% des violences racistes sont des violences antis\u00e9mites, contre des biens et des personnes qui repr\u00e9sentent moins d&rsquo;1% de la population fran\u00e7aise, une communaut\u00e9 estim\u00e9e \u00e0 550 000 personnes.<\/strong> (chiffres des violences \u00e9tablis par le minist\u00e8re de l&rsquo;Int\u00e9rieur repris par la SPCJ dans son rapport de 2013, enqu\u00eate Fondapol 2014). Et en m\u00eame temps, d&rsquo;apr\u00e8s les m\u00eames enqu\u00eates, <strong>les pr\u00e9jug\u00e9s antis\u00e9mites semblent avoir recul\u00e9<\/strong> dans l&rsquo;opinion fran\u00e7aise prise dans sa globalit\u00e9.<br \/> Dans un premier temps je vais \u00e9voquer quelques faits antis\u00e9mites parmi les plus marquants depuis 2012, dans un autre article  je proposerai quelques pistes pour analyser cette situation.<\/p>\n<p><!--more--><\/p>\n<p><strong>2006<\/strong><br \/>\n<strong>Janvier-F\u00e9vrier<\/strong>&nbsp;: s\u00e9questration et assassinat d&rsquo;Ilan Halimi. Les juges retiennent les circonstances aggravantes d&rsquo;antis\u00e9mitisme.<\/p>\n<p><strong>2012<\/strong> <br \/>\n<strong>Mars<\/strong>&nbsp;: quatre personnes juives assassin\u00e9es \u00e0 l&rsquo;\u00e9cole Ozar HaTorah de Toulouse. S&rsquo;ensuivent 90 actes antis\u00e9mites en 10 jours.<br \/>\n<strong>Avril<\/strong>&nbsp;: le d\u00e9put\u00e9 UMP Lionnel Luca traite le ministre Martin Hirsch  (suppos\u00e9 d&rsquo;origine juive) de \u00ab\u00a0Judas\u00a0\u00bb.<br \/>\n<strong>Septembre<\/strong>&nbsp;: \u00e0 Sarcelles (95), dans un magasin casher, des explosifs blessent un client. S&rsquo;ensuivront 28 actes antis\u00e9mites en 8 jours.<br \/>\nEn 2012, on d\u00e9nombre 614 actes dont 25% sont commis avec une arme.<\/p>\n<p><strong>2013<\/strong><br \/>\n<strong>F\u00e9vrier<\/strong>&nbsp;: un \u00e9l\u00e8ve de l&rsquo;\u00e9cole Ozar HaTorah de Toulouse est attaqu\u00e9 par une femme arm\u00e9e d&rsquo;un couteau.<br \/>\n<strong>Mars :<\/strong> nombreux tags \u00e0 Metz, \u00ab\u00a0quenelles\u00a0\u00bb dans les rues de Toulouse.<br \/>\n<strong>Avril<\/strong>&nbsp;: tentative d&rsquo;homicide au cutter contre un rabbin et son fils&nbsp;: le p\u00e8re est op\u00e9r\u00e9 en urgence, le fils est bless\u00e9.<br \/>\nUne pi\u00e8ce de th\u00e9\u00e2tre \u00e0 relents antis\u00e9mites est jou\u00e9e par des \u00e9tudiants \u00e0 l&rsquo;Universit\u00e9 de La Rochelle. Michel Goldberg, professeur en biochimie qui a le m\u00eame patronyme qu&rsquo;un personnage de la pi\u00e8ce, repr\u00e9sent\u00e9 en banquier v\u00e9reux, alerte le Pr\u00e9sident de l&rsquo;Universit\u00e9, ses coll\u00e8gues et le syndicat du Snes-Sup. Il est isol\u00e9, on le rabroue au nom de la libert\u00e9 d&rsquo;expression. Il d\u00e9pose une plainte contre l&rsquo;Universit\u00e9, est exclu de son syndicat. Il faudra que la ministre de tutelle, Genevi\u00e8ve Fioraso, intervienne pour faire annuler le spectacle et la tourn\u00e9e pr\u00e9vue.<br \/>\n<strong>Mai<\/strong>&nbsp;: impacts de balles retrouv\u00e9s sur les murs de la synagogue de Garges-l\u00e8s-Gonesse (95)<br \/>\n<strong>Juin<\/strong>&nbsp;: une femme portant une \u00e9toile de David est agress\u00e9e sur l&rsquo;\u00eele de St Pierre<br \/>\n<strong>Septembre<\/strong>&nbsp;: des lyc\u00e9ens attaquent au couteau un autre lyc\u00e9en parce que juif, \u00e0 Paris 16\u00e8<br \/>\nDieudonn\u00e9 lance sur internet le geste de la \u00ab\u00a0quenelle\u00a0\u00bb qui se propage rapidement. Ce geste est jug\u00e9 antis\u00e9mite, surtout quand il est effectu\u00e9 devant des synagogues. Le footballeur Anelka est suspendu puis condamn\u00e9 pour l&rsquo;avoir effectu\u00e9 \u00e0 la fin d&rsquo;un match.<br \/>\n<strong>Novembre<\/strong>&nbsp;: Dieudonn\u00e9 condamn\u00e9 pour sa chanson antis\u00e9mite \u00ab\u00a0Shoah nanas\u00a0\u00bb<br \/>\n<strong>D\u00e9cembre<\/strong>&nbsp;: propos antis\u00e9mites contre Patrick Cohen et d&rsquo;autres personnalit\u00e9s dans le spectacle de Dieudonn\u00e9 \u00ab\u00a0Le mur\u00a0\u00bb<br \/>\nCinq livres jug\u00e9s antis\u00e9mites publi\u00e9s par Kontre Kulture (\u00e9ditions d&rsquo;Alain Soral) sont interdits par la Justice.<br \/>\nEn 2013 on d\u00e9nombre 423 actes antis\u00e9mites. Des peines ont \u00e9t\u00e9 prononc\u00e9es (amendes de 200 \u00e0 1500 Euros et peines de prison fermes avec mandat de d\u00e9p\u00f4t pour les violences).<\/p>\n<p><strong>2014<\/strong><br \/>\n<strong>Janvier<\/strong>&nbsp;: le spectacle  en tourn\u00e9e de Dieudonn\u00e9 \u00ab\u00a0le mur\u00a0\u00bb est interdit par avance par plusieurs maires de grandes villes; le Conseil d&rsquo;Etat, saisi par le premier ministre M.Valls, ent\u00e9rine ces interdictions le 10 janvier.<br \/>\n<strong>26 janvier<\/strong>&nbsp;: d\u00e9fil\u00e9 du Collectif Jour de col\u00e8re contre le gouvernement Hollande mais qui d\u00e9g\u00e9n\u00e8re en slogans antis\u00e9mites comme &lsquo;Juif, la France n&rsquo;est plus \u00e0 toi\u00a0\u00bb.<br \/>\n<strong>Juin<\/strong>&nbsp;: J.M.Le Pen prof\u00e8re dans une video post\u00e9e sur le site du FN des propos antis\u00e9mites contre le chanteur P.Bruel.<br \/>\n<strong>Juillet<\/strong>&nbsp;: lors de manifestations contre la guerre \u00e0 Gaza, en particulier lors de celles qui sont interdites \u00e0 Paris, des propos antis\u00e9mites violents sont entendus. A Sarcelles (95) des groupes mettent \u00e0 sac des commerces casher et une pharmacie, dont la propri\u00e9taire est juive, est incendi\u00e9e. La synagogue \u00e9galement est attaqu\u00e9e. Lors du reportage de Compl\u00e9ment d&rsquo;enqu\u00eate (\u00e9mission de France 2) consacr\u00e9 aux \u00e9v\u00e8nements de Sarcelles, plusieurs personnes interrog\u00e9es d\u00e9clarent ouvertement leur volont\u00e9 de \u00ab\u00a0tuer des Juifs\u00a0\u00bb.<br \/>\n<strong>Septembre<\/strong>&nbsp;: le pol\u00e9miste E.Zemmour d\u00e9clare sur plusieurs medias que \u00ab\u00a0P\u00e9tain a sauv\u00e9 des juifs fran\u00e7ais en livrant les juifs \u00e9trangers aux Allemands\u00a0\u00bb&nbsp;: la confusion entretenue par cette phrase d\u00e9note une r\u00e9habilitation du gouvernement de Vichy.<br \/>\n<strong>Novembre<\/strong>&nbsp;: dans la nuit du 9 au 10 (anniversaire de la Nuit de cristal en Allemagne, 1938), des groupes n\u00e9o-nazis recouvrent une grande partie des murs, v\u00e9libs et v\u00e9hicules du boulevard Raspail \u00e0 Paris d&rsquo;inscriptions antis\u00e9mites.<br \/>\n<strong>D\u00e9cembre<\/strong>&nbsp;: un homme de 70 ans puis un jeune couple sont sauvagement agress\u00e9s par trois individus \u00e0 Cr\u00e9teil (94) dans leur appartement, au pr\u00e9texte qu&rsquo;ils sont \u00a0\u00bb juifs donc riches\u00a0\u00bb. Une affaire qui rappelle l&rsquo;assassinat d&rsquo;Ilan Halimi en 2006.<\/p>\n<p><strong>2015<\/strong><br \/>\n<strong>9 janvier<\/strong>&nbsp;: attentat contre une \u00e9picerie casher, Porte de Vincennes, par un terroriste djihadiste&nbsp;: quatre victimes juives et des bless\u00e9s.<\/p>\n<p>De nombreux sites ouvertement antis\u00e9mites et n\u00e9gationnistes existent sur internet , ce qu&rsquo;on nomme aujourd&rsquo;hui  \u00ab\u00a0fachosph\u00e8re\u00a0\u00bb(extr\u00eame droite) et \u00ab\u00a0dieudosph\u00e8re\u00a0\u00bb (Dieudonn\u00e9, Soral&#8230;)<br \/>\nFondapol et la SPCJ d\u00e9nombrent 527 actes antis\u00e9mites de janvier \u00e0 juillet 2014, soit une augmentation moyenne de 91%  (de 126% pour les violences et de 79% pour les menaces) par rapport \u00e0 la m\u00eame p\u00e9riode en 2013 (276 actes).<\/p>\n<p>R\u00e9f\u00e9rences&nbsp;: <br \/>\n<a href=\"http:\/\/www.memorial98.org\">Site m\u00e9morial98<\/a><br \/>\n<a href=\"http:\/\/www.fondapol.org\/wp-content\/uploads\/2014\/11\/CONF2press-Antisemitisme-DOC-6-web11h51.pdf\">Think tank Fondapol, enqu\u00eate<\/a><br \/>\n<a href=\"http:\/\/www.ladocumentationfrancaise.fr\/var\/storage\/rapports-publics\/144000199\/0000.pdf\">Commission nationale consultative des droits de l&rsquo;homme<\/a><br \/>\n<a href=\"http:\/\/www.antisemitisme.org\/dl\/SPCJ-2013-FR.pdf\">SPCJ Service de protection de la communaut\u00e9 juive<\/a><\/p>\n","protected":false},"excerpt":{"rendered":"<p>R\u00e9dig\u00e9 par Reine<\/p>\n<p>Depuis 2000 la France conna\u00eet un regain de paroles et d&rsquo;actes antis\u00e9mites avec une augmentation inqui\u00e9tante des violences depuis les \u00e9v\u00e8nements de Toulouse en 2012. Ce climat hostile s&rsquo;amplifie avec la crise \u00e9conomique, les craintes suscit\u00e9es par la globalisation et la mont\u00e9e des puissances \u00e9mergentes, la lib\u00e9ration de la parole haineuse anonyme sur le web, la mont\u00e9e en puissance d&rsquo;organisations d&rsquo;extr\u00eame-droite, l&rsquo;instabilit\u00e9 politique mondiale (en particulier depuis\u00a0\u00bb les printemps arabes\u00a0\u00bb), la permanence du conflit isra\u00e9lo-palestinien, la propagation en Europe des th\u00e8ses islamistes depuis le conflit en Syrie. Dans ce contexte, les Etats apparaissent comme paralys\u00e9s, et les soci\u00e9t\u00e9s multiculturelles comme la n\u00f4tre se raidissent et cherchent des boucs \u00e9missaires. Certes, en France, les Juifs ne sont pas la premi\u00e8re cible du racisme ( les Roms, les Maghr\u00e9bins et les Noirs d&rsquo;Afrique sont les premiers vis\u00e9s d&rsquo;apr\u00e8s les sondages d&rsquo;opinion). Mais en ce qui concerne l&rsquo;antis\u00e9mitisme, les chiffres sont parlants&nbsp;: depuis 2012, <strong>40% des violences racistes sont des violences antis\u00e9mites, contre des biens et des personnes qui repr\u00e9sentent moins d&rsquo;1% de la population fran\u00e7aise, une communaut\u00e9 estim\u00e9e \u00e0 550 000 personnes.<\/strong> (chiffres des violences \u00e9tablis par le minist\u00e8re de l&rsquo;Int\u00e9rieur repris par la SPCJ dans son rapport de 2013, enqu\u00eate Fondapol 2014). Et en m\u00eame temps, d&rsquo;apr\u00e8s les m\u00eames enqu\u00eates, <strong>les pr\u00e9jug\u00e9s antis\u00e9mites semblent avoir recul\u00e9<\/strong> dans l&rsquo;opinion fran\u00e7aise prise dans sa globalit\u00e9.<br \/> Dans un premier temps je vais \u00e9voquer quelques faits antis\u00e9mites parmi les plus marquants depuis 2012, dans un autre article  je proposerai quelques pistes pour analyser cette situation.<\/p>\n<p> <a href=\"https:\/\/maclarema.fr\/blog\/paroles-et-actes-antisemites-en-france-2012-2014-une-augmentation-inquietante-addendum-9-janvier-2015\/\">Continuer la lecture <span class=\"meta-nav\">&rarr;<\/span><\/a><\/p>\n","protected":false},"author":1,"featured_media":0,"comment_status":"open","ping_status":"closed","sticky":false,"template":"","format":"standard","meta":{"footnotes":""},"categories":[5],"tags":[18],"class_list":["post-19","post","type-post","status-publish","format-standard","hentry","category-antisemitisme","tag-antisemitisme-2"],"_links":{"self":[{"href":"https:\/\/maclarema.fr\/blog\/wp-json\/wp\/v2\/posts\/19","targetHints":{"allow":["GET"]}}],"collection":[{"href":"https:\/\/maclarema.fr\/blog\/wp-json\/wp\/v2\/posts"}],"about":[{"href":"https:\/\/maclarema.fr\/blog\/wp-json\/wp\/v2\/types\/post"}],"author":[{"embeddable":true,"href":"https:\/\/maclarema.fr\/blog\/wp-json\/wp\/v2\/users\/1"}],"replies":[{"embeddable":true,"href":"https:\/\/maclarema.fr\/blog\/wp-json\/wp\/v2\/comments?post=19"}],"version-history":[{"count":0,"href":"https:\/\/maclarema.fr\/blog\/wp-json\/wp\/v2\/posts\/19\/revisions"}],"wp:attachment":[{"href":"https:\/\/maclarema.fr\/blog\/wp-json\/wp\/v2\/media?parent=19"}],"wp:term":[{"taxonomy":"category","embeddable":true,"href":"https:\/\/maclarema.fr\/blog\/wp-json\/wp\/v2\/categories?post=19"},{"taxonomy":"post_tag","embeddable":true,"href":"https:\/\/maclarema.fr\/blog\/wp-json\/wp\/v2\/tags?post=19"}],"curies":[{"name":"wp","href":"https:\/\/api.w.org\/{rel}","templated":true}]}}