{"id":2399,"date":"2022-01-09T10:47:11","date_gmt":"2022-01-09T09:47:11","guid":{"rendered":"https:\/\/maclarema.fr\/blog\/?p=2399"},"modified":"2022-01-09T11:00:27","modified_gmt":"2022-01-09T10:00:27","slug":"lantisemitisme-aux-etats-unis-suite","status":"publish","type":"post","link":"https:\/\/maclarema.fr\/blog\/lantisemitisme-aux-etats-unis-suite\/","title":{"rendered":"L&rsquo;antis\u00e9mitisme aux Etats-Unis (suite)"},"content":{"rendered":"<p>En lien avec l&rsquo;article sur <a href=\"https:\/\/maclarema.fr\/blog\/les-juifs-americains-5-aujourdhui\/\">les Juifs am\u00e9ricains partie 5 (aujourd&rsquo;hui)<\/a>, et celui sur le roman de Philip Roth, <a href=\"https:\/\/maclarema.fr\/blog\/le-complot-contre-l-amerique-roman-de-philip-roth-2004\/\"><em>Le Complot contre l&rsquo;Am\u00e9rique<\/em><\/a>, je vous conseille la lecture de l<a href=\"https:\/\/www.lemonde.fr\/idees\/article\/2022\/01\/07\/pierre-birnbaum-la-vallee-des-larmes-de-l-histoire-juive-s-etend-jusqu-a-la-societe-americaine_6108497_3232.html\">&lsquo;entretien de l&rsquo;historien Pierre Birnbaum avec le journal Le Monde <\/a>(du 8<a href=\"https:\/\/maclarema.fr\/blog\/wp-content\/uploads\/2022\/01\/76f1acd_339355858-61fu7vbjwal.jpeg\"><img loading=\"lazy\" decoding=\"async\" class=\"size-medium wp-image-2402 alignright\" src=\"https:\/\/maclarema.fr\/blog\/wp-content\/uploads\/2022\/01\/76f1acd_339355858-61fu7vbjwal-205x300.jpeg\" alt=\"\" width=\"205\" height=\"300\" \/><\/a> janvier) \u00e0 propos de la parution de son livre <em>Les Larmes, de l histoire de Kichinev \u00e0<\/em> <em>Pittsburgh<\/em> (Gallimard).<br \/>\nLe titre de l&rsquo;article : \u00ab\u00a0La vall\u00e9e des larmes de l histoire juive s&rsquo;\u00e9tend jusqu&rsquo;\u00e0 la soci\u00e9t\u00e9 am\u00e9ricaine\u00a0\u00bb.<\/p>\n","protected":false},"excerpt":{"rendered":"<p>En lien avec l&rsquo;article sur les Juifs am\u00e9ricains partie 5 (aujourd&rsquo;hui), et celui sur le roman de Philip Roth, Le Complot contre l&rsquo;Am\u00e9rique, je vous conseille la lecture de l&lsquo;entretien de l&rsquo;historien Pierre Birnbaum avec le journal Le Monde (du &hellip; <a href=\"https:\/\/maclarema.fr\/blog\/lantisemitisme-aux-etats-unis-suite\/\">Continuer la lecture <span class=\"meta-nav\">&rarr;<\/span><\/a><\/p>\n","protected":false},"author":1,"featured_media":0,"comment_status":"open","ping_status":"open","sticky":false,"template":"","format":"standard","meta":{"footnotes":""},"categories":[1],"tags":[],"class_list":["post-2399","post","type-post","status-publish","format-standard","hentry","category-non-classe"],"_links":{"self":[{"href":"https:\/\/maclarema.fr\/blog\/wp-json\/wp\/v2\/posts\/2399","targetHints":{"allow":["GET"]}}],"collection":[{"href":"https:\/\/maclarema.fr\/blog\/wp-json\/wp\/v2\/posts"}],"about":[{"href":"https:\/\/maclarema.fr\/blog\/wp-json\/wp\/v2\/types\/post"}],"author":[{"embeddable":true,"href":"https:\/\/maclarema.fr\/blog\/wp-json\/wp\/v2\/users\/1"}],"replies":[{"embeddable":true,"href":"https:\/\/maclarema.fr\/blog\/wp-json\/wp\/v2\/comments?post=2399"}],"version-history":[{"count":5,"href":"https:\/\/maclarema.fr\/blog\/wp-json\/wp\/v2\/posts\/2399\/revisions"}],"predecessor-version":[{"id":2405,"href":"https:\/\/maclarema.fr\/blog\/wp-json\/wp\/v2\/posts\/2399\/revisions\/2405"}],"wp:attachment":[{"href":"https:\/\/maclarema.fr\/blog\/wp-json\/wp\/v2\/media?parent=2399"}],"wp:term":[{"taxonomy":"category","embeddable":true,"href":"https:\/\/maclarema.fr\/blog\/wp-json\/wp\/v2\/categories?post=2399"},{"taxonomy":"post_tag","embeddable":true,"href":"https:\/\/maclarema.fr\/blog\/wp-json\/wp\/v2\/tags?post=2399"}],"curies":[{"name":"wp","href":"https:\/\/api.w.org\/{rel}","templated":true}]}}