{"id":2712,"date":"2022-06-14T17:12:00","date_gmt":"2022-06-14T16:12:00","guid":{"rendered":"https:\/\/maclarema.fr\/blog\/?p=2712"},"modified":"2022-06-15T08:34:05","modified_gmt":"2022-06-15T07:34:05","slug":"lexposition-proust-du-cote-de-la-mere-au-musee-dart-et-dhistoire-du-judaisme-de-paris-jusquau-28-aout","status":"publish","type":"post","link":"https:\/\/maclarema.fr\/blog\/lexposition-proust-du-cote-de-la-mere-au-musee-dart-et-dhistoire-du-judaisme-de-paris-jusquau-28-aout\/","title":{"rendered":"L&rsquo;exposition \u00ab\u00a0Proust du c\u00f4t\u00e9 de la m\u00e8re\u00a0\u00bb au mus\u00e9e d&rsquo;art et d&rsquo;histoire du Juda\u00efsme de Paris jusqu&rsquo;au 28 ao\u00fbt"},"content":{"rendered":"<p>A l&rsquo;occasion du centenaire de la mort de Marcel Proust (1871-1922) le MAHJ propose une exposition in\u00e9dite centr\u00e9e sur la jud\u00e9it\u00e9 de l&rsquo;\u00e9crivain, riche de plus de 150 documents. Elle donne \u00e0 r\u00e9fl\u00e9chir sur l&rsquo;attitude complexe de Proust face \u00e0 ses origines, \u00e9voque l&rsquo;inscription de la bourgeoisie juive fran\u00e7aise dans la soci\u00e9t\u00e9 de son temps mais aussi la r\u00e9ception critique de son oeuvre dans les revues sionistes des ann\u00e9es 1920.<\/p>\n<div id=\"attachment_2733\" style=\"width: 231px\" class=\"wp-caption alignleft\"><a href=\"https:\/\/maclarema.fr\/blog\/wp-content\/uploads\/2022\/06\/img-7-small480-famille-proust.jpg\"><img loading=\"lazy\" decoding=\"async\" aria-describedby=\"caption-attachment-2733\" class=\"size-medium wp-image-2733\" src=\"https:\/\/maclarema.fr\/blog\/wp-content\/uploads\/2022\/06\/img-7-small480-famille-proust-221x300.jpg\" alt=\"\" width=\"221\" height=\"300\" srcset=\"https:\/\/maclarema.fr\/blog\/wp-content\/uploads\/2022\/06\/img-7-small480-famille-proust-221x300.jpg 221w, https:\/\/maclarema.fr\/blog\/wp-content\/uploads\/2022\/06\/img-7-small480-famille-proust.jpg 480w\" sizes=\"auto, (max-width: 221px) 100vw, 221px\" \/><\/a><p id=\"caption-attachment-2733\" class=\"wp-caption-text\">Marcel, Jeanne et Robert Proust vers 1890<\/p><\/div>\n<p><strong>La m\u00e8re de Proust<\/strong>, n\u00e9e Jeanne Weil, est la figure centrale de la vie de l&rsquo;\u00e9crivain et son \u00e9vocation au tout d\u00e9but de <em>A la Recherche du temps perdu<\/em> &#8211; \u00ab\u00a0ma seule consolation&#8230;\u00e9tait que maman viendrait m&#8217;embrasser quand je serais dans mon lit. mais ce bonsoir durait si peu&#8230;qu&rsquo;il \u00e9tait pour moi un moment douloureux\u00a0\u00bb -n&rsquo;est pas anodine : en quelques pages elle devient l&rsquo;arch\u00e9type de l&rsquo;objet d&rsquo;amour pour le Narrateur, causant \u00e0 la fois plaisir et souffrance. Dans la r\u00e9alit\u00e9 Marcel est \u00e9lev\u00e9 principalement par sa m\u00e8re qui lui transmet sa sensiblit\u00e9, son raffinement, sa culture artistique et litt\u00e9raire et son sens de l&rsquo;humour. Le tableau de Monet <em>Venise, le Grand canal<\/em>, nous rappelle le voyage qu&rsquo;ils ont fait tous les deux en 1900 dans cette ville qui r\u00e9appara\u00eet dans son oeuvre. Ils traduisent ensemble le po\u00e8te anglais Ruskin*, \u00e9changent une correspondance de 159 lettres entre 1887 et 1905, \u00e9voquant sans restriction tous les sujets, m\u00eame les plus intimes. En septembre 1904 Proust \u00e9crit : \u00ab\u00a0Nous deux, on est reli\u00e9s par une t\u00e9l\u00e9graphie sans fils\u00a0\u00bb. Il n&rsquo;est pas anodin non plus que l&rsquo;\u00e9crivain s&rsquo;attelle \u00e0 <em>la Recherche<\/em> en 1905, juste apr\u00e8s la mort de sa m\u00e8re. \u00ab\u00a0Il me serait si doux avant de mourir\u00a0\u00bb, \u00e9crit-il, \u00ab\u00a0de faire quelque chose qui aurait plu \u00e0 maman\u00a0\u00bb.<!--more--><\/p>\n<p><strong>Les familles<\/strong> <strong>paternelle<\/strong> (Weil) et <strong>maternelle<\/strong> (Berncastel) de Jeanne viennent d&rsquo;Alsace et d&rsquo;Allemagne et ont obtenu la citoyennet\u00e9 fran\u00e7aise \u00e0 la faveur de l&rsquo;\u00e9mancipation des Juifs sous le Consulat et le premier Empire. Un arbre g\u00e9n\u00e9alogique impressionnant nous accueille d\u00e8s la premi\u00e8re salle, o\u00f9 l&rsquo;on peut rep\u00e9rer quelques noms connus comme Adolphe Cr\u00e9mieux*, grand-oncle et t\u00e9moin de Jeanne \u00e0 son mariage ou le philosophe Henri Bergson, un lointain cousin. C&rsquo;est une famille bourgeoise, totalement int\u00e9gr\u00e9e, invit\u00e9e dans les salons, marche ultime de la distinction sociale. L&rsquo;arri\u00e8re grand-p\u00e8re Baruch Weil, porcelainier, comme le grand-p\u00e8re Nath\u00e9 Weil, agent de change, ont des positions confortables et jouent un grand r\u00f4le dans la communaut\u00e9 isra\u00e9lite. Baruch a pr\u00e9sid\u00e9 \u00e0 la construction de la synagogue rue de Nazareth, a \u00e9t\u00e9 vice-pr\u00e9sident du Consistoire*, pr\u00e9sident du comit\u00e9 de bienfaisance et des \u00e9coles et mohel* \u00e0 la synagogue Notre Dame de Nazareth. Son fils est secr\u00e9taire du Consistoire et aussi franc-ma\u00e7on. La famille est non pratiquante. C&rsquo;est son p\u00e8re Nath\u00e9 qui pr\u00e9sente Adrien Proust, non juif, \u00e0 Jeanne car il pense que cette union favorisera son int\u00e9gration dans la soci\u00e9t\u00e9 fran\u00e7aise. Le mariage a lieu \u00e0 la mairie mais il est convenu que les enfants seront \u00e9lev\u00e9s dans la tradition catholique. Pour autant, Jeanne ne se convertit pas, comme d&rsquo;autres, au catholicisme et sera enterr\u00e9e en pr\u00e9sence d&rsquo;un rabbin. Et dans une lettre \u00e0 son ami Daniel Hal\u00e9vy de 1908, tr\u00e8s r\u00e9cemment d\u00e9couverte, Proust \u00e9voque des visites qu&rsquo;il a faites avec Nath\u00e9 Weil dans le carr\u00e9 juif du cimeti\u00e8re du P\u00e8re Lachaise et\u00a0\u00bb le rituel du petit caillou sur les tombes familiales, dont [son] grand-p\u00e8re ne connaissait pas la signification\u00a0\u00bb. Preuves que <strong>la m\u00e9moire<\/strong> (th\u00e8me central de son oeuvre) et la tradition juives ne sont pas occult\u00e9es. On peut noter que Proust a des liens beaucoup plus forts avec sa famille maternelle. Outre sa m\u00e8re il adore sa grand-m\u00e8re Ad\u00e8le Weil, tr\u00e8s cultiv\u00e9e, qui l&#8217;emm\u00e8ne au th\u00e9\u00e2tre, les deux femmes inspirant le personnage de la grand-m\u00e8re dans <em>A la Recherche.<\/em> Il \u00e9crit peu de lettres \u00e0 son p\u00e8re m\u00e9decin souvent absent et m\u00eame si Illiers en Normandie (Combray) le berceau des Proust est un lieu important dans l&rsquo;oeuvre, la famille paternelle appara\u00eet peu transpos\u00e9e, si ce n&rsquo;est sa tante Amiot en tante L\u00e9onie ou en creux son p\u00e8re, en m\u00e9decin Cottard ou en p\u00e8re de mademoiselle Vinteuil.<\/p>\n<p>De nombreuses photos de l&rsquo;exposition \u00e9voquent <strong>la sociabilit\u00e9<\/strong> de Proust qui a de<\/p>\n<div id=\"attachment_2743\" style=\"width: 310px\" class=\"wp-caption alignright\"><a href=\"https:\/\/maclarema.fr\/blog\/wp-content\/uploads\/2022\/06\/Rene-Xavier_Prinet_Plage_de_Cabourg_1910.jpg\"><img loading=\"lazy\" decoding=\"async\" aria-describedby=\"caption-attachment-2743\" class=\"size-medium wp-image-2743\" src=\"https:\/\/maclarema.fr\/blog\/wp-content\/uploads\/2022\/06\/Rene-Xavier_Prinet_Plage_de_Cabourg_1910-300x185.jpg\" alt=\"\" width=\"300\" height=\"185\" srcset=\"https:\/\/maclarema.fr\/blog\/wp-content\/uploads\/2022\/06\/Rene-Xavier_Prinet_Plage_de_Cabourg_1910-300x185.jpg 300w, https:\/\/maclarema.fr\/blog\/wp-content\/uploads\/2022\/06\/Rene-Xavier_Prinet_Plage_de_Cabourg_1910-768x473.jpg 768w, https:\/\/maclarema.fr\/blog\/wp-content\/uploads\/2022\/06\/Rene-Xavier_Prinet_Plage_de_Cabourg_1910.jpg 800w\" sizes=\"auto, (max-width: 300px) 100vw, 300px\" \/><\/a><p id=\"caption-attachment-2743\" class=\"wp-caption-text\">Ren\u00e9 Prinet<br \/>La Plage de Cabourg 1910<\/p><\/div>\n<p>nombreux amis juifs ou comme lui \u00ab\u00a0demi-juifs\u00a0\u00bb, Jacques Bizet fils du musicien et de Madame Strauss n\u00e9e Hal\u00e9vy, Gaston de Caillavet, Reynaldo Hahn, Daniel Hal\u00e9vy, Robert Dreyfus, Henri de Rothschild. Il fr\u00e9quente les salons de la Plaine Monceau dans le 8\u00e8me arrondissement de Paris et l&rsquo;\u00e9t\u00e9 les villas de la c\u00f4te normande. Il assiste indiff\u00e9remment aux mariages juifs ou chr\u00e9tiens de ses cousins. Il est sensible aux d\u00e9bats de son temps concernant le r\u00e9formisme religieux ou le Sionisme. Il ressent fortement la mont\u00e9e de l&rsquo;antis\u00e9mitisme dans les \u00e9crits de Drumont, dans la mont\u00e9e des nationalismes et l&rsquo;omnipr\u00e9sence de la r\u00e9flexion sur les \u00ab\u00a0races\u00a0\u00bb (r\u00e9flexion que l&rsquo;on retrouve dans le <em>Contre Sainte-Beuve<\/em>). Dans une lettre \u00e0 son ami Robert de Montesquiou qui a tenu devant lui des propos antis\u00e9mites, il \u00e9crit en 1896 : \u00ab\u00a0Si je suis catholique comme mon p\u00e8re et mon fr\u00e8re, par contre ma m\u00e8re est juive\u00a0\u00bb.\u00a0 Au moment o\u00f9 \u00e9clate l&rsquo;Affaire Dreyfus (1894-1906), il s&rsquo;engage avec son fr\u00e8re aux c\u00f4t\u00e9s des dreyfusards, s&rsquo;opposant ainsi \u00e0 son p\u00e8re qui penche du c\u00f4t\u00e9 des anti-dreyfusards. L&rsquo;Affaire est cit\u00e9e 250 fois dans l&rsquo;oeuvre,\u00a0 principalement dans <em>le c\u00f4t\u00e9 de Guermantes 1<\/em> et dans<em> Sodome et Gomorrhe<\/em>. Des personnages importants se r\u00e9partissent en deux camps : Saint-Loup, les Verdurin et leurs habitu\u00e9s, Swann sont dreyfusards, le p\u00e8re du Narrateur, Albertine, Charlus, le duc et la duchesse de Guermantes sont anti-dreyfusards. Ces opinions peuvent \u00e9voluer au cours des romans. Par exemple les Guermantes et Saint-Loup changent de camp. Proust \u00e0 la suite du texte de Zola \u00ab\u00a0J&rsquo;accuse\u00a0\u00bb signe des p\u00e9titions dans le journal<\/p>\n<div id=\"attachment_2744\" style=\"width: 243px\" class=\"wp-caption alignright\"><a href=\"https:\/\/maclarema.fr\/blog\/wp-content\/uploads\/2022\/06\/67389.jpg\"><img loading=\"lazy\" decoding=\"async\" aria-describedby=\"caption-attachment-2744\" class=\"size-medium wp-image-2744\" src=\"https:\/\/maclarema.fr\/blog\/wp-content\/uploads\/2022\/06\/67389-233x300.jpg\" alt=\"\" width=\"233\" height=\"300\" srcset=\"https:\/\/maclarema.fr\/blog\/wp-content\/uploads\/2022\/06\/67389-233x300.jpg 233w, https:\/\/maclarema.fr\/blog\/wp-content\/uploads\/2022\/06\/67389-797x1024.jpg 797w, https:\/\/maclarema.fr\/blog\/wp-content\/uploads\/2022\/06\/67389-768x987.jpg 768w, https:\/\/maclarema.fr\/blog\/wp-content\/uploads\/2022\/06\/67389-1195x1536.jpg 1195w, https:\/\/maclarema.fr\/blog\/wp-content\/uploads\/2022\/06\/67389.jpg 1244w\" sizes=\"auto, (max-width: 233px) 100vw, 233px\" \/><\/a><p id=\"caption-attachment-2744\" class=\"wp-caption-text\">Maurice Feuillet<br \/>Zola \u00e0 son proc\u00e8s en 1898<\/p><\/div>\n<p>l&rsquo;Aurore, suit le proc\u00e8s de Zola en 1898\u00a0 &#8211; dont il parle dans le roman <em>Jean Santeuil<\/em>&#8211; et le proc\u00e8s en r\u00e9vision de Dreyfus en 1899 \u00e0 Rennes. Ce qui lui vaut d&rsquo;appara\u00eetre dans une liste d&rsquo;intellectuels juifs \u00ab\u00a0dits Dreyfus\u00a0\u00bb dans la Libre Parole, journal antis\u00e9mite de Drumont. Il correspond avec Joseph Reinach*, avocat de la cause. Un tableau de l&rsquo;exposition symbolise cet \u00e9pisode, <em>La V\u00e9rit\u00e9 sortant du puits<\/em>, de L\u00e9on G\u00e9r\u00f4me (1896). Ou des dessins de presse de Maurice Feuillet.<\/p>\n<p><strong>Dans <em>A la Recherche du temps perdu<\/em><\/strong> les allusions au Juda\u00efsme, \u00e0 la jud\u00e9it\u00e9, aux Juifs et \u00e0 l&rsquo;antis\u00e9mitisme ne font pas d\u00e9faut mais restent assez \u00e9nigmatiques, posant plus de questions qu&rsquo;elles n&rsquo;en r\u00e9solvent, tant le Narrateur, sorte de double de l&rsquo;auteur, se positionne en observateur ironique de la soci\u00e9t\u00e9 mondaine qu&rsquo;il d\u00e9crit. C&rsquo;est comme s&rsquo;il explorait indirectement ses origines. Plusieurs personnages sont d\u00e9sign\u00e9s comme Juifs, Charles Swann, l&rsquo;esth\u00e8te, inspir\u00e9 par Charles Haas, Albert Bloch l&rsquo;\u00e9crivain, Nissim Bernard, Rachel, prostitu\u00e9e puis actrice, ma\u00eetresse de l&rsquo;ami du narrateur, Robert de Saint-Loup. Swann est un personnage important, dandy fortun\u00e9 qui fr\u00e9quente la haute aristocratie fran\u00e7aise. Le Narrateur admire beaucoup cet homme plus \u00e2g\u00e9 que lui. Au d\u00e9but Swann semble avoir oubli\u00e9 ses origines lui qui fr\u00e9quente m\u00eame des personnages antis\u00e9mites. Mais ensuite, il devient un dreyfusard fanatique \u00ab\u00a0ex\u00e9crant les pers\u00e9cutions et rentrant au bercail de ses p\u00e8res\u00a0\u00bb. L&rsquo;ami du Narrateur, Albert Bloch, inspir\u00e9 par le banquier de gauche Horace Finaly, a des origines modestes de parents venus d&rsquo;Europe de l&rsquo;Est. Il n&rsquo;a de cesse de grimper les \u00e9chelons sociaux, jusqu&rsquo;\u00e0 renier ses origines en gommant les traits \u00ab\u00a0juifs\u00a0\u00bb de son visage et en se faisant appeler Jacques du Rozier, nom sous lequel il devient un \u00e9crivain \u00e0 succ\u00e8s. Son oncle Nissim Bernard, inspir\u00e9 par Mo\u00efse de Camondo, est courtis\u00e9 pour sa richesse. Vantard et menteur, il entretient, \u00e0 Balbec, des relations \u00ab\u00a0coupables\u00a0\u00bb avec des gar\u00e7ons du peuple. Rachel, la prostitu\u00e9e devenue actrice, est la ma\u00eetresse volage de Saint-Loup passionn\u00e9ment \u00e9pris d&rsquo;elle. Elle entre en r\u00e9sonnance avec l&rsquo;op\u00e9ra <em>La Juive<\/em> de Fromental Hal\u00e9vy (1835). Esther L\u00e9vy, cousine de Bloch, est soup\u00e7onn\u00e9e par le Narrateur de coucher avec Albertine, la femme qu&rsquo;il aime. Que pense le Narrateur de ces personnages? Qui approuve-t-l? Qui condamne-t-il? Leur jud\u00e9it\u00e9 est souvent v\u00e9cue comme une mal\u00e9diction, ils sont de \u00ab\u00a0la race maudite\u00a0\u00bb (<em>Contre Sainte-Beuve<\/em>). Le Juif doit sans cesse se faire accepter. <strong>Il se vit<\/strong> comme un \u00e9tranger, <strong>un paria<\/strong>, au m\u00eame titre que l&rsquo;homosexuel (\u00ab\u00a0la race des tantes\u00a0\u00bb dans <em>Contre Sainte-Beuve<\/em>) ou l&rsquo;asthmatique. Swann \u00e9tait assimil\u00e9, et sa jud\u00e9it\u00e9 lui revient en boomerang au moment de l&rsquo;Affaire Dreyfus. Sa fille Gilberte qui a \u00e9pous\u00e9 Saint-Loup, m\u00e9prise ses origines juives en pronon\u00e7ant mal le nom de son p\u00e8re, dans <em>Le Temps<\/em> <em>retrouv\u00e9<\/em> (S<strong>v<\/strong>ann au lieu de S<strong>w<\/strong>ann). Bloch veut totalement s&rsquo;assimiler alors que ses parents cherchaient \u00e0 se d\u00e9marquer en parlant le yiddish. Il faut, dit l&rsquo;auteur, trouver un juste milieu entre le Swann \u00ab\u00a0rejuda\u00efs\u00e9\u00a0\u00bb et Bloch, s&rsquo;en tenir \u00e0 un juda\u00efsme moderne empreint \u00ab\u00a0d&rsquo;un esprit juif intelligemment cultiv\u00e9\u00a0\u00bb. Une culture en harmonie avec la culture bourgeoise fran\u00e7aise du d\u00e9but du XX\u00e8 si\u00e8cle. Le Juif doit <strong>s&rsquo;int\u00e9grer sans se renier<\/strong>. En cela l&rsquo;\u00e9crivain reste fid\u00e8le aux id\u00e9es de sa famille maternelle.<\/p>\n<p>Bien s\u00fbr <strong>ce positionnement est \u00e9loign\u00e9 du mouvement sioniste<\/strong> qui se d\u00e9veloppe en Europe de l&rsquo;Est et en Allemagne \u00e0 partir du Congr\u00e8s de B\u00e2le en 1897, initi\u00e9 par Theodor Herzl. En France, alors que les Juifs ont atteint un tr\u00e8s haut degr\u00e9 d&rsquo;int\u00e9gration, l&rsquo;Affaire r\u00e9active les peurs, ce qui nourrit le mouvement sioniste jusque dans les ann\u00e9es 1920. Et ce sont paradoxalement des revues sionistes comme M\u00e9norah, Palestine, la Revue litt\u00e9raire juive, ou encore la Revue juive du romancier suisse Albert Cohen, qui vont publier des cours, des articles sur l&rsquo;oeuvre de Proust, des fac simil\u00e9s de manuscrits ou des traductions de <em>la Recherche<\/em> dont une en h\u00e9breu. Et en 1923 para\u00eet \u00e0 Londres dans The Jewish Chronicle une n\u00e9crologie de Proust en forme d&rsquo;hommage, r\u00e9dig\u00e9e par l&rsquo;\u00e9crivain sioniste Andr\u00e9 Spire qui, avec d&rsquo;autres sionistes enthousiastes, font de lui un h\u00e9ros de la \u00ab\u00a0Renaissance juive\u00a0\u00bb parce qu&rsquo;ils appr\u00e9cient le refus d&rsquo;assimilation exprim\u00e9 par le romancier. Curieuse destin\u00e9e de <span style=\"font-size: 16px; background-color: #ffffff;\">l&rsquo;oeuvre! L&rsquo;exposition de quelques manuscrits rapproch\u00e9s de facs simil\u00e9s du Talmud permet de constater une certaine similitude de structure entre les deux \u00e9crits. Pure hypoth\u00e8se d&rsquo;\u00e9cole mais s\u00e9duisante, au sujet d&rsquo;un \u00e9crivain qui se voulait pourtant \u00e9loign\u00e9 de tout sentiment religieux.<\/span><\/p>\n<div id=\"attachment_2734\" style=\"width: 310px\" class=\"wp-caption alignright\"><a href=\"https:\/\/maclarema.fr\/blog\/wp-content\/uploads\/2022\/06\/epreuve_proust-manuscrit.jpg\"><img loading=\"lazy\" decoding=\"async\" aria-describedby=\"caption-attachment-2734\" class=\"size-medium wp-image-2734\" src=\"https:\/\/maclarema.fr\/blog\/wp-content\/uploads\/2022\/06\/epreuve_proust-manuscrit-300x193.jpg\" alt=\"\" width=\"300\" height=\"193\" srcset=\"https:\/\/maclarema.fr\/blog\/wp-content\/uploads\/2022\/06\/epreuve_proust-manuscrit-300x193.jpg 300w, https:\/\/maclarema.fr\/blog\/wp-content\/uploads\/2022\/06\/epreuve_proust-manuscrit.jpg 644w\" sizes=\"auto, (max-width: 300px) 100vw, 300px\" \/><\/a><p id=\"caption-attachment-2734\" class=\"wp-caption-text\">Manuscrit de A l&rsquo;ombre des jeunes filles en fleur<\/p><\/div>\n<p>Antoine Compagnon, dans le livre qu&rsquo;il vient de publier, <em>Proust du c\u00f4t\u00e9 juif<\/em> (Gallimard 2022) rend compte des difficult\u00e9s que l&rsquo;on \u00e9prouve \u00e0 appr\u00e9hender la question de la jud\u00e9it\u00e9 chez Proust. Les \u00e9l\u00e9ments biographiques, les masques derri\u00e8re lesquels le Narrateur se cache, troublent et laissent parfois sans r\u00e9ponse. L&rsquo;\u00e9crivain est photographi\u00e9 sur son lit de mort, ce qui est contraire \u00e0 la religion juive, et il sera enterr\u00e9 selon le rite catholique. Proust a donc de multiples facettes, dont celles d&rsquo;\u00eatre \u00e9crivain <strong>et<\/strong> juif, mais, pour l&rsquo;essayiste, Proust n&rsquo;est en aucun cas un Juif honteux. C&rsquo;est un homme de son temps, repr\u00e9sentant incontestable de l&rsquo;homme isra\u00e9lite \u00e9mancip\u00e9 et bien int\u00e9gr\u00e9 \u00e0 la bourgeoisie fran\u00e7aise. Il vit la jud\u00e9it\u00e9 h\u00e9rit\u00e9e de sa m\u00e8re, comme elle, sans ostentation ni secret. Mais contrevenant \u00e0 sa nature d&rsquo;homme en retrait qui observe \u00e0 distance, il a \u00e9t\u00e9 capable de s&rsquo;engager nettement et courageusement lors de l&rsquo;Affaire Dreyfus, aux c\u00f4t\u00e9s de Zola, de Bernard Lazare ou de Joseph Reinach. Quelque chose a d\u00fb se jouer l\u00e0 pour lui, au plus profond de son \u00eatre. C&rsquo;est cette part \u00e9nigmatique de sa personnalit\u00e9 qui m&rsquo;interroge le plus.<\/p>\n<p><strong>SOURCES<\/strong><\/p>\n<p><strong>Exposition<\/strong> au MAHJ\u00a0 71 rue du Temple\u00a0 75003 Paris<\/p>\n<p><em><strong>A la recherche du temps perdu<\/strong><\/em> : oeuvre en 7 volumes<\/p>\n<p><strong>Correspondance<\/strong> de Proust et de sa m\u00e8re (10\/18)<\/p>\n<p><strong>Site Akadem<\/strong> : <a href=\"https:\/\/akadem.org\/magazine\/magazine-culturel-2020-2021\/le-premier-kaddish-de-proust\/45573.php\">Le premier kaddish de Proust<\/a> (avec A.Compagnon et J-Y Tadi\u00e9)<\/p>\n<p><a href=\"https:\/\/akadem.org\/magazine\/magazine-culturel-2021-2022\/proust-du-cote-de-la-mere\/46198.php\">Proust du c\u00f4t\u00e9 de la m\u00e8re<\/a> (avec Isabelle Cahn)<\/p>\n<p><a href=\"https:\/\/akadem.org\/sommaire\/colloques\/juifs-de-france-heritages-identites-et-perspectives\/le-judaisme-de-marcel-proust-18-08-2006-6736_4114.php\">Le Juda\u00efsme de Marcel Proust<\/a> (avec Juliette Hassine)<\/p>\n<p><strong>MAHJ<\/strong> : <a href=\"https:\/\/www.youtube.com\/watch?v=IEWSzdemklM\">Proust du c\u00f4t\u00e9 juif<\/a> (avec Antoine Compagnon)<\/p>\n<p><strong>NOTES<\/strong><\/p>\n<p><strong>Adolphe Cr\u00e9mieux (1796-1880)<\/strong> : avocat, homme politique, arri\u00e8re grand-oncle de Proust. ministre de la Justice sous la seconde R\u00e9publique en 1848. Il fait abolir en 1848 le \u00ab\u00a0more judaico\u00a0\u00bb,\u00a0 protocole discriminant impos\u00e9 aux Juifs dans les cours de justice europ\u00e9ennes. Il est d\u00e9put\u00e9 sous le second Empire. Sous la troisi\u00e8me R\u00e9publique, il est ministre de la Justice \u00e0 nouveau puis d\u00e9put\u00e9 du d\u00e9partement d&rsquo;Alger. Il fait voter un d\u00e9cret donnant la citoyennet\u00e9 fran\u00e7aise aux 37 000 Alg\u00e9riens juifs.<\/p>\n<p><strong>John Ruskin<\/strong> (1819-1900) : \u00e9crivain, po\u00e8te et critique d&rsquo;art anglais qui a enseign\u00e9 les beaux-arts. Proust et sa m\u00e8re ont traduit sa <em>Bible d&rsquo;Amiens<\/em> (1904) et <em>S\u00e9same et les Lys<\/em> (1906).<\/p>\n<p><strong>Consistoire<\/strong> : institution qui organise le culte juif.<\/p>\n<p><strong>Mohel<\/strong> : circonciseur<\/p>\n<p><strong>Joseph Reinach (1856-1921)<\/strong> : journaliste, homme politique et avocat juif. Chef de cabinet de Gambetta (1881-82) puis d\u00e9put\u00e9 de 1883 \u00e0 1898 et de 1906 \u00e0 1914. Co-cr\u00e9ateur de la Ligue des droits de l&rsquo;homme et du citoyen. Ardent d\u00e9fenseur de Dreyfus.<\/p>\n<p><strong>Pour compl\u00e9ter<\/strong><\/p>\n<p><strong>Films :<\/strong><\/p>\n<p>Volker Schl\u00f6ndorff\u00a0 <em>Un amour de Sawann<\/em> (1984)<\/p>\n<p>Raul Ruiz\u00a0 <em>Le Temps retrouv\u00e9<\/em> (1999)<\/p>\n<p>Nina Campaneez\u00a0 <em>A la recherche du temps perdu<\/em> (2011)<\/p>\n<p><strong>Adaptation th\u00e9\u00e2trale<\/strong><\/p>\n<p><em>Le c\u00f4t\u00e9 de Guermantes<\/em> par Christophe Honor\u00e9 \u00e0 la Com\u00e9die Fran\u00e7aise (2020)<\/p>\n<p>&nbsp;<\/p>\n","protected":false},"excerpt":{"rendered":"<p>A l&rsquo;occasion du centenaire de la mort de Marcel Proust (1871-1922) le MAHJ propose une exposition in\u00e9dite centr\u00e9e sur la jud\u00e9it\u00e9 de l&rsquo;\u00e9crivain, riche de plus de 150 documents. Elle donne \u00e0 r\u00e9fl\u00e9chir sur l&rsquo;attitude complexe de Proust face \u00e0 &hellip; <a href=\"https:\/\/maclarema.fr\/blog\/lexposition-proust-du-cote-de-la-mere-au-musee-dart-et-dhistoire-du-judaisme-de-paris-jusquau-28-aout\/\">Continuer la lecture <span class=\"meta-nav\">&rarr;<\/span><\/a><\/p>\n","protected":false},"author":1,"featured_media":0,"comment_status":"open","ping_status":"open","sticky":false,"template":"","format":"standard","meta":{"footnotes":""},"categories":[6,69],"tags":[70,61,30,55],"class_list":["post-2712","post","type-post","status-publish","format-standard","hentry","category-culture","category-histoire","tag-communaute","tag-exposition","tag-identite","tag-roman"],"_links":{"self":[{"href":"https:\/\/maclarema.fr\/blog\/wp-json\/wp\/v2\/posts\/2712","targetHints":{"allow":["GET"]}}],"collection":[{"href":"https:\/\/maclarema.fr\/blog\/wp-json\/wp\/v2\/posts"}],"about":[{"href":"https:\/\/maclarema.fr\/blog\/wp-json\/wp\/v2\/types\/post"}],"author":[{"embeddable":true,"href":"https:\/\/maclarema.fr\/blog\/wp-json\/wp\/v2\/users\/1"}],"replies":[{"embeddable":true,"href":"https:\/\/maclarema.fr\/blog\/wp-json\/wp\/v2\/comments?post=2712"}],"version-history":[{"count":38,"href":"https:\/\/maclarema.fr\/blog\/wp-json\/wp\/v2\/posts\/2712\/revisions"}],"predecessor-version":[{"id":2758,"href":"https:\/\/maclarema.fr\/blog\/wp-json\/wp\/v2\/posts\/2712\/revisions\/2758"}],"wp:attachment":[{"href":"https:\/\/maclarema.fr\/blog\/wp-json\/wp\/v2\/media?parent=2712"}],"wp:term":[{"taxonomy":"category","embeddable":true,"href":"https:\/\/maclarema.fr\/blog\/wp-json\/wp\/v2\/categories?post=2712"},{"taxonomy":"post_tag","embeddable":true,"href":"https:\/\/maclarema.fr\/blog\/wp-json\/wp\/v2\/tags?post=2712"}],"curies":[{"name":"wp","href":"https:\/\/api.w.org\/{rel}","templated":true}]}}