{"id":2846,"date":"2022-12-31T01:31:54","date_gmt":"2022-12-31T00:31:54","guid":{"rendered":"https:\/\/maclarema.fr\/blog\/?p=2846"},"modified":"2023-01-04T22:44:21","modified_gmt":"2023-01-04T21:44:21","slug":"la-revolution-culturelle-nazie","status":"publish","type":"post","link":"https:\/\/maclarema.fr\/blog\/la-revolution-culturelle-nazie\/","title":{"rendered":"La r\u00e9volution culturelle nazie"},"content":{"rendered":"<p>C&rsquo;est le titre d&rsquo;un ouvrage, paru en 2017, de Johann Chapoutot. <a href=\"https:\/\/maclarema.fr\/blog\/wp-content\/uploads\/2022\/12\/ChapototRevol.png\"><img loading=\"lazy\" decoding=\"async\" class=\"size-medium wp-image-2848 alignleft\" src=\"https:\/\/maclarema.fr\/blog\/wp-content\/uploads\/2022\/12\/ChapototRevol-203x300.png\" alt=\"\" width=\"203\" height=\"300\" srcset=\"https:\/\/maclarema.fr\/blog\/wp-content\/uploads\/2022\/12\/ChapototRevol-203x300.png 203w, https:\/\/maclarema.fr\/blog\/wp-content\/uploads\/2022\/12\/ChapototRevol.png 343w\" sizes=\"auto, (max-width: 203px) 100vw, 203px\" \/><\/a>Le nazisme, nous dit-il, fut d&rsquo;abord un projet de r\u00e9volution culturelle, celui d&rsquo;un retour circulaire aux origines vouant au feu tout ce qui est \u00e9tranger \u00e0 la race, c&rsquo;est \u00e0 dire universaliste, pacifiste, humaniste. Pour les Nazis, c&rsquo;est en sortant de cet h\u00e9ritage jud\u00e9o-chr\u00e9tien d\u00e9bilitant que la race germanique sortira d&rsquo;une longue histoire de malheur. La \u00ab <i>loi du sang<\/i>\u00a0\u00bb commande la contention, la domination, ou l&rsquo;\u00e9limination des autres races. Sous la conduite du F\u00fchrer, le Reich nazi porte une promesse r\u00e9demptrice de paix et de prosp\u00e9rit\u00e9 pour la race germanique\u00a0.<\/p>\n<p>Dans le contexte pr\u00e9cis de l&rsquo;apr\u00e8s 1\u00e8re guerre mondiale, cette r\u00e9volution culturelle promise a r\u00e9ussi \u00e0 convaincre en Allemagne des millions d&rsquo;hommes et de femmes que des projets monstrueux \u00e9taient l\u00e9gitimes, qu&rsquo;ils n&rsquo;\u00e9taient pas criminels mais conformes aux lois de la nature. Ce projet nazi, qui se voulait appuy\u00e9 sur la science, a \u00e9t\u00e9 accompagn\u00e9 et soutenu par des \u00e9lites intellectuelles, des professionnels de toutes cat\u00e9gories, arch\u00e9ologues, philosophes, historiens, biologistes, ing\u00e9nieurs, juristes, chimistes, m\u00e9decins \u2026 A partir des ann\u00e9es 20, et jusqu&rsquo;\u00e0 la fin de la guerre, les exemples de collaborations sont nombreux dans tous les domaines.<!--more--><\/p>\n<p><b>Ainsi, d<\/b><b>es <\/b><b>professeurs <\/b><b>d&rsquo;universit\u00e9, <\/b><b>antiquistes,<\/b><b> <\/b><b>philosophes, <\/b><b>h\u00e9ll\u00e9nistes<\/b> distingu\u00e9s, tr\u00e8s nombreux et cit\u00e9s dans le livre, s&#8217;emploient \u00e0 montrer, au prix d&rsquo;une certaine torsion de l&rsquo;histoire,<a href=\"https:\/\/maclarema.fr\/blog\/wp-content\/uploads\/2022\/12\/AchillePatrocle.jpg\"><img loading=\"lazy\" decoding=\"async\" class=\"size-medium wp-image-2855 alignright\" src=\"https:\/\/maclarema.fr\/blog\/wp-content\/uploads\/2022\/12\/AchillePatrocle-300x296.jpg\" alt=\"\" width=\"300\" height=\"296\" srcset=\"https:\/\/maclarema.fr\/blog\/wp-content\/uploads\/2022\/12\/AchillePatrocle-300x296.jpg 300w, https:\/\/maclarema.fr\/blog\/wp-content\/uploads\/2022\/12\/AchillePatrocle-1024x1011.jpg 1024w, https:\/\/maclarema.fr\/blog\/wp-content\/uploads\/2022\/12\/AchillePatrocle-768x758.jpg 768w, https:\/\/maclarema.fr\/blog\/wp-content\/uploads\/2022\/12\/AchillePatrocle-1536x1517.jpg 1536w, https:\/\/maclarema.fr\/blog\/wp-content\/uploads\/2022\/12\/AchillePatrocle.jpg 1674w\" sizes=\"auto, (max-width: 300px) 100vw, 300px\" \/><\/a> que <strong>les premiers habitants de la Gr\u00e8ce antique \u00e9taient des Nordistes<\/strong> (*1), et que <b>l<\/b>a philosophie grecque est \u00ab<i>une des cr\u00e9ations spirituelles les plus importantes qui soit issue du sol, de la race et du peuple ind<\/i><i>o<\/i><i>-germanique, c&rsquo;est-\u00e0-dire nordique<\/i> \u00bb.\u00a0 Des professeurs de grec ou de latin, des manuels scolaires, n&rsquo;h\u00e9sitent pas \u00e0 pr\u00e9senter <b>Platon<\/b> comme une figure de la r\u00e9sistance nordique \u00e0 la d\u00e9cadence raciale, intellectuelle et morale de la cit\u00e9 ath\u00e9nienne et du monde grec, et finalement comme un pr\u00e9curseur du nazisme(*2).<br \/>\nLe monde grec aurait ensuite \u00e9t\u00e9 perverti par les doctrines sto\u00efciennes dues au m\u00e9lange des races venues d&rsquo;Asie Mineure.<br \/>\nLe monde romain n&rsquo;\u00e9chappe pas \u00e0 cette subtile distinction\u00a0: Pour Hans Gunther, raciologue en chef du parti nazi, la R\u00e9publique nordique des origines, celle des Vieux-Romains, strictement hi\u00e9rarchique et in\u00e9galitaire, a \u00e9t\u00e9 mise \u00e0 mal par \u00ab\u00a0l&rsquo;individualisme\u00a0\u00bb et la \u00ab\u00a0citoyennet\u00e9 cosmopolite\u00a0\u00bb.<\/p>\n<p><b>Les juristes <\/b>n&rsquo;ont pas \u00e9t\u00e9 en reste pour promouvoir un nouveau droit\u00a0: l&rsquo;article 19 du progamme nazi de 1920 proclame \u00ab<i>\u00a0Nous exigeons la substitution d&rsquo;un d<\/i><i>r<\/i><i>oit allemand de la communaut\u00e9 au droit romain, solidaire d&rsquo;une vision mat\u00e9rialiste du monde\u00a0\u00bb <\/i>qualifi\u00e9e plus loin<i> (<\/i><i>art. 24<\/i><i>)<\/i><i> \u00ab\u00a0<\/i><i>d&rsquo;<\/i><i>esprit jud\u00e9o-mat\u00e9rialiste<\/i>\u00a0\u00bb.<br \/>\nL&rsquo;int\u00e9r\u00eat du droit romain, en usage en Allemagne depuis le XVe si\u00e8cle, n&rsquo;\u00e9chappant pas aux juristes les plus consciencieux, certains, avec des historiens de l&rsquo;antiquit\u00e9 romaine, vont tenter d&rsquo;en sauvegarder une partie en diff\u00e9renciant la tradition juridique romaine de sa perversion ult\u00e9rieure par des juristes romains d&rsquo;origine- \u00ab\u00a0<i>ph\u00e9niciano-s\u00e9mitiques<\/i>\u00a0\u00bb qui ont \u00ab\u00a0<i>orientalis\u00e9<\/i>\u00a0\u00bb le droit romain. Le droit romain des origines serait un droit nordique-germanique parce qu&rsquo;il aurait \u00e9t\u00e9 cr\u00e9\u00e9 par les premi\u00e8res populations romaines d&rsquo;origine nordique.<br \/>\nCes efforts n&rsquo;aboutiront pas\u00a0: les id\u00e9ologues nazis persistent \u00e0 rejeter le droit romain comme \u00ab\u00a0droit jud\u00e9o-lib\u00e9ral\u00a0\u00bb, droit post-r\u00e9volutionnaire, individualiste, destructeur de la communaut\u00e9 organique de <i>Volkstum <\/i><i>(*3)<\/i><i>.<\/i><i> \u00ab\u00a0<\/i><i>L<\/i><i>e droit romain, <\/i><i>produit d&rsquo;une race et d&rsquo;un sang particuliuer,<\/i><i> est fond\u00e9 sur l&rsquo;individu, et non sur la communaut\u00e9, principe du droit germanique, <\/i><i>produit<\/i><i> de la race allemande et circonscrit \u00e0 cette race\u00a0\u00bb. <\/i><\/p>\n<p>L&rsquo;\u00e9lite intellectuelle universitaire et l&rsquo;\u00e9lite fonctionnelle des juristes technocrates du r\u00e9gime nazi vont donc s&rsquo;atteler \u00e0 la r\u00e9daction d&rsquo;un \u00ab\u00a0<i><b>droit germain<\/b><\/i><b>\u00a0<\/b>\u00bb, fond\u00e9 sur\u00a0 la \u00ab\u00a0<i>communaut\u00e9<\/i><i> <\/i><i>du peuple<\/i>\u00a0\u00bb permettant la refondation communautaire-biologique de la race nordique.<br \/>\nDans cet objectif, il faut <b>efface<\/b><b>r<\/b><b> <\/b><b>1<\/b><b>789 de l&rsquo;histoire allemande <\/b>(*4).<\/p>\n<div id=\"attachment_2858\" style=\"width: 247px\" class=\"wp-caption alignleft\"><a href=\"https:\/\/maclarema.fr\/blog\/wp-content\/uploads\/2022\/12\/Droits1789-scaled.jpg\"><img loading=\"lazy\" decoding=\"async\" aria-describedby=\"caption-attachment-2858\" class=\"size-medium wp-image-2858\" src=\"https:\/\/maclarema.fr\/blog\/wp-content\/uploads\/2022\/12\/Droits1789-237x300.jpg\" alt=\"\" width=\"237\" height=\"300\" srcset=\"https:\/\/maclarema.fr\/blog\/wp-content\/uploads\/2022\/12\/Droits1789-237x300.jpg 237w, https:\/\/maclarema.fr\/blog\/wp-content\/uploads\/2022\/12\/Droits1789-808x1024.jpg 808w, https:\/\/maclarema.fr\/blog\/wp-content\/uploads\/2022\/12\/Droits1789-768x974.jpg 768w, https:\/\/maclarema.fr\/blog\/wp-content\/uploads\/2022\/12\/Droits1789-1212x1536.jpg 1212w, https:\/\/maclarema.fr\/blog\/wp-content\/uploads\/2022\/12\/Droits1789-1616x2048.jpg 1616w, https:\/\/maclarema.fr\/blog\/wp-content\/uploads\/2022\/12\/Droits1789-scaled.jpg 2019w\" sizes=\"auto, (max-width: 237px) 100vw, 237px\" \/><\/a><p id=\"caption-attachment-2858\" class=\"wp-caption-text\">Jean-Jacques-Fran\u00e7ois Le Barbier (dit l&rsquo;A\u00een\u00e9, attribu\u00e9 \u00e0, 1738-1826). \u00ab\u00a0D\u00e9claration des droits de l&rsquo;homme et du citoyen. Huile sur bois. Paris, mus\u00e9e Carnavalet.<\/p><\/div>\n<p>Ce sont les termes d&rsquo;un discours prononc\u00e9 le 1er avril 1933 par Goebbels, qui clame \u00ab<i>\u00a0nous avons effac\u00e9 l&rsquo;ann\u00e9e 1789 de l&rsquo;histoire allemande<\/i>\u00a0\u00bb.Contre la formule r\u00e9volutionnaire \u00ab\u00a0<i>libert\u00e9, \u00e9galit\u00e9, fraternit\u00e9\u00a0<\/i>\u00bb\u00a0, tous les arguments sont bons, ceux de la science en particulier\u00a0; d&rsquo;abord, pour <b>la libert\u00e9<\/b>\u00a0: l&rsquo;homme n&rsquo;est pas libre, un individu est soumis aux lois de la nature, au d\u00e9terminisme social\u00a0; il d\u00e9pend totalement de sa communaut\u00e9 qui lui pr\u00e9existe. Contre les fantasmes et les illusions d&rsquo;un individu libre, il faut remettre le monde \u00e0 l&rsquo;endroit et voir que la seule r\u00e9alit\u00e9 qui soit est la r\u00e9alit\u00e9 biologique de la \u00ab\u00a0<i>communaut\u00e9 du peuple<\/i> \u00bb. Le slogan nazi sera celui-ci\u00a0: \u00ab\u00a0<i>Tu n&rsquo;es rien, ton peuple est tou<\/i>t\u00a0\u00bb.<br \/>\n<b>L<\/b><b>&lsquo;<\/b><b>\u00e9galit\u00e9<\/b> est aussi honnie par les Nazis, battue en br\u00e8che par l&rsquo;av\u00e8nement du racisme comme \u00ab\u00a0science\u00a0\u00bb au XIXe si\u00e8cle. L&rsquo;in\u00e9galit\u00e9 entre les races est vue comme une \u00e9vidence, nourrie du point de vue naturaliste. Il n&rsquo;y a pas d&rsquo;universalit\u00e9 du genre humain, les diff\u00e9rentes \u00ab\u00a0races\u00a0\u00bb sont hi\u00e9rarchis\u00e9es et, m\u00eame au sein de la \u00ab\u00a0bonne race\u00a0\u00bb, seuls les performants m\u00e9ritent de vivre.<br \/>\nQuant \u00e0 la <b>fraternit\u00e9<\/b>, elle est forc\u00e9ment circonscrite aux seuls productifs de \u00ab\u00a0bonne race\u00a0\u00bb.<br \/>\nLes valeurs r\u00e9volutionnaires ainsi vilipend\u00e9es, le champ est libre pour \u00e9noncer que \u00ab\u00a0t<i>out ce qui porte visage humain n&rsquo;est pas homme<\/i>\u00a0\u00bb, le droit et la morale ne peuvent \u00eatre universels, ils sont propres \u00e0 la race qui les a s\u00e9cr\u00e9t\u00e9s. Le juriste allemand Hans Frank peut ainsi \u00e9noncer\u00a0;<strong>\u00ab\u00a0<i>Le droit, c&rsquo;est ce qui sert le peuple allemand<\/i>\u00a0\u00bb<\/strong>. Et le peuple allemand, pour les Nazis,<i> <\/i>n&rsquo;est pas une collection d&rsquo;individus discutant librement, mais une arm\u00e9e unie derri\u00e8re la seule id\u00e9e qui s&rsquo;imposait, celle dict\u00e9e par la biologie et la \u00ab\u00a0science des races\u00a0\u00bb.<\/p>\n<p><b>Le retour \u00e0 l&rsquo;origine, <\/b>vieux fond de l&rsquo;id\u00e9ologie nazie, va inspirer de nombreux juristes et id\u00e9ologues. Les Germains des origines n&rsquo;ayant pas laiss\u00e9 de textes \u00e9crits, l&rsquo;antiquit\u00e9 grecque et romaine peut servir de r\u00e9f\u00e9rence, puisque, des \u00e9rudits l&rsquo;affirment, les Grecs et les Romains sont \u00e0 l&rsquo;origine des Germains.<br \/>\nAu nom d&rsquo;une communaut\u00e9 de race et d&rsquo;une continuit\u00e9 historique, il est loisible d&rsquo;induire du pass\u00e9 des maximes pour le temps pr\u00e9sent : l&rsquo;homme germain antique vit nu et libre de son corps et de sa sexualit\u00e9, loin des normes chr\u00e9tiennes. La procr\u00e9ation germanique naturelle est heureuse, polygamique et eug\u00e9nique. Elle constitue un imp\u00e9ratif moral pour les membres de la \u00a0race nordique\u00a0. L&rsquo;\u00e9limination des enfants faibles se justifie \u00e0 la fois par la r\u00e9f\u00e9rence antique (chez les Spartiates) et par l&rsquo;argument \u00ab\u00a0scientifique\u00a0\u00bb de la viabilit\u00e9 de la race.<\/p>\n<p><b>La guerre des races est la substance m\u00eame de l&rsquo;Histoire<\/b>. La race des Germains a \u00e9t\u00e9 d\u00e9natur\u00e9e par le christianisme, qui lui a fait perdre la guerre en 1918 ; pour combattre, il faut se d\u00e9livrer de ses normes et se souvenir que les Dix Commandements des Juifs ont \u00e9t\u00e9 l&rsquo;instrument par lequel l&#8217;empire romain a \u00e9t\u00e9 mis \u00e0 bas (*5).<\/p>\n<div id=\"attachment_2860\" style=\"width: 310px\" class=\"wp-caption alignright\"><a href=\"https:\/\/maclarema.fr\/blog\/wp-content\/uploads\/2022\/12\/EsclavesRome.jpg\"><img loading=\"lazy\" decoding=\"async\" aria-describedby=\"caption-attachment-2860\" class=\"size-medium wp-image-2860\" src=\"https:\/\/maclarema.fr\/blog\/wp-content\/uploads\/2022\/12\/EsclavesRome-300x200.jpg\" alt=\"\" width=\"300\" height=\"200\" srcset=\"https:\/\/maclarema.fr\/blog\/wp-content\/uploads\/2022\/12\/EsclavesRome-300x200.jpg 300w, https:\/\/maclarema.fr\/blog\/wp-content\/uploads\/2022\/12\/EsclavesRome-1024x683.jpg 1024w, https:\/\/maclarema.fr\/blog\/wp-content\/uploads\/2022\/12\/EsclavesRome-768x512.jpg 768w, https:\/\/maclarema.fr\/blog\/wp-content\/uploads\/2022\/12\/EsclavesRome-1536x1024.jpg 1536w, https:\/\/maclarema.fr\/blog\/wp-content\/uploads\/2022\/12\/EsclavesRome.jpg 1752w\" sizes=\"auto, (max-width: 300px) 100vw, 300px\" \/><\/a><p id=\"caption-attachment-2860\" class=\"wp-caption-text\">soldat romain tirant deux esclaves encha\u00eenes<\/p><\/div>\n<p>Sur ce mod\u00e8le antique, valid\u00e9 par d&rsquo;\u00e9minents universitaires, Hitler va pouvoir affirmer, dans les jours qui pr\u00e9c\u00e8dent le d\u00e9clenchement de la guerre en Pologne, que la conqu\u00eate d&rsquo;un territoire passe par l&rsquo;extermination \u00ab\u00a0<i>sans h\u00e9sitation ni piti\u00e9 de tout homme, <\/i><i>f<\/i><i>emme et enfant&#8230;<\/i>\u00a0\u00bb.<br \/>\nIl n&rsquo;y a pas de genre humain<b>, <\/b>il n&rsquo;y a que des races luttant pour leur espace vital, et <b>l<\/b><b>&lsquo;<\/b><b>in\u00e9galit\u00e9 des races <\/b><b>sera le principe fondamental du <\/b><b>grand empire germanique. <\/b>En r\u00e9f\u00e9rence\u00a0: <b>l<\/b>&lsquo;esclavage antique ou l&rsquo;asservissement des Hilotes par les Spartiates. Les Juifs devront dispara\u00eetre et les Slaves, et autres races inf\u00e9rieures, seront r\u00e9duits en esclavage\u00a0.<br \/>\nHimmler d\u00e9clare en 1942\u00a0: \u00ab<i>\u00a0<\/i><i>il faudra remplir nos camps avec des esclaves, \u2026. avec <\/i><i>\u00a0des serfs qui construiront nos villes, nos villages et nos fermes, sans que nous nous soucions des pertes, quelles qu&rsquo;elles soient.\u00a0<\/i>\u00bb.<\/p>\n<p><b>D&rsquo;o\u00f9 vient le droit\u00a0?<br \/>\n<\/b>Le caract\u00e8re antique ne suffit pas pour fonder le droit. D&rsquo;o\u00f9 viendra le droit germain\u00a0?<br \/>\nLes juristes nazis r\u00e9futent tous les discours fondant le droit sur la Raison humaine ou sur des commandements transcendants, le droit est enracin\u00e9 dans les m\u0153urs du peuple, dans la race des Germains. Il faut r\u00e9habiliter l&rsquo;affect, le \u00ab\u00a0bon sens\u00a0\u00bb, \u00ab\u00a0l&rsquo;instinct\u00a0\u00bb, la \u00ab\u00a0juste col\u00e8re\u00a0\u00bb\u00a0; le droit ne sert pas \u00e0 prot\u00e9ger les \u00ab\u00a0personnes\u00a0\u00bb, l&rsquo;individu\u00a0; <b>le droit, c&rsquo;est ce qui sert la race germanique<\/b>, la communaut\u00e9 du peuple. C&rsquo;est le droit de la nature, le droit du plus fort, qui assure la survie et consacre la supr\u00e9matie de l&rsquo;homme nordique..<\/p>\n<p>C&rsquo;est une r\u00e9volution culturelle qui bouleverse les rapports humains et les normes de vie en soci\u00e9t\u00e9, c&rsquo;est une vision du monde qui autorisera toutes les pr\u00e9dations et exactions commises au b\u00e9n\u00e9fice de la communaut\u00e9 (et non de l&rsquo;individu) \u00e0 partir de 1939 dans les territoires conquis.<br \/>\nUne telle conception de la vie et du droit d\u00e9termine une situation juridique en fonction de la race, mais aussi du sexe. Le sexe, qui d\u00e9termine le r\u00f4le dans la procr\u00e9ation et dans l&rsquo;entretien de la famille, d\u00e9finit une fonction sociale, et donc les droits et les devoirs li\u00e9s \u00e0 cette fonction.<\/p>\n<p><b>Contre \u00ab\u00a0l<i>&lsquo;extinction biologique du peuple allemand<\/i>\u00a0\u00bb<br \/>\n<\/b>Une brochure parue en 1934 intitul\u00e9e \u00ab\u00a0<i>peuple en p\u00e9ril<\/i>\u00a0\u00bb alertait d\u00e9j\u00e0 sur les risques d&rsquo;une Allemagne, moribonde, min\u00e9e par la croissance exponentielle des d\u00e9g\u00e9n\u00e9r\u00e9s, des asociaux et des rat\u00e9s. Contre \u00ab<em>\u00a0l&rsquo;extinction biologique du peuple allemand\u00a0<\/em>\u00bb, l&rsquo;Allemagne nazie va assassiner massivement les malades mentaux, les malades incurables, les opposants politiques \u2026 .<\/p>\n<p><b>Faire des enfants pour perp\u00e9tuer la race et faire la guerre<br \/>\n<\/b>Le premier imp\u00e9ratif moral qui s&rsquo;impose \u00e0 tout Allemand de bonne race est de procr\u00e9er, et toutes sortes de mesures, suppos\u00e9es \u00eatre en accord avec la libre vie des anciens Germains, sont \u00e9labor\u00e9es pour favoriser la natalit\u00e9, appuy\u00e9es sur des avis scientifiques.<br \/>\nLa lutte contre l&rsquo;avortement, l&rsquo;homosexualit\u00e9 et le travail des femmes s&rsquo;accompagne de dispositifs natalistes (allocations&#8230;) et de sanctions fiscales et p\u00e9nales frappant l&rsquo;absence de f\u00e9condit\u00e9. Les personnes \u00e2g\u00e9es \u00ab\u00a0<i>n&rsquo;ont de droit \u00e0 l&rsquo;assistance<\/i>\u00a0\u00bb que si \u00ab\u00a0<i>elles ont contribu\u00e9 \u00e0 la fertilit\u00e9 allemande\u00a0<\/i>\u00bb.<\/p>\n<div id=\"attachment_2856\" style=\"width: 230px\" class=\"wp-caption alignleft\"><a href=\"https:\/\/maclarema.fr\/blog\/wp-content\/uploads\/2022\/12\/lebensborn-scaled.jpg\"><img loading=\"lazy\" decoding=\"async\" aria-describedby=\"caption-attachment-2856\" class=\"wp-image-2856 size-medium\" src=\"https:\/\/maclarema.fr\/blog\/wp-content\/uploads\/2022\/12\/lebensborn-220x300.jpg\" alt=\"\" width=\"220\" height=\"300\" srcset=\"https:\/\/maclarema.fr\/blog\/wp-content\/uploads\/2022\/12\/lebensborn-220x300.jpg 220w, https:\/\/maclarema.fr\/blog\/wp-content\/uploads\/2022\/12\/lebensborn-750x1024.jpg 750w, https:\/\/maclarema.fr\/blog\/wp-content\/uploads\/2022\/12\/lebensborn-768x1048.jpg 768w, https:\/\/maclarema.fr\/blog\/wp-content\/uploads\/2022\/12\/lebensborn-1126x1536.jpg 1126w, https:\/\/maclarema.fr\/blog\/wp-content\/uploads\/2022\/12\/lebensborn-1501x2048.jpg 1501w, https:\/\/maclarema.fr\/blog\/wp-content\/uploads\/2022\/12\/lebensborn-scaled.jpg 1876w\" sizes=\"auto, (max-width: 220px) 100vw, 220px\" \/><\/a><p id=\"caption-attachment-2856\" class=\"wp-caption-text\">Lebensborn<\/p><\/div>\n<p>La nature \u00e9tant la seule instance l\u00e9gislatrice, l<b>&lsquo;institution du mariage est remise en cause<\/b>, dans ses cons\u00e9quences juridiques et dans son principe. Cela concerne le statut des enfants ill\u00e9gitimes (n\u00e9s hors mariage), les conditions d&rsquo;exercice du droit de divorce et la norme monogamique elle-m\u00eame.<br \/>\nDu point de vue d\u00e9mographique aussi bien que racial, il est inconcevable de fl\u00e9trir des \u00ab filles-m\u00e8res \u00bb qui apportent des enfants \u00e0 l&rsquo;Allemagne. C&rsquo;est dans cette perspective qu&rsquo;Himmler\u00ab <i>r\u00e9\u00e9value les valeurs<\/i>\u00a0\u00bb et cr\u00e9e en 1936 l&rsquo;association <b>\u00ab\u00a0Fontaine de vie\u00a0\u00bb (Lebensborn)<\/b> qui accueille les \u00ab\u00a0filles-m\u00e8res\u00a0\u00bb de \u00ab\u00a0bonne race\u00a0\u00bb. Le droit allemand doit \u00eatre r\u00e9volutionnaire (au sens originel du terme) et revenir \u00e0 la proximit\u00e9 germanique avec la nature. (troubles aspects \u00ab\u00a0\u00e9mancipateurs\u00a0\u00bbn*6)<\/p>\n<p>Les raciologues et juristes nazis r\u00e9examinent aussi les <b>conditions de dissolution du mariage. <\/b>La seule fin du mariage \u00e9tant la procr\u00e9ation, il faut assouplir la l\u00e9gislation du divorce pour permettre la s\u00e9paration des couples infertiles. C&rsquo;est l&rsquo;objet de la loi de 1937 portant r\u00e9forme du mariage, justifi\u00e9e par des arguments biologiques. La pr\u00e9vention prophylactique des mariages est assur\u00e9e par des lois de 1933 et 1935 interdisant l&rsquo;union et la reproduction d&rsquo;\u00e9l\u00e9ments sains avec des Juifs ou avec des \u00e9l\u00e9ments \u00e0 l&rsquo;h\u00e9r\u00e9dit\u00e9 g\u00e2t\u00e9e.<\/p>\n<p><b>Abolir la monogamie ? <\/b>Le mariage \u00e9tant ainsi \u00e9branl\u00e9, la voie est ouverte \u00e0 la contestation du principe monogamique lui-m\u00eame. D\u00e8s 1931, Himmler a soumis tout mariage d&rsquo;un membre de la SS \u00e0 l&rsquo;approbation de <em>l&rsquo;Office central de la race et de la colonisation<\/em> pour s&rsquo;assurer de l&rsquo;appartenance raciale de la promise. En octobre 1939, anticipant sur les pertes humaines de la guerre, il ordonne aux soldats de la Waffen SS d&rsquo;engrosser au plus vite leurs \u00e9pouses\u00a0; ceux qui ne sont pas mari\u00e9s devront f\u00e9conder toute femme allemande disponible. Les enfants issus du \u00ab\u00a0devoir sacr\u00e9\u00a0\u00bb de cette sexualit\u00e9 militante seront sous tutelle SS pris en charge dans les <em>Lebensborn<\/em>. Bient\u00f4t, devant les terribles pertes en hommes occasionn\u00e9es par les combats, le principe de polygamie est clairement \u00e9voqu\u00e9 au plus haut niveau de la hi\u00e9rarchie nazie.<\/p>\n<p>Johann Chapoutot d\u00e9veloppe aussi de mani\u00e8re pr\u00e9cise et document\u00e9e les arguments juridiques nouveaux \u00e9labor\u00e9s pour justifier<b> la conqu\u00eate de l&rsquo;espace vital et la colonisation\u00a0.<br \/>\n<\/b>La race est un arbre qui plonge ses racines dans le sol, ce que r\u00e9sume le slogan <i>Blut und Boden<\/i>, (sang et sol). \u00ab\u00a0<i>La paysannerie est source de vie de la race nordique<\/i>\u00a0\u00bb, \u00ab<i>\u00a0le sang jai<\/i><i>llit <\/i><i>des fermes<\/i>\u00a0\u00bb<br \/>\nLe <i>Volk ohne Raum<\/i> (peuple sans espace) est une obsession des nationalistes racistes. Le<em> <b>Lebensraum<\/b><\/em>, l&rsquo;espace vital, th\u00e8me dominant de la g\u00e9opolitique nazie, est emprunt\u00e9 aux sciences naturelles\u00a0: Le biotope de la musaraigne va servir de mod\u00e8le en g\u00e9opolitique pour justifier la colonisation. D\u00e8s 1920, l&rsquo;<i>O<\/i><i>ffice de la race et de la colonisation<\/i>, cr\u00e9\u00e9 par le parti nazi et dirig\u00e9 par l&rsquo;agronome raciste Richard Darr\u00e9\u00a0, \u00e9tablit, vers l&rsquo;est, des plans de conqu\u00eate, de colonisation agricole et l&rsquo;installation de populations germaniques. Les Slaves seront asservis ou d\u00e9cim\u00e9s par la famine, les Juifs appel\u00e9s \u00e0 dispara\u00eetre du territoire.<\/p>\n<p>Pour entrainer l&rsquo;adh\u00e9sion massive de la population allemande, le minist\u00e8re de la propagande, d\u00e8s le d\u00e9but des ann\u00e9es 30, enr\u00f4le le cin\u00e9ma. Des films, des com\u00e9dies, des documentaires vont diffuser , sous des formes plus ou moins explicites, ou de mani\u00e8re subliminale, les th\u00e8mes fondamentaux du nazisme et particuli\u00e8rement celui de la <b>contamination\u00a0. <\/b>Ce th\u00e8me, habilement associ\u00e9 aux n\u00e9cessit\u00e9s de <b>d\u00e9sinfection et d&rsquo;\u00e9radication <\/b>conduira au <b> traitement de la question juive.<\/b><\/p>\n<p>L&rsquo;attaque de la Pologne en septembre 1939 s&rsquo;accompagne de mises en garde sanitaires effrayantes\u00a0: les populations slaves et juives de l&rsquo;Est vivent dans la salet\u00e9, la vermine et un bain de microbes auxquels les Allemands ne sont pas adapt\u00e9s. Des m\u00e9decins s&#8217;empressent de souscrire aux mesures de parquage frappant les populations juives, \u00ab\u00a0<i>le Juif \u00e9tant quasiment le seul vecteur de l&rsquo;\u00e9pid\u00e9mie<\/i> \u00bb . Dans un discours du 24 avril 1941 Himmler proclame : \u00ab<i>L&rsquo;antis\u00e9mitisme est une question de d\u00e9sinfection&#8230;..<\/i><i>Nous serons bient\u00f4t d\u00e9barrass\u00e9s de nos poux&#8230;.<\/i>\u00a0\u00bb . La m\u00e9taphore, l&rsquo;accent mis sur les moyens, permettent d&rsquo;occulter qu&rsquo;il ne s&rsquo;agit pas de poux, mais d&rsquo;humains.<\/p>\n<p><b>Conclusion<br \/>\n<\/b>Que cette vision monstrueuse des rapports humains ait \u00e9t\u00e9 non seulement pl\u00e9biscit\u00e9e par des millions de gens \u00e9duqu\u00e9s, mais nourrie et soutenue par tant d&rsquo;hommes cultiv\u00e9s, juristes, universitaires reconnus, scientifiques, m\u00e9decins&#8230; interroge. Comment comprendre une telle c\u00e9cit\u00e9 \u00e0 l&rsquo;horreur ? On est frapp\u00e9 par le nombre d&rsquo;historiens souscrivant \u00e0 un usage anachronique de l&rsquo;Antiquit\u00e9 pr\u00e9tendant faire d\u00e9pendre la soci\u00e9t\u00e9 contemporaine de normes archa\u00efques, comme si l&rsquo;histoire \u00e9tait immobile ; par la pr\u00e9sence importante d&rsquo;ing\u00e9nieurs et de techniciens agronomes dans les rangs nazis, jusqu&rsquo;au sommet de la hi\u00e9rarchie, pour qui c&rsquo;est bien le sol qui donne naissance au sang.<\/p>\n<p>Dans toutes les circonstances, la mise en pratiques des conceptions nazies trouvera dans les \u00e9lites scientifiques et techniques et chez les cadres administratifs, comme Eichmann, des organisateurs sans \u00e9tat d&rsquo;\u00e2me. Il ne s&rsquo;agit pas, comme a voulu de le faire croire Eichmann, d&rsquo;hommes \u00e9gar\u00e9s par le principe d&rsquo;ob\u00e9issance, mais d&rsquo;id\u00e9ologues conscients, nazis convaincus, humili\u00e9s par la d\u00e9faite, r\u00eavant de revanche et baignant depuis longtemps dans le mouvement allemand <em><span style=\"font-size: medium;\">v\u00f6lkisch <\/span><\/em><span style=\"font-size: medium;\"><b>(*7)<\/b><\/span><span style=\"font-size: medium;\"><b>,<\/b><\/span> qui ravivait un mythique\u00a0 et glorieux pass\u00e9 germanique.<span style=\"font-size: medium;\">\u00a0<\/span><\/p>\n<p><span style=\"font-size: medium;\">P<\/span>our Johann Chapoutot, il ne faut pas croire que le nazisme est un accident de l&rsquo;histoire auquel nous serions compl\u00e8tement \u00e9trangers. Car, \u00e9crit -il, pour les id\u00e9ologues nazis, \u00ab <i>il \u00e9tait loisible de puiser dans un r\u00e9pertoire d&rsquo;id\u00e9es et d&rsquo;actions dont la somme, certes, \u00e9tait exceptionnelle, mais qui, prises une par une, appartenait \u00e0 un corpus assez banal de la culture occidentale<\/i><i>\u00a0: l<\/i><i>&lsquo;<\/i><i>\u00a0exploitation de l&rsquo;allog\u00e8ne, la colonisation, le racisme, l&rsquo;antis\u00e9mitisme, <\/i><i>l&rsquo;imp\u00e9rialisme, le recours \u00e0 la violence militaire&#8230;\u00a0<\/i>\u00bb.<br \/>\nEn lisant \u00ab\u00a0<i>L<\/i><i>a r\u00e9volution culturelle nazie<\/i> \u00bb, &#8211; il faut lire le livre, ce compte-rendu reste forc\u00e9ment sommaire &#8211; \u00a0 on assiste, presqu&rsquo;incr\u00e9dule, \u00e0 la construction syst\u00e9matique, dans un ensemble coh\u00e9rent et finalement monstrueux, de valeurs conservatrices r\u00e9actionnaires port\u00e9es, non par des brutes ignares, mais par une bonne partie de l&rsquo;\u00e9lite culturelle et scientifique du pays.<br \/>\nCes id\u00e9es, diss\u00e9min\u00e9es sous diverses formes, port\u00e9es avec bonne conscience, \u00e9taient l\u00e0 avant, et elles sont encore l\u00e0 apr\u00e8s. Nous voil\u00e0 pr\u00e9venus.<\/p>\n<p><b><span style=\"font-size: large;\">Notes<\/span><\/b><\/p>\n<p><span style=\"font-size: medium;\">(*1) \u00ab\u00a0<i>La philosophie grecque est \u00ab\u00a0une des cr\u00e9ations spirituelles les plus importantes qui soient issues du sol de la race et du peuple indo-germanique, c&rsquo;est-\u00e0-dire nordique<\/i> \u00bb in Philosophisches Worterbuch de Schmidt (1943), dictionnaire de r\u00e9f\u00e9rence des \u00e9tudiants allemands. <\/span><span style=\"font-size: medium;\">Parmi d&rsquo;autres, l&rsquo;historien de la philosophie Oskar Becker confirme que \u00ab<i>\u00a0La philosophie grecque est la philosophie d&rsquo;un peuple qui nous est apparent\u00e9 par la race<\/i>\u00a0\u00bb\u00a0<\/span><\/p>\n<p><span style=\"font-size: medium;\">(*2) Ainsi, d\u00e8s 1928, dans l&rsquo;opuscule \u00ab\u00a0L&rsquo;Etat et la race\u00a0\u00bb, le platonnicien Kurt Hildebrandt donne Platon en exemple de politique raciste accomplie. Pour l&rsquo;historien de la philosophe Hans Heyse, qui consacre, en 1933, son discours d&rsquo;investiture rectorale \u00e0 \u00ab\u00a0<em>l&rsquo;id\u00e9e de science et l&rsquo;Universit\u00e9 allemande\u00a0<\/em>\u00bb, Platon est un mod\u00e8le \u00e0 suivre pour tout combattant de l&rsquo;id\u00e9e nationale-socialiste. <\/span><\/p>\n<p><span style=\"font-size: medium;\">(\u00a0*3) <i>Volkstum<\/i>, rassemblement de tous les hommes de m\u00eame langue, de m\u00eame culture. <\/span><\/p>\n<p><span style=\"font-size: small;\"><span style=\"font-size: medium;\">(*<\/span><span style=\"font-size: medium;\">4<\/span><span style=\"font-size: medium;\">) <\/span><span style=\"font-size: medium;\">Sur l&rsquo;importance de 1789 en Allemagne, <\/span><span style=\"font-size: medium;\">V<\/span><span style=\"font-size: medium;\">oir <\/span><span style=\"font-size: medium;\">aussi<\/span><span style=\"font-size: medium;\">\u00a0: Hans-J\u00fcrgen L\u00f9sebrink, Rolf Reichard,t <\/span><span style=\"font-size: medium;\"><i>L&rsquo;\u00e9cho de 1789 en Allemagne<\/i><\/span><span style=\"font-size: medium;\"> [article] in\u00a0: <\/span><span style=\"font-size: medium;\"><i>Dix-Huiti\u00e8me Si\u00e8cle<\/i><\/span><span style=\"font-size: medium;\"> Ann\u00e9e 1988, 20 pp. 259-276 Sur Pers\u00e9e &lt;<a href=\"https:\/\/www.persee.fr\/doc\/dhs_0070-6760_1988_num_20_1_2871\">https:\/\/www.persee.fr\/doc\/dhs_0070-6760_1988_num_20_1_2871<\/a>&gt;<\/span><\/span><\/p>\n<p><span style=\"font-size: medium;\">(*5) Pour ces arguments d\u00e9velopp\u00e9s par Hitler et repris par Himmler, Johann Chapoutot se r\u00e9f\u00e8re \u00e0 Hermann Rauschning, <i>Gesprache mit Hitler, New York, Europa<\/i><i>&#8211;<\/i><i>Verlag<\/i>, 1940. chap IV, pp 48-58<\/span><\/p>\n<p><span style=\"font-size: medium;\">(*6) Un documentaire r\u00e9alise par Johann Chapoutot et Christian Delage montre les aspects contradictoires gla\u00e7ants de cette politique. \u00ab<em>\u00a0C\u2019est quelque chose de tr\u00e8s troublant de voir que le IIIe Reich n\u2019\u00e9tait pas que r\u00e9pression et coercition, mais qu\u2019il \u00e9tait aussi quelque chose de d\u00e9sirable et d\u2019attractif pour les jeunes membres dits de la communaut\u00e9 du peuple, dont les filles<\/em>\u00a0\u00bb, explique Johann Chapoutot.<br \/>\nIn Le Monde, 25 mai 202, <a href=\"https:\/\/www.lemonde.fr\/culture\/article\/2021\/05\/25\/les-femmes-dans-le-projet-nazi-sur-histoire-tv-pour-le-meilleur-et-surtout-pour-le-pire_6081434_3246.html\"><em>Les femmes dans le projet nazi<\/em>.<\/a><\/span><\/p>\n<p><span style=\"font-size: medium;\">(*7) <i>Mouvement v\u00f6lkisch<\/i>, courant intellctuel et politique, apparu en Allemagne \u00e0 la fin du XIXe\u00a0si\u00e8cle et au d\u00e9but du XXe\u00a0si\u00e8cle dont l\u2019\u00e9l\u00e9ment commun est le projet de donner \u00e0 l\u2019ensemble des Allemands une religion pa\u00efenne, en g\u00e9n\u00e9ral le paganisme germanique.<br \/>\n<\/span><span style=\"font-size: medium;\">Cf <\/span><span style=\"font-size: medium;\">Wikipedia <\/span><span style=\"font-size: medium;\">&lt;<a href=\"https:\/\/fr.wikipedia.org\/wiki\/Mouvement_v\u00f6lkisch\">https:\/\/fr.wikipedia.org\/wiki\/Mouvement_v%C3%B6lkisch<\/a>&gt;<\/span><\/p>\n","protected":false},"excerpt":{"rendered":"<p>C&rsquo;est le titre d&rsquo;un ouvrage, paru en 2017, de Johann Chapoutot. Le nazisme, nous dit-il, fut d&rsquo;abord un projet de r\u00e9volution culturelle, celui d&rsquo;un retour circulaire aux origines vouant au feu tout ce qui est \u00e9tranger \u00e0 la race, c&rsquo;est &hellip; <a href=\"https:\/\/maclarema.fr\/blog\/la-revolution-culturelle-nazie\/\">Continuer la lecture <span class=\"meta-nav\">&rarr;<\/span><\/a><\/p>\n","protected":false},"author":2,"featured_media":0,"comment_status":"open","ping_status":"open","sticky":false,"template":"","format":"standard","meta":{"footnotes":""},"categories":[5,69],"tags":[],"class_list":["post-2846","post","type-post","status-publish","format-standard","hentry","category-antisemitisme","category-histoire"],"_links":{"self":[{"href":"https:\/\/maclarema.fr\/blog\/wp-json\/wp\/v2\/posts\/2846","targetHints":{"allow":["GET"]}}],"collection":[{"href":"https:\/\/maclarema.fr\/blog\/wp-json\/wp\/v2\/posts"}],"about":[{"href":"https:\/\/maclarema.fr\/blog\/wp-json\/wp\/v2\/types\/post"}],"author":[{"embeddable":true,"href":"https:\/\/maclarema.fr\/blog\/wp-json\/wp\/v2\/users\/2"}],"replies":[{"embeddable":true,"href":"https:\/\/maclarema.fr\/blog\/wp-json\/wp\/v2\/comments?post=2846"}],"version-history":[{"count":19,"href":"https:\/\/maclarema.fr\/blog\/wp-json\/wp\/v2\/posts\/2846\/revisions"}],"predecessor-version":[{"id":2899,"href":"https:\/\/maclarema.fr\/blog\/wp-json\/wp\/v2\/posts\/2846\/revisions\/2899"}],"wp:attachment":[{"href":"https:\/\/maclarema.fr\/blog\/wp-json\/wp\/v2\/media?parent=2846"}],"wp:term":[{"taxonomy":"category","embeddable":true,"href":"https:\/\/maclarema.fr\/blog\/wp-json\/wp\/v2\/categories?post=2846"},{"taxonomy":"post_tag","embeddable":true,"href":"https:\/\/maclarema.fr\/blog\/wp-json\/wp\/v2\/tags?post=2846"}],"curies":[{"name":"wp","href":"https:\/\/api.w.org\/{rel}","templated":true}]}}