{"id":2926,"date":"2023-03-13T09:18:25","date_gmt":"2023-03-13T08:18:25","guid":{"rendered":"https:\/\/maclarema.fr\/blog\/?p=2926"},"modified":"2023-03-13T09:18:25","modified_gmt":"2023-03-13T08:18:25","slug":"les-juifs-ditalie-1-de-lempire-romain-a-1492","status":"publish","type":"post","link":"https:\/\/maclarema.fr\/blog\/les-juifs-ditalie-1-de-lempire-romain-a-1492\/","title":{"rendered":"Les Juifs d&rsquo;Italie (1) : de l&rsquo;Empire romain \u00e0 1492"},"content":{"rendered":"<p>On pense g\u00e9n\u00e9ralement que les Juifs italiens constitueraient un cas particulier dans la diaspora juive caract\u00e9ris\u00e9 par une int\u00e9gration relativement harmonieuse \u00e0 la soci\u00e9t\u00e9 qui les entoure, dans une continuit\u00e9 qui \u00e9tonne dans l&rsquo;histoire tourment\u00e9e juive. Mais une<\/p>\n<div id=\"attachment_3012\" style=\"width: 271px\" class=\"wp-caption alignright\"><a href=\"https:\/\/maclarema.fr\/blog\/wp-content\/uploads\/2023\/02\/Synagogue_Cod._Rossian._555-1.jpg\"><img loading=\"lazy\" decoding=\"async\" aria-describedby=\"caption-attachment-3012\" class=\"size-medium wp-image-3012\" src=\"https:\/\/maclarema.fr\/blog\/wp-content\/uploads\/2023\/02\/Synagogue_Cod._Rossian._555-1-261x300.jpg\" alt=\"\" width=\"261\" height=\"300\" srcset=\"https:\/\/maclarema.fr\/blog\/wp-content\/uploads\/2023\/02\/Synagogue_Cod._Rossian._555-1-261x300.jpg 261w, https:\/\/maclarema.fr\/blog\/wp-content\/uploads\/2023\/02\/Synagogue_Cod._Rossian._555-1-768x883.jpg 768w, https:\/\/maclarema.fr\/blog\/wp-content\/uploads\/2023\/02\/Synagogue_Cod._Rossian._555-1.jpg 800w\" sizes=\"auto, (max-width: 261px) 100vw, 261px\" \/><\/a><p id=\"caption-attachment-3012\" class=\"wp-caption-text\">Dans une synagogue v\u00e9nitienne \u00e0 l&rsquo;\u00e8re m\u00e9di\u00e9vale<\/p><\/div>\n<p>continuit\u00e9 faite de d\u00e9placements, de migrations, de brassages. C&rsquo;est pourquoi ils ont une histoire tr\u00e8s complexe en d\u00e9pit de leur nombre restreint (jusqu&rsquo;\u00e0 50 000 personnes au maximum dans la P\u00e9ninsule), du fait d&rsquo;une part <strong>de leurs origines tr\u00e8s diverses<\/strong> (Italiens d&rsquo;origine appel\u00e9s Italkim ou Bene Roma, Ashk\u00e9nazes venus d&rsquo;Allemagne, de France ou d&rsquo;Angleterre, S\u00e9pharades venus d&rsquo;Espagne, Romaniotes* des Balkans et de Gr\u00e8ce), d&rsquo;autre part <strong>du morcellement de<\/strong> <strong>la P\u00e9ninsule<\/strong> (jusqu&rsquo;au Risorgimento* en 1871) o\u00f9 leur sort est conditionn\u00e9 au le pouvoir local et aux invasions (Papes, rois, princes, ducs, R\u00e9publiques), enfin <strong>de l&#8217;empire<\/strong> <strong>colonial italien<\/strong> (Lybie, Dalmatie, Rhodes) et de <strong>la pr\u00e9sence de nombreux Italiens en<\/strong> <strong>Tunisie<\/strong>.<!--more--><\/p>\n<p><strong>1 de l&rsquo;Antiquit\u00e9 jusqu&rsquo;en 476\u00a0 \u00a0<\/strong><\/p>\n<div id=\"attachment_3004\" style=\"width: 310px\" class=\"wp-caption alignleft\"><a href=\"https:\/\/maclarema.fr\/blog\/wp-content\/uploads\/2023\/02\/Via_Appia_Jewish_Catacombs_2-420x315-1.jpg\"><img loading=\"lazy\" decoding=\"async\" aria-describedby=\"caption-attachment-3004\" class=\"size-medium wp-image-3004\" src=\"https:\/\/maclarema.fr\/blog\/wp-content\/uploads\/2023\/02\/Via_Appia_Jewish_Catacombs_2-420x315-1-300x225.jpg\" alt=\"\" width=\"300\" height=\"225\" srcset=\"https:\/\/maclarema.fr\/blog\/wp-content\/uploads\/2023\/02\/Via_Appia_Jewish_Catacombs_2-420x315-1-300x225.jpg 300w, https:\/\/maclarema.fr\/blog\/wp-content\/uploads\/2023\/02\/Via_Appia_Jewish_Catacombs_2-420x315-1.jpg 420w\" sizes=\"auto, (max-width: 300px) 100vw, 300px\" \/><\/a><p id=\"caption-attachment-3004\" class=\"wp-caption-text\">Catacombe juive via Appia \u00e0 Rome<\/p><\/div>\n<p>La pr\u00e9sence de la plus ancienne communaut\u00e9 juive occidentale est <strong>ant\u00e9rieure \u00e0 -139<\/strong> date \u00e0 laquelle des Juifs d&rsquo;Alexandrie \u00e9tablis \u00e0 Rome sont expuls\u00e9s pour pros\u00e9lytisme. Au premier si\u00e8cle avant JC, le g\u00e9n\u00e9ral Pomp\u00e9e soumet la Jud\u00e9e lors de la guerre de 63-62, en ram\u00e8ne de nombreux prisonniers juifs \u00e0 Rome qu&rsquo;il lib\u00e8re aussit\u00f4t. La communaut\u00e9 s&rsquo;agrandit. De fa\u00e7on g\u00e9n\u00e9rale les 30 \u00e0 40 000 Juifs install\u00e9s en Italie (surtout \u00e0 Rome) jouissent d&rsquo;<strong>un statut de<\/strong> <strong>citoyen romain,<\/strong> renforc\u00e9 ou affaibli selon les Empereurs jusqu&rsquo;\u00e0 la conversion au Christianisme de Constantin au IV\u00e8 si\u00e8cle ap.JC. Durant plus de trois si\u00e8cles ils observent librement leur culte, construisent de nombreuses synagogues (12 \u00e0 Rome). Ils parlent le grec ou l&rsquo;aram\u00e9en. Certains sont des n\u00e9gociants et des artisans prosp\u00e8res, mais beaucoup sont pauvres.\u00a0 M\u00eame si Vespasien et son fils Titus,<\/p>\n<div id=\"attachment_3005\" style=\"width: 310px\" class=\"wp-caption alignright\"><a href=\"https:\/\/maclarema.fr\/blog\/wp-content\/uploads\/2023\/02\/latin_2_0.jpg\"><img loading=\"lazy\" decoding=\"async\" aria-describedby=\"caption-attachment-3005\" class=\"size-medium wp-image-3005\" src=\"https:\/\/maclarema.fr\/blog\/wp-content\/uploads\/2023\/02\/latin_2_0-300x292.jpg\" alt=\"\" width=\"300\" height=\"292\" srcset=\"https:\/\/maclarema.fr\/blog\/wp-content\/uploads\/2023\/02\/latin_2_0-300x292.jpg 300w, https:\/\/maclarema.fr\/blog\/wp-content\/uploads\/2023\/02\/latin_2_0.jpg 640w\" sizes=\"auto, (max-width: 300px) 100vw, 300px\" \/><\/a><p id=\"caption-attachment-3005\" class=\"wp-caption-text\">D\u00e9tail de l&rsquo;Arc de triomphe de Titus 81 ap.JC<\/p><\/div>\n<p>qui ont vaincu la Jud\u00e9e (guerre de 66-73), imposent un imp\u00f4t, le \u00ab\u00a0fiscus juda\u00efcus\u00a0\u00bb, m\u00eame si plus tard Hadrien (76-138) interdit la circoncision et d\u00e9cide de construire une colonie romaine \u00e0 J\u00e9rusalem en \u00e9difiant un temple de Jupiter \u00e0 la place de l&rsquo;ancien Temple des Juifs, provoquant <strong>la r\u00e9volte de Bar Kokhba (132<\/strong>&#8211;<strong>135)*<\/strong>,\u00a0 m\u00eame si de nombreux intellectuels romains comme Cic\u00e9ron (1er si\u00e8cle av JC), S\u00e9n\u00e8que ou Tacite (1er si\u00e8cle ap JC) leur sont hostiles, les Juifs sont assez bien int\u00e9gr\u00e9s et provoquent m\u00eame des conversions de Romains (par exemple celle de Popp\u00e9e, \u00e9pouse de N\u00e9ron). Dans l&rsquo;ensemble les Romains de l&rsquo;Antiquit\u00e9 sont relativement indiff\u00e9rents aux Juifs, ils se \u00ab\u00a0contentent\u00a0\u00bb de pr\u00e9jug\u00e9s \u00e0 propos de la religion : shabbat associ\u00e9 \u00e0 l&rsquo;oisivet\u00e9, circoncision \u00e0 la castration etc.<br \/>\nCependant, du r\u00e8gne de Constantin (272-337) qui se convertit au Christianisme, jusqu&rsquo;\u00e0 la chute de l&rsquo;Empire romain d&rsquo;occident (476), les Juifs sont de plus en plus marginalis\u00e9s. Ils ont une relative autonomie administrative mais sont exclus des charges publiques et interdits de mariage mixte. Etablis au d\u00e9part dans le nord de l&rsquo;Italie, \u00e0 Rome surtout, ils investissent quelques villes du sud et de la Sicile.<\/p>\n<p><strong>2 Au Moyen \u00c2ge (476-1492)<\/strong><\/p>\n<p>Les Juifs italiens habitent principalement de grandes villes du Nord, Rome, Milan, Ravenne. Entre les V\u00e8 et X\u00e8 si\u00e8cles ils s&rsquo;\u00e9tablissent aussi dans des ports comme Trani, Bari ou Otranto dans les Pouilles. Inversement <strong>des rabbins de Lucques en Toscane se rendent en Rh\u00e9nanie<\/strong> \u00e0 la demande de Charlemagne (VIII\u00e8 si\u00e8cle) et <strong>cr\u00e9ent les<\/strong> <strong>premi\u00e8res communaut\u00e9s ashk\u00e9nazes<\/strong>, rejoignant ceux qui d\u00e8s 321 \u00e9taient partis de Rome vers la Germanie, une colonie romaine.<br \/>\nDes Juifs romaniotes venus des Balkans et de Gr\u00e8ce se fixent en V\u00e9n\u00e9tie au XI\u00e8 si\u00e8cle, attir\u00e9s par l&rsquo;enseignement rabbinique.<br \/>\nEntre les XI\u00e8 et XIII\u00e8 si\u00e8cles beaucoup prosp\u00e8rent dans le commerce de la soie dans le Sud et en Sicile.<br \/>\nAu XIV\u00e8 si\u00e8cle, <strong>des Juifs rh\u00e9nans affluent en V\u00e9n\u00e9tie,<\/strong> pouss\u00e9s par la pr\u00e9carit\u00e9 cons\u00e9cutive \u00e0 la peste de 1348 et attir\u00e9s par des perspectives \u00e9conomiques. Ils apportent avec eux leur mode de vie plus rude et leur langue, le yiddish. D&rsquo;autres venus du sud de l&rsquo;Italie se rendent dans les m\u00eames r\u00e9gions du Nord. Beaucoup deviennent, par un contrat avec la ville d&rsquo;exercice, <strong>\u00ab\u00a0la condotta\u00a0\u00bb<\/strong>, banquiers ou<\/p>\n<div id=\"attachment_3022\" style=\"width: 310px\" class=\"wp-caption alignnone\"><a href=\"https:\/\/maclarema.fr\/blog\/wp-content\/uploads\/2023\/02\/Paolo_Uccello_062-1.jpg\"><img loading=\"lazy\" decoding=\"async\" aria-describedby=\"caption-attachment-3022\" class=\"size-medium wp-image-3022\" src=\"https:\/\/maclarema.fr\/blog\/wp-content\/uploads\/2023\/02\/Paolo_Uccello_062-1-300x172.jpg\" alt=\"\" width=\"300\" height=\"172\" srcset=\"https:\/\/maclarema.fr\/blog\/wp-content\/uploads\/2023\/02\/Paolo_Uccello_062-1-300x172.jpg 300w, https:\/\/maclarema.fr\/blog\/wp-content\/uploads\/2023\/02\/Paolo_Uccello_062-1-1024x588.jpg 1024w, https:\/\/maclarema.fr\/blog\/wp-content\/uploads\/2023\/02\/Paolo_Uccello_062-1-768x441.jpg 768w, https:\/\/maclarema.fr\/blog\/wp-content\/uploads\/2023\/02\/Paolo_Uccello_062-1-1536x881.jpg 1536w, https:\/\/maclarema.fr\/blog\/wp-content\/uploads\/2023\/02\/Paolo_Uccello_062-1.jpg 2048w\" sizes=\"auto, (max-width: 300px) 100vw, 300px\" \/><\/a><p id=\"caption-attachment-3022\" class=\"wp-caption-text\">Paolo Ucello<br \/>Pr\u00e9delle de la profanation de l&rsquo;hostie tableau 1 (1465-70)<br \/>Une femme \u00e9change une hostie contre de l&rsquo;argent d&rsquo;un usurier juif<\/p><\/div>\n<div id=\"attachment_3023\" style=\"width: 310px\" class=\"wp-caption alignleft\"><a href=\"https:\/\/maclarema.fr\/blog\/wp-content\/uploads\/2023\/02\/Paolo_Uccello_-_Miracle_of_the_Desecrated_Host_Scene_5_-_WGA23226.jpg\"><img loading=\"lazy\" decoding=\"async\" aria-describedby=\"caption-attachment-3023\" class=\"size-medium wp-image-3023\" src=\"https:\/\/maclarema.fr\/blog\/wp-content\/uploads\/2023\/02\/Paolo_Uccello_-_Miracle_of_the_Desecrated_Host_Scene_5_-_WGA23226-300x168.jpg\" alt=\"\" width=\"300\" height=\"168\" srcset=\"https:\/\/maclarema.fr\/blog\/wp-content\/uploads\/2023\/02\/Paolo_Uccello_-_Miracle_of_the_Desecrated_Host_Scene_5_-_WGA23226-300x168.jpg 300w, https:\/\/maclarema.fr\/blog\/wp-content\/uploads\/2023\/02\/Paolo_Uccello_-_Miracle_of_the_Desecrated_Host_Scene_5_-_WGA23226-1024x575.jpg 1024w, https:\/\/maclarema.fr\/blog\/wp-content\/uploads\/2023\/02\/Paolo_Uccello_-_Miracle_of_the_Desecrated_Host_Scene_5_-_WGA23226-768x431.jpg 768w, https:\/\/maclarema.fr\/blog\/wp-content\/uploads\/2023\/02\/Paolo_Uccello_-_Miracle_of_the_Desecrated_Host_Scene_5_-_WGA23226.jpg 1158w\" sizes=\"auto, (max-width: 300px) 100vw, 300px\" \/><\/a><p id=\"caption-attachment-3023\" class=\"wp-caption-text\">tableau 2<br \/>L&rsquo;usurier et sa famille sont br\u00fbl\u00e9s sur un b\u00fbcher<\/p><\/div>\n<p>pr\u00eateurs sur gage, m\u00e9tier r\u00e9serv\u00e9 aux Juifs. Ces deux groupes sont rejoints <strong>par des<\/strong> <strong>Juifs de France<\/strong>, surtout de Provence et de Savoie, expuls\u00e9s en 1306 par Philippe le Bel et en 1394 par Charles VI, qui s&rsquo;installent dans le Pi\u00e9mont (Asti, Moncalvo&#8230;) et qui observent la liturgie ashk\u00e9naze toujours \u00e0 l&rsquo;oeuvre aujourd&rsquo;hui. A la fin du XV\u00e8 si\u00e8cle les Juifs d&rsquo;italie se r\u00e9partissent dans toutes les plus grandes villes du Nord, principalement en V\u00e9n\u00e9tie et dans le Pi\u00e9mont.<\/p>\n<p>A la faveur de l&rsquo;imprimerie, m\u00e9tier interdit aus Juifs en Allemagne mais autoris\u00e9 en Italie, les imprimeurs comme les Soncino diffusent la Bible h\u00e9bra\u00efque et le Talmud en h\u00e9breu et en yiddish puis dans les langues vernaculaires d&rsquo; Europe. Ils \u00e9ditent aussi des livres<\/p>\n<div id=\"attachment_3015\" style=\"width: 310px\" class=\"wp-caption alignleft\"><a href=\"https:\/\/maclarema.fr\/blog\/wp-content\/uploads\/2023\/02\/PsaumesTargoum-Massore-commentaire-David-Qimhi.jpg\"><img loading=\"lazy\" decoding=\"async\" aria-describedby=\"caption-attachment-3015\" class=\"size-medium wp-image-3015\" src=\"https:\/\/maclarema.fr\/blog\/wp-content\/uploads\/2023\/02\/PsaumesTargoum-Massore-commentaire-David-Qimhi-300x210.jpg\" alt=\"\" width=\"300\" height=\"210\" srcset=\"https:\/\/maclarema.fr\/blog\/wp-content\/uploads\/2023\/02\/PsaumesTargoum-Massore-commentaire-David-Qimhi-300x210.jpg 300w, https:\/\/maclarema.fr\/blog\/wp-content\/uploads\/2023\/02\/PsaumesTargoum-Massore-commentaire-David-Qimhi-1024x717.jpg 1024w, https:\/\/maclarema.fr\/blog\/wp-content\/uploads\/2023\/02\/PsaumesTargoum-Massore-commentaire-David-Qimhi-768x538.jpg 768w, https:\/\/maclarema.fr\/blog\/wp-content\/uploads\/2023\/02\/PsaumesTargoum-Massore-commentaire-David-Qimhi.jpg 1399w\" sizes=\"auto, (max-width: 300px) 100vw, 300px\" \/><\/a><p id=\"caption-attachment-3015\" class=\"wp-caption-text\">Psaumes<\/p><\/div>\n<p>profanes de grands savants, m\u00e9decins, po\u00e8tes, g\u00e9ographes, en yiddish, en jud\u00e9o-italien et en italien. L&rsquo;int\u00e9gration des Juifs venus d&rsquo;Allemagne \u00e0 la soci\u00e9t\u00e9 des Juifs italiens d&rsquo;origine puis \u00e0 la soci\u00e9t\u00e9 italienne dans son ensemble se fait rapidement et la grande culture des intellectuels et rabbins ashk\u00e9nazes augmente le niveau d&rsquo;\u00e9tude de tous.<br \/>\n<strong>Cette richesse et cette effervescence culturelle ne vont pas sans hostilit\u00e9 selon les r\u00e9gimes<\/strong> <strong>politiques des r\u00e9gions et les \u00e9poques<\/strong>. Tant\u00f4t les Papes prot\u00e8gent \u00ab\u00a0leurs Juifs du Pape\u00a0\u00bb \u00e0 Rome et en France dans le Comtat venaissin et en Avignon, tant\u00f4t ils les pourchassent, en leur imposant la rouelle* et, \u00e0 partir du XIII\u00e8 si\u00e8cle, en les for\u00e7ant \u00e0 se convertir sous peine d&rsquo;\u00eatre expuls\u00e9s par les tribunaux de l&rsquo;Inquisition. On retrouve dans<\/p>\n<div id=\"attachment_3006\" style=\"width: 268px\" class=\"wp-caption alignright\"><a href=\"https:\/\/maclarema.fr\/blog\/wp-content\/uploads\/2023\/02\/Piero_della_Francesca_-_6._Torture_of_the_Jew_detail_-_WGA17530.jpg\"><img loading=\"lazy\" decoding=\"async\" aria-describedby=\"caption-attachment-3006\" class=\"size-medium wp-image-3006\" src=\"https:\/\/maclarema.fr\/blog\/wp-content\/uploads\/2023\/02\/Piero_della_Francesca_-_6._Torture_of_the_Jew_detail_-_WGA17530-258x300.jpg\" alt=\"\" width=\"258\" height=\"300\" srcset=\"https:\/\/maclarema.fr\/blog\/wp-content\/uploads\/2023\/02\/Piero_della_Francesca_-_6._Torture_of_the_Jew_detail_-_WGA17530-258x300.jpg 258w, https:\/\/maclarema.fr\/blog\/wp-content\/uploads\/2023\/02\/Piero_della_Francesca_-_6._Torture_of_the_Jew_detail_-_WGA17530-768x893.jpg 768w, https:\/\/maclarema.fr\/blog\/wp-content\/uploads\/2023\/02\/Piero_della_Francesca_-_6._Torture_of_the_Jew_detail_-_WGA17530.jpg 800w\" sizes=\"auto, (max-width: 258px) 100vw, 258px\" \/><\/a><p id=\"caption-attachment-3006\" class=\"wp-caption-text\">Piero della Francesca<br \/>La l\u00e9gende de la vraie croix (1452-1466)<br \/>Torture de Judas extirp\u00e9 du puits<\/p><\/div>\n<p>ces p\u00e9riodes les pr\u00e9jug\u00e9s antijuda\u00efques pr\u00e9sents dans le reste de l&rsquo;Europe. Par exemple accus\u00e9s de crimes rituels la moiti\u00e9 des Juifs des Pouilles, soit 7000 personnes, sont contraintes \u00e0 la conversion (1266-1295). Des pogroms ont lieu \u00e0 Modica en Sicile en 1474, \u00e0 Trente en 1475 sous l&rsquo;impulsion des Franciscains.<\/p>\n<p>A l&rsquo;aube des temps modernes on constate que les Juifs italiens ont accueilli avec am\u00e9nit\u00e9 leurs coreligionnaires ashk\u00e9nazes venus d&rsquo;Allemagne. En peu de temps ils forment une communaut\u00e9 soud\u00e9e, plut\u00f4t \u00e0 l&rsquo;aise \u00e9conomiquement, Leur grande culture scientifique et artistique rayonne et accompagne les bouleversements historiques et culturels de la Renaissance qui d\u00e9bute comme on le sait en Italie.<\/p>\n<p>&nbsp;<\/p>\n<p><strong>NOTES<\/strong><\/p>\n<p><strong>Juifs romaniotes<\/strong> : juifs grecs ou de culture grecque<\/p>\n<p><strong>Risorgimento<\/strong> : mouvement de l&rsquo;unification italienne 1848-1871<\/p>\n<p><strong>R\u00e9volte de Bar Kokhba<\/strong> : seconde insurrection des Juifs de Jud\u00e9e contre les Romains entre 132 et 135, sous Hadrien. Les Juifs sont vaincus, J\u00e9rusalem est ras\u00e9e et reconstruite en ville romaine d&rsquo;o\u00f9 sont exclus les Jud\u00e9ens, expuls\u00e9s vers la Galil\u00e9e.<\/p>\n<p><strong>rouelle<\/strong> : petite pi\u00e8ce d&rsquo;\u00e9toffe souvent ronde (roue) et jaune cousue sur le v\u00eatement, impos\u00e9e comme signe distinctif aux Juifs \u00e0 partir du XIII\u00e8 si\u00e8cle .<\/p>\n<p><strong>SOURCES<\/strong><\/p>\n<p><a href=\"https:\/\/fr.wikipedia.org\/wiki\/Histoire_des_Juifs_en_Italie#:~:text=L'Italie%20accueille%20m%C3%AAme%20les,cours%20du%20XVI%20e%20si%C3%A8cle.\">article wikipedia<\/a> <strong>Histoire des Juifs en Italie<\/strong><\/p>\n<p>&nbsp;<\/p>\n<p>&nbsp;<\/p>\n<p>&nbsp;<\/p>\n<p>&nbsp;<\/p>\n","protected":false},"excerpt":{"rendered":"<p>On pense g\u00e9n\u00e9ralement que les Juifs italiens constitueraient un cas particulier dans la diaspora juive caract\u00e9ris\u00e9 par une int\u00e9gration relativement harmonieuse \u00e0 la soci\u00e9t\u00e9 qui les entoure, dans une continuit\u00e9 qui \u00e9tonne dans l&rsquo;histoire tourment\u00e9e juive. Mais une continuit\u00e9 faite &hellip; <a href=\"https:\/\/maclarema.fr\/blog\/les-juifs-ditalie-1-de-lempire-romain-a-1492\/\">Continuer la lecture <span class=\"meta-nav\">&rarr;<\/span><\/a><\/p>\n","protected":false},"author":1,"featured_media":0,"comment_status":"open","ping_status":"open","sticky":false,"template":"","format":"standard","meta":{"footnotes":""},"categories":[69],"tags":[70,59],"class_list":["post-2926","post","type-post","status-publish","format-standard","hentry","category-histoire","tag-communaute","tag-judaisme"],"_links":{"self":[{"href":"https:\/\/maclarema.fr\/blog\/wp-json\/wp\/v2\/posts\/2926","targetHints":{"allow":["GET"]}}],"collection":[{"href":"https:\/\/maclarema.fr\/blog\/wp-json\/wp\/v2\/posts"}],"about":[{"href":"https:\/\/maclarema.fr\/blog\/wp-json\/wp\/v2\/types\/post"}],"author":[{"embeddable":true,"href":"https:\/\/maclarema.fr\/blog\/wp-json\/wp\/v2\/users\/1"}],"replies":[{"embeddable":true,"href":"https:\/\/maclarema.fr\/blog\/wp-json\/wp\/v2\/comments?post=2926"}],"version-history":[{"count":39,"href":"https:\/\/maclarema.fr\/blog\/wp-json\/wp\/v2\/posts\/2926\/revisions"}],"predecessor-version":[{"id":3115,"href":"https:\/\/maclarema.fr\/blog\/wp-json\/wp\/v2\/posts\/2926\/revisions\/3115"}],"wp:attachment":[{"href":"https:\/\/maclarema.fr\/blog\/wp-json\/wp\/v2\/media?parent=2926"}],"wp:term":[{"taxonomy":"category","embeddable":true,"href":"https:\/\/maclarema.fr\/blog\/wp-json\/wp\/v2\/categories?post=2926"},{"taxonomy":"post_tag","embeddable":true,"href":"https:\/\/maclarema.fr\/blog\/wp-json\/wp\/v2\/tags?post=2926"}],"curies":[{"name":"wp","href":"https:\/\/api.w.org\/{rel}","templated":true}]}}