{"id":3120,"date":"2023-04-09T10:13:07","date_gmt":"2023-04-09T09:13:07","guid":{"rendered":"https:\/\/maclarema.fr\/blog\/?p=3120"},"modified":"2023-04-09T10:33:15","modified_gmt":"2023-04-09T09:33:15","slug":"de-tres-nombreux-israeliens-selevent-contre-les-atteintes-a-la-democratie","status":"publish","type":"post","link":"https:\/\/maclarema.fr\/blog\/de-tres-nombreux-israeliens-selevent-contre-les-atteintes-a-la-democratie\/","title":{"rendered":"De tr\u00e8s nombreux Isra\u00e9liens s&rsquo;\u00e9l\u00e8vent contre les atteintes \u00e0 la d\u00e9mocratie"},"content":{"rendered":"<p>Fin 2022, \u00e0 la prise de fonctions du nouveau gouvernement isra\u00e9lien, sous la houlette de Benjamin Netanyahou, nous exprimions notre profonde inqui\u00e9tude (1). Nous nous interrogions aussi sur la probabilit\u00e9 d\u2019une r\u00e9action forte des Isra\u00e9liens face \u00e0 ce gouvernement extr\u00e9miste.<\/p>\n<div id=\"attachment_3123\" style=\"width: 285px\" class=\"wp-caption alignright\"><a href=\"https:\/\/maclarema.fr\/blog\/wp-content\/uploads\/2023\/04\/israel-manifestant.jpg\"><img loading=\"lazy\" decoding=\"async\" aria-describedby=\"caption-attachment-3123\" class=\"size-full wp-image-3123\" src=\"https:\/\/maclarema.fr\/blog\/wp-content\/uploads\/2023\/04\/israel-manifestant.jpg\" alt=\"\" width=\"275\" height=\"182\" \/><\/a><p id=\"caption-attachment-3123\" class=\"wp-caption-text\">Sauvez la d\u00e9mocratie<br \/>manifestation mars 2023<\/p><\/div>\n<p>La r\u00e9ponse n\u2019a pas tard\u00e9 : le gouvernement a \u00e9mis en janvier un projet de r\u00e9forme judiciaire, vot\u00e9e le 21 f\u00e9vrier par la Knesset, visant \u00e0 diminuer consid\u00e9rablement les pouvoirs de la Cour Supr\u00eame. Le gouvernement aurait la majorit\u00e9 sur la nomination des membres de la Cour Supr\u00eame et la possibilit\u00e9, pour celle-ci, de s\u2019opposer aux lois vot\u00e9es par la Knesset lorsqu\u2019elles lui paraissent contrecarrer les Lois Fondamentales (2), serait fortement diminu\u00e9e. Ce qui, dans le contexte gouvernemental actuel, pourrait ouvrir la voie \u00e0 toutes sortes de lois r\u00e9trogrades et dangereuses.<\/p>\n<p>Face \u00e0 ce danger, la r\u00e9action populaire, d\u00e9passant largement l\u2019opposition habituelle, ne s\u2019est pas fait attendre, avec des manifestations hebdomadaires monstres \u00e0 Tel-Aviv, Ha\u00effa, J\u00e9rusalem et dans les autres villes du pays. D\u2019autres pans de la soci\u00e9t\u00e9, peu habitu\u00e9s \u00e0 s\u2019opposer au gouvernement, se sont \u00e9galement mis en branle : p\u00e9titions et tribunes d\u2019anciens pilotes de l\u2019arm\u00e9e de l\u2019air, de r\u00e9servistes, qui sont des piliers indispensables de l\u2019arm\u00e9e isra\u00e9lienne, d\u2019ex-agents du renseignement ou des commandos, appels d\u2019intellectuels, d\u2019artistes (3) \u2026<\/p>\n<p>Pour les manifestants, il ne s\u2019agissait pas l\u00e0 seulement d\u2019une r\u00e9forme de plus mais d\u2019un basculement autocratique, d\u2019une remise en cause de la d\u00e9mocratie isra\u00e9lienne.<\/p>\n<p><!--more--><\/p>\n<p>\u00c0 l\u2019\u00e9tranger, d\u2019autres voix se sont \u00e9galement fait entendre\u00a0: celle de Jo Biden d\u00e9clarant que \u00ab\u00a0M. Netanyahou n\u2019est pas le bienvenu aux USA\u00a0\u00bb, celle du gouvernement am\u00e9ricain appelant \u00e0 un compromis et surtout celle d\u2019une majorit\u00e9 de Juifs am\u00e9ricains attach\u00e9s \u00e0 une vision lib\u00e9rale du juda\u00efsme (4). A New York et Paris, la visite du ministre des Finances Bezalel Smotrich s\u2019est faite en l\u2019absence des principales organisations juives (5).<\/p>\n<p>Le 27 mars, Netanyahou limoge le ministre de la D\u00e9fense, Yoav Gallant, qui, inquiet de la fragilisation de la s\u00e9curit\u00e9 d\u2019Isra\u00ebl vu l\u2019ampleur de la r\u00e9action dans l\u2019arm\u00e9e, appelait \u00e0 un report de la r\u00e9forme. Face \u00e0 d\u2019\u00e9normes manifestations et de multiples actions de blocage, face \u00e0 un appel \u00e0 la gr\u00e8ve g\u00e9n\u00e9rale lanc\u00e9 par le plus grand syndicat du pays, l\u2019Histadrout, Netanyahou est accul\u00e9 \u00e0\u2026 suspendre la r\u00e9forme.<\/p>\n<p>C\u2019est une victoire qui reste bien s\u00fbr \u00e0 consolider. Suspension n\u2019est pas abrogation.<\/p>\n<p>Et le gouvernement extr\u00e9miste reste pour le moment en place. Ces derniers jours, Netanyahou a encore donn\u00e9 des gages aux ministres d\u2019extr\u00eame-droite\u00a0: le 2 avril \u00e9tait cr\u00e9\u00e9e une garde nationale, sous l\u2019autorit\u00e9 directe du ministre de la s\u00e9curit\u00e9 int\u00e9rieure Itamar Ben Gvir, partisan du \u00ab\u00a0Grand Isra\u00ebl\u00a0\u00bb.<\/p>\n<p>La question de l\u2019occupation des territoires, \u00ab\u00a0ce cancer qui ronge le corps de la Nation\u00a0\u00bb (6), la \u00a0question de l\u2019\u00e9galit\u00e9 entre Juifs et Arabes, questions encore peu abord\u00e9es dans les manifestations, se posent avec encore plus d\u2019acuit\u00e9 qu\u2019auparavant avec des ministres pr\u00f4nant l\u2019annexion pure et simple, encourageant les colonies, laissant les colons se faire justice eux-m\u00eames comme cela s\u2019est pass\u00e9e \u00e0 Hawara (7), avec des ministres racistes, homophobes, et avec la mont\u00e9e d\u2019une influence religieuse tr\u00e8s conservatrice. D\u2019o\u00f9 la nouvelle inqui\u00e9tante flamb\u00e9e de violences.<\/p>\n<p>Il y a encore bien du chemin \u00e0 parcourir pour cette opposition qui ne faiblit pas et que nous soutenons.<\/p>\n<p><strong>Notes<\/strong>:<\/p>\n<h4>(1) Voir l\u2019article <a href=\"https:\/\/maclarema.fr\/blog\/un-nouveau-gouvernement-israelien-plus-quinquietant\/\">Un nouveau gouvernement isra\u00e9lien plus qu\u2019inqui\u00e9tant<\/a><br \/>\n(2) Isra\u00ebl n\u2019a pas de constitution. En tiennent lieu un ensemble de lois vot\u00e9es au fil du temps par la Knesset, dites lois fondamentales, \u00e0 caract\u00e8re constitutionnel. La Cour Supr\u00eame est garant de ces lois, constituant un contre-pouvoir indispensable \u00e0 toute d\u00e9mocratie.<br \/>\n(3) Tribune publi\u00e9e dans Le Monde du 9 mars 2023 sous le titre\u00a0: \u00ab\u00a0La d\u00e9mocratie est en danger en Isra\u00ebl\u00a0en raison de l\u2019av\u00e8nement sournois d\u2019un r\u00e9gime autocratique illib\u00e9ral\u00a0\u00bb<br \/>\n(4) extrait d\u2019un article publi\u00e9 dans Le Monde du 26 mars 2023 sous le titre\u00a0: <em>La mobilisation historique des juifs am\u00e9ricains face \u00e0 la d\u00e9rive d\u2019Isra\u00ebl<br \/>\n<\/em><em>Une contestation, une r\u00e9volution, ou un r\u00e9veil\u00a0? On peine \u00e0 trouver les mots justes, face au d\u00e9bat qui embrase les communaut\u00e9s juives lib\u00e9rales aux Etats-Unis. L\u2019adjectif ad\u00e9quat, lui, ne fait aucun doute\u00a0: historique. Tribunes, lettres ouvertes, \u00e9missions, manifestations\u2026 La r\u00e9action de la diaspora aux projets du gouvernement N\u00e9tanyahou r\u00e9sonne en solidarit\u00e9 avec les manifestants dans les rues isra\u00e9liennes. Ces citoyens am\u00e9ricains frissonnent encore \u00e0 l\u2019\u00e9vocation de l\u2019assaut donn\u00e9 le 6\u00a0janvier\u00a02021\u00a0contre le Capitole par les partisans de Donald Trump. Aujourd\u2019hui, ils assistent \u00e0 une offensive d\u2019ampleur en Isra\u00ebl pour \u00e9craser les contre-pouvoirs \u2013 \u00e0 commencer par la Cour supr\u00eame \u2013 au nom d\u2019un programme extr\u00e9miste et d\u2019une acception restrictive de l\u2019identit\u00e9 juive\u2026<br \/>\n<\/em>(5) Au cours de sa visite priv\u00e9e \u00e0 Paris, le 20 mars, B. Smotrich a d\u00e9clar\u00e9 \u00ab Il n\u2019y a pas de Palestiniens car il n\u2019y a pas de peuple palestinien \u00bb.<br \/>\nLe Quai d\u2019Orsay a d\u00e9nonc\u00e9 les propos \u00ab irresponsables \u00bb du ministre. \u00ab Nous appelons les personnes qui ont \u00e9t\u00e9 appel\u00e9es \u00e0 de hautes fonctions au sein du gouvernement isra\u00e9lien \u00e0 faire preuve de la dignit\u00e9 requise, \u00e0 respecter celle des autres et \u00e0 s\u2019abstenir de toute action ou d\u00e9claration contribuant \u00e0 l\u2019escalade des tensions \u00bb, a comment\u00e9 le minist\u00e8re fran\u00e7ais des Affaires \u00e9trang\u00e8res dans un communiqu\u00e9.<br \/>\n(6) Elie Barnavi, historien, ancien ambassadeur d\u2019Isra\u00ebl en France, lors de la conf\u00e9rence de JCall au Parlement europ\u00e9en, le 27 mars dernier\u00a0 <a href=\"https:\/\/fr.jcall.eu\/a-la-une\/sauver-la-democratie-israelienne-enregistrement-de-la-conference\">\u00ab\u00a0Sauver la d\u00e9mocratie isra\u00e9lienne\u00a0\u00bb Enregistrement de la conf\u00e9rence &#8211; JCall<\/a><br \/>\n(7) Fin f\u00e9vrier, pr\u00e8s d\u2019Hawara, village du nord de la Cisjordanie situ\u00e9 pr\u00e8s de Naplouse, des Palestiniens ont tu\u00e9 deux habitants d\u2019une colonie isra\u00e9lienne proche. Suite \u00e0 cet assassinat, des colons ont pu mener, pendant plusieurs heures, des exactions dans le village d\u2019Hawara, incendiant des maisons, sans que les forces de s\u00e9curit\u00e9 ne les en emp\u00eachent.<\/h4>\n<h4><\/h4>\n<h4><\/h4>\n","protected":false},"excerpt":{"rendered":"<p>Fin 2022, \u00e0 la prise de fonctions du nouveau gouvernement isra\u00e9lien, sous la houlette de Benjamin Netanyahou, nous exprimions notre profonde inqui\u00e9tude (1). Nous nous interrogions aussi sur la probabilit\u00e9 d\u2019une r\u00e9action forte des Isra\u00e9liens face \u00e0 ce gouvernement extr\u00e9miste. &hellip; <a href=\"https:\/\/maclarema.fr\/blog\/de-tres-nombreux-israeliens-selevent-contre-les-atteintes-a-la-democratie\/\">Continuer la lecture <span class=\"meta-nav\">&rarr;<\/span><\/a><\/p>\n","protected":false},"author":3,"featured_media":0,"comment_status":"open","ping_status":"open","sticky":false,"template":"","format":"standard","meta":{"footnotes":""},"categories":[4],"tags":[11,46],"class_list":["post-3120","post","type-post","status-publish","format-standard","hentry","category-israel-palestine","tag-israel","tag-politique"],"_links":{"self":[{"href":"https:\/\/maclarema.fr\/blog\/wp-json\/wp\/v2\/posts\/3120","targetHints":{"allow":["GET"]}}],"collection":[{"href":"https:\/\/maclarema.fr\/blog\/wp-json\/wp\/v2\/posts"}],"about":[{"href":"https:\/\/maclarema.fr\/blog\/wp-json\/wp\/v2\/types\/post"}],"author":[{"embeddable":true,"href":"https:\/\/maclarema.fr\/blog\/wp-json\/wp\/v2\/users\/3"}],"replies":[{"embeddable":true,"href":"https:\/\/maclarema.fr\/blog\/wp-json\/wp\/v2\/comments?post=3120"}],"version-history":[{"count":11,"href":"https:\/\/maclarema.fr\/blog\/wp-json\/wp\/v2\/posts\/3120\/revisions"}],"predecessor-version":[{"id":3132,"href":"https:\/\/maclarema.fr\/blog\/wp-json\/wp\/v2\/posts\/3120\/revisions\/3132"}],"wp:attachment":[{"href":"https:\/\/maclarema.fr\/blog\/wp-json\/wp\/v2\/media?parent=3120"}],"wp:term":[{"taxonomy":"category","embeddable":true,"href":"https:\/\/maclarema.fr\/blog\/wp-json\/wp\/v2\/categories?post=3120"},{"taxonomy":"post_tag","embeddable":true,"href":"https:\/\/maclarema.fr\/blog\/wp-json\/wp\/v2\/tags?post=3120"}],"curies":[{"name":"wp","href":"https:\/\/api.w.org\/{rel}","templated":true}]}}