{"id":3134,"date":"2023-04-16T22:47:29","date_gmt":"2023-04-16T21:47:29","guid":{"rendered":"https:\/\/maclarema.fr\/blog\/?p=3134"},"modified":"2023-04-18T20:20:25","modified_gmt":"2023-04-18T19:20:25","slug":"lukraine-est-elle-sous-la-coupe-de-nazis","status":"publish","type":"post","link":"https:\/\/maclarema.fr\/blog\/lukraine-est-elle-sous-la-coupe-de-nazis\/","title":{"rendered":"l&rsquo;Ukraine est-elle sous la coupe de nazis \u00a0?"},"content":{"rendered":"<p>\u00ab\u00a0<em>D\u00e9nazifier l&rsquo;Ukraine<\/em>\u00ab\u00a0, c&rsquo;est l&rsquo;argument avanc\u00e9 par Vladimir Poutine pour justifier ce qu&rsquo;il a appel\u00e9 une \u00ab <em>op\u00e9ration sp\u00e9ciale<\/em> \u00bb, l&rsquo;invasion de l&rsquo;Ukraine le 24 f\u00e9vrier 2022.<br \/>\nC&rsquo;est un argument auquel on peut pr\u00eater attention : entre 1941 et 1944 plus d&rsquo;un million de Juifs ukrainiens ont \u00e9t\u00e9 assassin\u00e9s dans le cadre de \u00ab l<em>a solution finale\u00a0<\/em>\u00bb et bon nombre d&rsquo;Ukrainiens y ont collabor\u00e9. Les conditions de ces massacres de masse, document\u00e9s par Raul Hilberg, ont \u00e9t\u00e9 pr\u00e9cis\u00e9es, lors de l&rsquo;ouverture des Archives sovi\u00e9tiques, par l\u2019historien Dieter Pohl, \u00ab<em> environ 100.000 miliciens se sont joints \u00e0 la police ukrainienne pour fournir une assistance essentielle aux nazis.<\/em><\/p>\n<div id=\"attachment_3161\" style=\"width: 310px\" class=\"wp-caption alignleft\"><a href=\"https:\/\/maclarema.fr\/blog\/wp-content\/uploads\/2023\/04\/PoliceUkr1943.jpg\"><img loading=\"lazy\" decoding=\"async\" aria-describedby=\"caption-attachment-3161\" class=\"size-medium wp-image-3161\" src=\"https:\/\/maclarema.fr\/blog\/wp-content\/uploads\/2023\/04\/PoliceUkr1943-300x184.jpg\" alt=\"Police ukrainienne en 1943\" width=\"300\" height=\"184\" srcset=\"https:\/\/maclarema.fr\/blog\/wp-content\/uploads\/2023\/04\/PoliceUkr1943-300x184.jpg 300w, https:\/\/maclarema.fr\/blog\/wp-content\/uploads\/2023\/04\/PoliceUkr1943-768x470.jpg 768w, https:\/\/maclarema.fr\/blog\/wp-content\/uploads\/2023\/04\/PoliceUkr1943.jpg 800w\" sizes=\"auto, (max-width: 300px) 100vw, 300px\" \/><\/a><p id=\"caption-attachment-3161\" class=\"wp-caption-text\">La police auxiliaire ukrainienne, cr\u00e9\u00e9e par Himmler en 1942, en grande partie responsable de la liquidation des Juifs en territoires sovi\u00e9tiques<\/p><\/div>\n<p><em>Beaucoup d&rsquo;autres membres du personnel des bureaucraties locales ont pr\u00eat\u00e9 main-forte lors des fusillades massives de Juifs. Les Ukrainiens, tels que l&rsquo;inf\u00e2me Ivan le Terrible de Treblinka, faisaient \u00e9galement partie des gardes qui g\u00e9raient les camps de la mort allemands.<\/em>\u00a0\u00bb<br \/>\nEt c&rsquo;est un fait que bon nombre d&rsquo;Ukrainiens se sont engag\u00e9s aux c\u00f4t\u00e9s des nazis et ont collabor\u00e9 avant et durant la seconde guerre mondiale, m\u00eame si d&rsquo;autres ont r\u00e9sist\u00e9. (*1).<\/p>\n<p><strong>L&rsquo;Ukraine d&rsquo;aujourd&rsquo;hui a-t-elle purg\u00e9 son pass\u00e9 nazi\u00a0?<\/strong><!--more--><\/p>\n<p>Evidemment, les Ukrainiens d&rsquo;aujourd&rsquo;hui ne sont pas les assassins des ann\u00e9es 40, mais des groupements d&rsquo;extr\u00eame droite existent bien en Ukraine.<br \/>\nUn article de Pierre Rambert (*2), paru, dans<em> le Monde Diplomatique<\/em>, en mars 2022 peu avant l&rsquo;invasion russe, le rappelle : en 2014, apr\u00e8s l&rsquo;annexion de la Crim\u00e9e par le Russie, le pr\u00e9sident ukrainien Petro Porochenko promulgue en 2015 des \u00ab\u00a0<em>lois de d\u00e9communisation<\/em>\u00a0\u00bb qui, entre autres, \u00ab\u00a0<em>\u00e9l\u00e8vent au rang de \u00ab\u00a0combattants pour l\u2019ind\u00e9pendance<\/em>\u00a0\u00bb<em> des groupes antis\u00e9mites ayant collabor\u00e9 avec les nazis\u00a0: l\u2019Organisation des nationalistes ukrainiens\u00a0(OUN), dont les milices particip\u00e8rent \u00e0 l\u2019extermination des Juifs, et sa branche militaire, l\u2019Arm\u00e9e insurrectionnelle ukrainienne\u00a0(UPA), responsable entre autres du massacre de cent mille Polonais.\u00a0<\/em>\u00bb.<\/p>\n<p>L&rsquo;\u00e9lection \u00e0 la Pr\u00e9sidence de la R\u00e9publique, Le 21 avril 2019, avec 73,2 % des voix, de Volodymyr Zelenski, de famille juive d\u00e9cim\u00e9e pendant la derni\u00e8re guerre, vient troubler l&rsquo;image d&rsquo;une Ukraine rest\u00e9e fondamentalement antis\u00e9mite.<br \/>\n<strong>Elire un Juif \u00e0 la Pr\u00e9sidence est-elle une preuve suffisante\u00a0?<\/strong><\/p>\n<div id=\"attachment_3163\" style=\"width: 310px\" class=\"wp-caption alignright\"><a href=\"https:\/\/maclarema.fr\/blog\/wp-content\/uploads\/2023\/04\/ZelenskyGroupe.jpg\"><img loading=\"lazy\" decoding=\"async\" aria-describedby=\"caption-attachment-3163\" class=\"size-medium wp-image-3163\" src=\"https:\/\/maclarema.fr\/blog\/wp-content\/uploads\/2023\/04\/ZelenskyGroupe-300x201.jpg\" alt=\"\" width=\"300\" height=\"201\" srcset=\"https:\/\/maclarema.fr\/blog\/wp-content\/uploads\/2023\/04\/ZelenskyGroupe-300x201.jpg 300w, https:\/\/maclarema.fr\/blog\/wp-content\/uploads\/2023\/04\/ZelenskyGroupe-1024x687.jpg 1024w, https:\/\/maclarema.fr\/blog\/wp-content\/uploads\/2023\/04\/ZelenskyGroupe-768x515.jpg 768w, https:\/\/maclarema.fr\/blog\/wp-content\/uploads\/2023\/04\/ZelenskyGroupe.jpg 1197w\" sizes=\"auto, (max-width: 300px) 100vw, 300px\" \/><\/a><p id=\"caption-attachment-3163\" class=\"wp-caption-text\">Le groupe Studio Kvartal 95, en repr\u00e9sentation, Volodymyr Zelensky au centre<\/p><\/div>\n<p>Des articles tr\u00e8s document\u00e9s d&rsquo;Ariane Chemin, parus dans <em>Le Monde<\/em>, retracent son parcours (*3). Comme Coluche avant lui, Zelensky a acquis sa notori\u00e9t\u00e9 en tant qu&rsquo;humoriste impertinent, faisant rire les foules par des blagues et des sketches frondeurs. Mais c&rsquo;est surtout son r\u00f4le, en 2015, dans la s\u00e9rie t\u00e9l\u00e9vis\u00e9e \u00ab\u00a0<em>Serviteur du peuple<\/em> \u00bb, plus grand succ\u00e8s de l\u2019histoire t\u00e9l\u00e9visuelle de l\u2019Ukraine, qui a assur\u00e9 sa popularit\u00e9. Il y incarne un professeur d&rsquo;histoire en lyc\u00e9e qui devient Pr\u00e9sident de la R\u00e9publique, chef d&rsquo;Etat int\u00e8gre, proche du peuple, luttant contre une \u00e9lite corrompue.<\/p>\n<div id=\"attachment_3164\" style=\"width: 232px\" class=\"wp-caption alignleft\"><a href=\"https:\/\/maclarema.fr\/blog\/wp-content\/uploads\/2023\/04\/Volodymyr_Zelensky_Official_portrait-scaled.jpg\"><img loading=\"lazy\" decoding=\"async\" aria-describedby=\"caption-attachment-3164\" class=\"size-medium wp-image-3164\" src=\"https:\/\/maclarema.fr\/blog\/wp-content\/uploads\/2023\/04\/Volodymyr_Zelensky_Official_portrait-222x300.jpg\" alt=\"\" width=\"222\" height=\"300\" srcset=\"https:\/\/maclarema.fr\/blog\/wp-content\/uploads\/2023\/04\/Volodymyr_Zelensky_Official_portrait-222x300.jpg 222w, https:\/\/maclarema.fr\/blog\/wp-content\/uploads\/2023\/04\/Volodymyr_Zelensky_Official_portrait-756x1024.jpg 756w, https:\/\/maclarema.fr\/blog\/wp-content\/uploads\/2023\/04\/Volodymyr_Zelensky_Official_portrait-768x1040.jpg 768w, https:\/\/maclarema.fr\/blog\/wp-content\/uploads\/2023\/04\/Volodymyr_Zelensky_Official_portrait-1134x1536.jpg 1134w, https:\/\/maclarema.fr\/blog\/wp-content\/uploads\/2023\/04\/Volodymyr_Zelensky_Official_portrait-1512x2048.jpg 1512w, https:\/\/maclarema.fr\/blog\/wp-content\/uploads\/2023\/04\/Volodymyr_Zelensky_Official_portrait-scaled.jpg 1890w\" sizes=\"auto, (max-width: 222px) 100vw, 222px\" \/><\/a><p id=\"caption-attachment-3164\" class=\"wp-caption-text\">Pr\u00e9sident Volodymyr Zelensky (photo officielle)<\/p><\/div>\n<p>C&rsquo;est pr\u00e9cis\u00e9ment ce que souhaitaient la majorit\u00e9 des Ukrainiens qui assurent, lors de l&rsquo;\u00e9lection pr\u00e9sidentielle de 2019, une large majorit\u00e9 \u00e0 ce com\u00e9dien qui endosse alors son r\u00f4le dans la vraie vie. Et de fait, son programme donne comme priorit\u00e9 de mettre fin \u00e0 la corruption en Ukraine et de renforcer la transparence dans les affaires gouvernementales. Il propose aussi des mesures pour am\u00e9liorer l&rsquo;acc\u00e8s aux soins de sant\u00e9 et promouvoir l&rsquo;\u00e9ducation pour tous.<\/p>\n<p>L&rsquo;\u00e9lection triomphale de Zelensky, Juif russophone dont le grand p\u00e8re a combattu dans l&rsquo;Arm\u00e9e Rouge, ne semble donc rien devoir \u00e0 des complaisances avec le nazisme, elle traduit plut\u00f4t l&rsquo;espoir, investi sur un homme jeune \u00ab hors syst\u00e8me \u00bb, d&rsquo;\u00e9chapper \u00e0 la d\u00e9liquescence d&rsquo;une soci\u00e9t\u00e9 gangren\u00e9e par la corruption. Cette confiance accord\u00e9e t\u00e9moigne que les st\u00e9r\u00e9otypes antis\u00e9mites ont \u00e9t\u00e9, en 2019, passablement surmont\u00e9s par les Ukrainiens.<\/p>\n<p><strong>Si l&rsquo;antis\u00e9mitisme para\u00eet en recul, est-ce suffisant pour d\u00e9douaner la vie politique ukrainienne, actuellement enti\u00e8rement domin\u00e9e par la guerre, de toute accointance nazie\u00a0?<\/strong><\/p>\n<p>L&rsquo;extr\u00eame droite nationaliste, enflamm\u00e9e par l&rsquo;invasion russe, est loin d&rsquo;avoir disparu,<strong> le r\u00e9giment Azov<\/strong> (*4), nationaliste, r\u00e9put\u00e9 d&rsquo;affiliations n\u00e9o-nazies. a particuli\u00e8rement retenu l&rsquo;attention.<br \/>\nIl s&rsquo;agit, au d\u00e9part, de milices arm\u00e9es, issues de groupuscules paramilitaires ultranationalistes et n\u00e9onazis, form\u00e9es en 2014, \u00e0 la fin des manifestations Euroma\u00efdan (*5), par le gouvernement Iatseniouk I, pour lutter contre l&rsquo;insurrection s\u00e9paratiste de l&rsquo;est.<\/p>\n<div id=\"attachment_3167\" style=\"width: 310px\" class=\"wp-caption alignleft\"><a href=\"https:\/\/maclarema.fr\/blog\/wp-content\/uploads\/2023\/04\/DonbassAzov-scaled.jpg\"><img loading=\"lazy\" decoding=\"async\" aria-describedby=\"caption-attachment-3167\" class=\"size-medium wp-image-3167\" src=\"https:\/\/maclarema.fr\/blog\/wp-content\/uploads\/2023\/04\/DonbassAzov-300x200.jpg\" alt=\"\" width=\"300\" height=\"200\" srcset=\"https:\/\/maclarema.fr\/blog\/wp-content\/uploads\/2023\/04\/DonbassAzov-300x200.jpg 300w, https:\/\/maclarema.fr\/blog\/wp-content\/uploads\/2023\/04\/DonbassAzov-1024x683.jpg 1024w, https:\/\/maclarema.fr\/blog\/wp-content\/uploads\/2023\/04\/DonbassAzov-768x512.jpg 768w, https:\/\/maclarema.fr\/blog\/wp-content\/uploads\/2023\/04\/DonbassAzov-1536x1024.jpg 1536w, https:\/\/maclarema.fr\/blog\/wp-content\/uploads\/2023\/04\/DonbassAzov-2048x1365.jpg 2048w\" sizes=\"auto, (max-width: 300px) 100vw, 300px\" \/><\/a><p id=\"caption-attachment-3167\" class=\"wp-caption-text\">Des habitants du Donbass d\u00e9tenus pour interrogatoire le 5 juillet 2014.<\/p><\/div>\n<p>Cette milice est, peu apr\u00e8s, incorpor\u00e9e l\u00e9galement aux forces arm\u00e9es en tant que bataillon de la Patrouille de police sp\u00e9ciale, ce qui permet de la contr\u00f4ler mais aussi de la l\u00e9gitimer comme unit\u00e9 d&rsquo;\u00e9lite. Ses exactions et sa violence sans retenue \u00e0 l&rsquo;\u00e9gard des pro-russes inqui\u00e8tent jusqu&rsquo;\u00e0 la chanceli\u00e8re allemande Angela Merkel qui \u00ab\u00a0<em>a exhort\u00e9 le pr\u00e9sident Porochenko \u00e0 conserver un sens de la mesure dans ses actions l\u00e9gitimes contre les s\u00e9paratistes et \u00e0 prot\u00e9ger la population civile\u00a0<\/em>\u00bb.<br \/>\nLes soldats du r\u00e9giment Azov restent en majorit\u00e9 impr\u00e9gn\u00e9s de culture nazie : violents, antis\u00e9mites (tout en essayant de garder un vocabulaire politiquement correct), homophobes, racistes, anti-tziganes&#8230;..<br \/>\nLorsque la Russie envahit l&rsquo;Ukraine, en f\u00e9vrier 2022, sous la pr\u00e9sidence de Zelensky, le r\u00e9giment Azov est engag\u00e9 dans le combat. Il est rejoint ensuite par des combattants nationalistes de toutes tendances et m\u00eame par certains membres de la Communaut\u00e9 juive d&rsquo;Ukraine. La d\u00e9termination et le courage de ce r\u00e9giment, dans sa r\u00e9sistance d\u00e9sesp\u00e9r\u00e9e \u00e0 l&rsquo;arm\u00e9e russe assi\u00e9geant Marioupol, forcent le respect et font taire les critiques.<\/p>\n<div id=\"attachment_3162\" style=\"width: 222px\" class=\"wp-caption alignright\"><a href=\"https:\/\/maclarema.fr\/blog\/wp-content\/uploads\/2023\/04\/Stepan_Bandera_in_cossack_uniform.jpg\"><img loading=\"lazy\" decoding=\"async\" aria-describedby=\"caption-attachment-3162\" class=\"size-medium wp-image-3162\" src=\"https:\/\/maclarema.fr\/blog\/wp-content\/uploads\/2023\/04\/Stepan_Bandera_in_cossack_uniform-212x300.jpg\" alt=\"\" width=\"212\" height=\"300\" srcset=\"https:\/\/maclarema.fr\/blog\/wp-content\/uploads\/2023\/04\/Stepan_Bandera_in_cossack_uniform-212x300.jpg 212w, https:\/\/maclarema.fr\/blog\/wp-content\/uploads\/2023\/04\/Stepan_Bandera_in_cossack_uniform.jpg 566w\" sizes=\"auto, (max-width: 212px) 100vw, 212px\" \/><\/a><p id=\"caption-attachment-3162\" class=\"wp-caption-text\">Stepan Bandera en costume national ukrainien cosaque dans le d\u00e9tachement scout ukrainien \u00ab Viorne rouge \u00bb en 1929-1930.<\/p><\/div>\n<p>Un autre exemple de la persistance de forces nazies en Ukraine est rep\u00e9rable dans l&rsquo;hommage constant rendu par des groupes d&rsquo;extr\u00eame droite, chaque 1er janvier, \u00e0 <strong>Stepan Bandera<\/strong> (*6), ultra-nationaliste ukrainien. Dans sa lutte pour l&rsquo;ind\u00e9pendance de l&rsquo;Ukraine contre le Pologne et l&rsquo;Union sovi\u00e9tique, Stepan Bandera collabore avec l&rsquo;Allemagne nazie pendant la guerre, \u00e0 la t\u00eate d&rsquo;organisations qui ont fait des milliers de victimes polonaises et des centaines de milliers de victimes juives.<\/p>\n<p><strong>La popularit\u00e9 actuelle de Bandera est-elle l&rsquo;indice des options fascistes des Ukrainiens<\/strong>\u00a0? De nombreux historiens (*7) s&rsquo;accordent sur ce point\u00a0 : adul\u00e9 depuis toujours par l&rsquo;extr\u00eame droite ultranationaliste, Bandera, combattant sulfureux de l&rsquo;ind\u00e9pendance de l&rsquo;Ukraine, doit surtout sa popularit\u00e9 actuelle \u00e0 l&rsquo;invasion russe. Selon Yaroslav Hrytsak, historien sp\u00e9cialiste du nationalisme ukrainien cit\u00e9 par <em>Le Monde<\/em>, \u00ab\u00a0<em>la figure historique et sa m\u00e9moire sont deux ph\u00e9nom\u00e8nes diff\u00e9rents. Bandera est consid\u00e9r\u00e9 exclusivement comme un symbole du combat de l\u2019Ukraine contre la Russie, et un symbole de r\u00e9sistance antisovi\u00e9tique. C\u2019est une r\u00e9action directe \u00e0 la guerre, cela aurait \u00e9t\u00e9 impossible avant<\/em>\u00a0\u00bb.<br \/>\nIl faut rappeler aussi que les Ukrainiens n&rsquo;ont pas tous \u00e9t\u00e9 nazis, que des Ukrainiens ont r\u00e9sist\u00e9 \u00e0 l&rsquo;occupation allemande pendant la seconde guerre mondiale,\u00a0 ou ont combattu dans l&rsquo;Arm\u00e9e Rouge.<\/p>\n<p><strong>La pr\u00e9sence attest\u00e9e de groupes n\u00e9o-nazis en Ukraine, signifie-t-elle que l&rsquo;Ukraine est encore domin\u00e9e par une extr\u00eame droite virulente et que le pays doit \u00eatre \u00ab <em>d\u00e9nazifi\u00e9<\/em>\u00a0\u00bb\u00a0?<\/strong><\/p>\n<p>La <a href=\"https:\/\/www.senat.fr\/questions\/base\/2021\/qSEQ210623223.html\">r\u00e9ponse du <em>Minist\u00e8re de l&rsquo;Europe et des affaires \u00e9trang\u00e8res<\/em><\/a> \u00e0 une question sur les partis nazis en Ukraine. publi\u00e9e dans le JO S\u00e9nat du 22\/07\/2021 &#8211; page 4604 : \u00ab<em>\u00a0S&rsquo;il existe des groupes n\u00e9onazis en Ukraine, leur popularit\u00e9 et leur influence ne sont pas plus importantes que dans d&rsquo;autres pays europ\u00e9ens. Ils n&rsquo;ont aucune repr\u00e9sentation \u00e0 la Rada et aucun poids au sein du gouvernement ukrainien. Au printemps 2019, les Ukrainiens ont port\u00e9 M. Volodymyr Zelensky au pouvoir avec plus de 73% des voix, ce qui t\u00e9moigne de la vigueur du sentiment d\u00e9mocratique dans le pays. Les activit\u00e9s des organisations n\u00e9onazies en Ukraine ne refl\u00e8tent donc aucunement une tendance globale du pays. Le conflit dans l&rsquo;Est de l&rsquo;Ukraine a effectivement mobilis\u00e9 certains groupuscules extr\u00e9mistes violents, mais la plupart ont, depuis, disparu. Les actes antis\u00e9mites y sont moins fr\u00e9quents que dans d&rsquo;autres pays europ\u00e9ens\u00a0<\/em>\u00bb.<\/p>\n<p>Ce point de vue semble partag\u00e9 par la plupart des politologues analysant la soci\u00e9t\u00e9 ukrainienne. M\u00eame Pierre Rambert, dans l&rsquo;article cit\u00e9 plus haut mettant en garde contre la persistance du nazisme en Ukraine, prend soin de noter : \u00ab<em>\u00a0Issu d\u2019une famille juive, le pr\u00e9sident Volodymyr Zelensky se tient \u00e0 distance de cette fureur \u00e0 laquelle on ne saurait r\u00e9sumer la vie politique ukrainienne.<\/em> \u00bb. Quelques jours apr\u00e8s, surpris par l&rsquo;invasion russe, il publie cette mise au point\u00a0: \u00abl<em>\u2019attaque de l\u2019arm\u00e9e russe contre l\u2019Ukraine repr\u00e9sente une violation caract\u00e9ris\u00e9e du droit international et de la Charte des Nations unies. Le pr\u00e9texte invoqu\u00e9 par le pr\u00e9sident Vladimir Poutine \u2014 devancer un g\u00e9nocide \u2014 est fallacieux et la pr\u00e9sence de nazis en Ukraine, bien que r\u00e9elle, d\u00e9lib\u00e9r\u00e9ment exag\u00e9r\u00e9e.<\/em>\u00a0\u00bb<\/p>\n<p><strong>D\u00e8s lors, comment interpr\u00e9ter ce pr\u00e9texte de\u00a0 \u00ab <em>d\u00e9nazifier l&rsquo;Ukraine<\/em> \u00bb avanc\u00e9 par Poutine\u00a0 ?<\/strong><\/p>\n<p>Omer Bartov (*8) n\u00e9 d&rsquo;une famille juive \u00e9migr\u00e9e d&rsquo;Ukraine, est un historien sp\u00e9cialiste de la seconde guerre mondiale et de la Shoah , et particuli\u00e8rement du r\u00f4le crucial de la Wehmacht lors de l&rsquo;assassinat des Juifs dans les territoires occup\u00e9s de l&rsquo;Union sovi\u00e9tique. Il fait partie des signataires d&rsquo;une tribune (*9), parue le 27 f\u00e9vrier 2022 dans le <em>Jewish Journal<\/em>, protestant contre l&rsquo;usage de la r\u00e9f\u00e9rence au nazisme par la propagande russe.<br \/>\nPour Omer Bartov, interrog\u00e9 par Nicolas Weil (*10) au lendemain de l&rsquo;invasion russe, les groupes d\u2019extr\u00eame droite n\u00e9onazis en Ukraine sont des \u00e9l\u00e9ments marginaux, l&rsquo;Ukraine n&rsquo;est pas un pays nazi.<a href=\"https:\/\/maclarema.fr\/blog\/wp-content\/uploads\/2023\/04\/VictoRusseNazisme.png\"><img loading=\"lazy\" decoding=\"async\" class=\"size-medium wp-image-3173 alignleft\" src=\"https:\/\/maclarema.fr\/blog\/wp-content\/uploads\/2023\/04\/VictoRusseNazisme-300x193.png\" alt=\"\" width=\"300\" height=\"193\" srcset=\"https:\/\/maclarema.fr\/blog\/wp-content\/uploads\/2023\/04\/VictoRusseNazisme-300x193.png 300w, https:\/\/maclarema.fr\/blog\/wp-content\/uploads\/2023\/04\/VictoRusseNazisme.png 637w\" sizes=\"auto, (max-width: 300px) 100vw, 300px\" \/><\/a> Quand Poutine parle de \u00ab\u00a0<em>d\u00e9nazifier<\/em>\u00a0\u00bb l&rsquo;Ukraine\u00a0 il cherche avant tout \u00e0 mobiliser la population russe, en ranimant les souvenirs h\u00e9ro\u00efques de la seconde guerre mondiale, \u00e9pisode qui joue un r\u00f4le \u00e9norme dans la m\u00e9moire collective russe. Il veut aussi rallier les populations juives dans le monde et \u00ab\u00a0<em>certains \u00e9l\u00e9ments de la gauche europ\u00e9enne ou am\u00e9ricaine, en particulier ceux qui ignorent \u00e0 la fois l\u2019histoire de la seconde guerre mondiale et l\u2019Ukraine d\u2019aujourd\u2019hui.\u00a0<\/em>\u00bb<br \/>\nSelon lui, la \u00ab\u00a0<em>d\u00e9nazification<\/em>\u00a0\u00bb de l&rsquo;Ukraine est un outil de propagande, \u00ab\u00a0<em>en r\u00e9alit\u00e9 Vladimir Poutine veut restaurer l\u2019empire sovi\u00e9tique\u00a0\u00bb<\/em> et il utilise ce terme pour<em> \u00ab\u00a0justifier sa propre politique expansionniste.\u00a0<\/em>\u00bb.<\/p>\n<p><strong>Cette vis\u00e9e expansionniste, qui inqui\u00e8te et menace les pays anciennement satellites de la Russie, s&rsquo;inscrit-elle dans une id\u00e9ologie que pr\u00e9cis\u00e9ment Poutine attribue \u00e0 l&rsquo;Ukraine\u00a0?<\/strong><\/p>\n<p>C&rsquo;est le pas que franchit un analyste politique russe, Kirill Rogov (*11), r\u00e9fugi\u00e9 en Autriche depuis le d\u00e9but de la guerre : \u00ab\u00a0<em>Nous faisons face \u00e0 une fascisation id\u00e9ologique, un nationalisme radical d\u2019Etat. Si on relit l\u2019histoire de la seconde guerre mondiale, et comment l\u2019Allemagne nazie s\u2019est d\u00e9velopp\u00e9e avec l\u2019invasion de la Pologne, les parall\u00e8les sont frappants\u00a0: la non-reconnaissance des Ukrainiens en tant que nation, comme hier celle des Polonais\u00a0; la d\u00e9shumanisation de ces peuples\u00a0; la \u00ab\u00a0russification\u00a0\u00bb des enfants comme autrefois la \u00ab\u00a0germanisation\u00a0\u00bb des enfants\u2026Le r\u00e9gime de Poutine est un r\u00e9gime expansionniste, qui doit justifier son agressivit\u00e9.\u00a0<\/em>\u00bb<\/p>\n<p><strong>Le syst\u00e8me politique russe s&rsquo;apparente-t-il au nazisme ou peut-il \u00eatre simplement d\u00e9crit comme un r\u00e9gime autoritaire oligarchique?<\/strong><\/p>\n<p>S&rsquo;il est clair que Poutine m\u00e8ne une politique \u00e9trang\u00e8re expansionniste, qu&rsquo;il contr\u00f4le et censure les m\u00e9dias russes, qu&rsquo;il r\u00e9prime violemment les dissidents politiques, que la Russie n&rsquo;a pas \u00e9t\u00e9 en reste sur l&rsquo;Ukraine dans l&rsquo;antis\u00e9mitisme atavique, que les exactions de l&rsquo;arm\u00e9e russe en Ukraine contre les civils sont particuli\u00e8rement r\u00e9voltantes, que l&rsquo;enl\u00e8vement (*12) d&rsquo;enfants ukrainiens \u00ab<em>russifi\u00e9s<\/em> \u00bb ressemble sinistrement aux programmes hitl\u00e9riens, Poutine ne semble pas \u00e9tablir de hi\u00e9rarchie raciale, fondement de l&rsquo;id\u00e9ologie nazie, m\u00eame s&rsquo;il nie, contre l&rsquo;\u00e9vidence. l&rsquo;existence d&rsquo;une nation ukrainienne.<br \/>\nIl n&rsquo;est pas clair que la Russie contemporaine poursuive les m\u00eames objectifs que les fascistes historiques. Au stade actuel, la plupart des analystes ne s&rsquo;avancent pas sur ce point.<\/p>\n<p>Mais est-il pertinent de poser cette question?:\u00a0 . L&rsquo;Allemagne nazie, comme l&rsquo;analyse Johan Chapoutot dans\u00a0 \u00ab\u00a0<a href=\"https:\/\/maclarema.fr\/blog\/la-revolution-culturelle-nazie\/\"><em>La r\u00e9volution culturelle nazie<\/em>\u00ab\u00a0<\/a>,\u00a0\u00a0 a \u00e9rig\u00e9 en syst\u00e8me organis\u00e9, dans le contexte du XXe si\u00e8cle,\u00a0 un grand nombre d&rsquo;id\u00e9es et de pratiques\u00a0 d\u00e9j\u00e0 largement pr\u00e9sentes,\u00a0 quoique de fa\u00e7on dispers\u00e9e,\u00a0 dans nos soci\u00e9t\u00e9s modernes.<br \/>\nIl\u00a0 n&rsquo;y a peut-\u00eatre qu&rsquo;un continuum, une simple progression,\u00a0 pour qu&rsquo;un r\u00e9gime autoritaire r\u00e9pressif,\u00a0 franchissant un degr\u00e9 ou un pas de plus, puisse \u00eatre qualifi\u00e9 de fasciste.<\/p>\n<p><span style=\"font-size: medium;\"><b>Notes<br \/>\n<\/b><\/span><\/p>\n<p><span style=\"font-size: medium;\"><span style=\"font-size: small;\">(*1) <\/span><span style=\"font-size: small;\"><a href=\"https:\/\/fr.wikipedia.org\/wiki\/Collaboration_en_Ukraine_durant_la_Seconde_Guerre_mondiale\">Collaboration en Ukraine durant la Seconde Guerre mondiale<\/a> \/ Wikipedia<br \/>\n<\/span><\/span><\/p>\n<p><span style=\"font-size: small;\">(*2)<\/span><a href=\"https:\/\/www.monde-diplomatique.fr\/2022\/03\/RIMBERT\/64441\"><i> <\/i><span style=\"font-size: medium;\"><i>l<\/i><\/span><\/a><span style=\"font-size: small;\"><i>a promotion par Kiev de politiques m\u00e9morielles r\u00e9visionnistes et l\u2019indulgence des autorit\u00e9s vis-\u00e0-vis des n\u00e9onazis qui s\u2019affichent dans l\u2019espace public. <\/i><\/span><span style=\"font-size: small;\">&lt;<a href=\"https:\/\/www.monde-diplomatique.fr\/2022\/03\/RIMBERT\/64441\">https:\/\/www.monde-diplomatique.fr\/2022\/03\/RIMBERT\/64441<\/a>&gt;<br \/>\n<\/span><span style=\"font-size: small;\"><a href=\"https:\/\/www.monde-diplomatique.fr\/carnet\/2022-02-24-Attaque-russe-contre-Ukraine\">Attaque russe contre l&rsquo;Ukraine<\/a> \/ Monde diplomatique<\/span><\/p>\n<p><span style=\"font-size: small;\">(*3) <\/span><em><a href=\"https:\/\/www.lemonde.fr\/international\/article\/2023\/02\/23\/volodymyr-zelensky-le-resistant-de-kiev_6163036_3210.html\"><span style=\"font-size: small;\">\u00ab <\/span><span style=\"font-size: small;\">Les cinq vies de Volodymyr Zelensky<\/span><\/a><span style=\"font-size: small;\"> \u00bb\/ <\/span><\/em><span style=\"font-size: small;\">Le Monde<\/span><\/p>\n<p><span style=\"font-size: small;\"><i>(*4)<\/i> <a href=\"https:\/\/fr.wikipedia.org\/wiki\/R%C3%A9giment_Azov\">R\u00e9giment Azov <\/a><i>\/ Wikipedia<br \/>\n<\/i><\/span><span style=\"font-size: small;\"><a href=\"https:\/\/www.lemonde.fr\/les-decodeurs\/article\/2022\/03\/23\/qui-sont-les-soldats-du-regiment-azov-accuses-d-etre-les-neonazis-de-l-armee-ukrainienne_6118771_4355770.html\">R\u00e9giment Azov<\/a> \/ Le Monde<br \/>\n<\/span><\/p>\n<p><span style=\"font-size: small;\">(*5) <a href=\"https:\/\/fr.wikipedia.org\/wiki\/R%C3%A9volution_de_la_Dignit%C3%A9\">Euroma\u00efdan<\/a> \/ Wikipedia : manifestations pro-europ\u00e9ennes en Ukraine, ayant d\u00e9but\u00e9 le 21 novembre 2013 \u00e0 la suite de la d\u00e9cision du gouvernement ukrainien de ne pas signer l&rsquo;accord d&rsquo;association entre l&rsquo;Ukraine et l&rsquo;Union europ\u00e9enne au profit d&rsquo;un accord avec la Russie, marqu\u00e9es par des violences qui ont fait plus de 80 morts.<br \/>\n<\/span><\/p>\n<p><span style=\"font-size: medium;\"><span style=\"font-size: small;\">(*6) <\/span><span style=\"font-size: small;\"><a href=\"https:\/\/fr.wikipedia.org\/wiki\/Stepan_Bandera\">Stepann Bandera<\/a>\u00a0 Wikipedia <\/span><\/span><\/p>\n<p><span style=\"font-size: medium;\"><span style=\"font-size: small;\">(*7) <\/span><span style=\"font-size: small;\"><a href=\"https:\/\/www.lemonde.fr\/international\/article\/2023\/01\/07\/stepan-bandera-l-antiheros-ukrainien-glorifie-apres-l-agression-russe_6157009_3210.html\">Stepan Bandera, l\u2019antih\u00e9ros ukrainien glorifi\u00e9 apr\u00e8s l\u2019agression russe<\/a> \/ Le Monde<br \/>\n<\/span><\/span><\/p>\n<p><span style=\"font-size: medium;\"><span style=\"font-size: small;\">(*8) Omer Bartov &lt;<a href=\"https:\/\/fr.wikipedia.org\/wiki\/Omer_Bartov\">https:\/\/fr.wikipedia.org\/wiki\/Omer_Bartov<\/a>&gt;<\/span><\/span><\/p>\n<p><span style=\"font-size: small;\">(*9) <span style=\"font-size: medium;\">\u00ab<a href=\"https:\/\/jewishjournal.com\/news\/worldwide\/345515\/statement-on-the-war-in-ukraine-by-scholars-of-genocide-nazism-and-world-war-ii\/\">\u00a0<\/a><\/span><span style=\"font-size: medium;\"><i><a href=\"https:\/\/jewishjournal.com\/news\/worldwide\/345515\/statement-on-the-war-in-ukraine-by-scholars-of-genocide-nazism-and-world-war-ii\/\">Statement on the War in Ukraine<\/a> by Scholars of Genocide, Nazism and World War II<\/i><\/span><span style=\"font-size: medium;\"> \u00bb\u00a0 \/ Jewishjournal<\/span><br \/>\n<\/span><\/p>\n<p><span style=\"font-size: small;\">(*10)<a href=\"https:\/\/www.lemonde.fr\/livres\/article\/2022\/03\/03\/omer-bartov-en-parlant-de-denazifier-l-ukraine-poutine-veut-justifier-sa-politique-expansionniste_6116039_3260.html\"> Omer Bartov :\u00a0 En parlant de \u201cd\u00e9nazifier\u201d l\u2019Ukraine, Poutine veut justifier sa politique expansionniste \u00bb<\/a> \/ Le Monde<br \/>\n<\/span><\/p>\n<p><span style=\"font-size: small;\">(*11)<a href=\"https:\/\/www.lemonde.fr\/international\/article\/2023\/04\/04\/en-russie-la-repression-s-alourdit-de-jour-en-jour_6168232_3210.html\">\u00ab En Russie, la r\u00e9pression s\u2019alourdit de jour en jour \u00bb<\/a> \/Le Monde<br \/>\n<\/span><\/p>\n<p><span style=\"font-size: small;\">(*12) <a href=\"https:\/\/www.lemonde.fr\/international\/article\/2023\/03\/18\/l-enlevement-d-enfants-ukrainiens-par-la-russie-est-un-crime-de-guerre-selon-commission-d-enquete-de-l-onu_6166023_3210.html\">L\u2019enl\u00e8vement d\u2019enfants ukrainiens par la Russie est un \u00ab crime de guerre \u00bb, selon une commission d\u2019enqu\u00eate de l\u2019ONU<\/a> : Le Monde<br \/>\n<a href=\"https:\/\/www.lemonde.fr\/international\/article\/2023\/02\/16\/des-milliers-d-enfants-ukrainiens-dans-des-camps-de-reeducation-en-russie_6162040_3210.html\">Russie : des milliers d\u2019enfants ukrainiens \u00ab r\u00e9\u00e9duqu\u00e9s \u00bb\/ <\/a>Le Monde<\/span><\/p>\n<p>&nbsp;<\/p>\n<p><a name=\"firstHeading\"><\/a><span style=\"font-size: small;\"><b>A<\/b><b>utres <\/b><b>documents consult\u00e9s<\/b><\/span><\/p>\n<p><span style=\"font-size: small;\"><a href=\"https:\/\/fr.wikipedia.org\/wiki\/Shoah_en_Ukraine#Collaboration_et_difficile_travail_de_m%C3%A9moire\">Shoah en Ukraine<\/a> \/ Wikipedia<br \/>\n<a href=\"https:\/\/fr.wikipedia.org\/wiki\/Collaboration_en_Ukraine_durant_la_Seconde_Guerre_mondiale\">Collaboration en Ukraine du rant la seconde guerre mondiale<\/a> \/ Wikipedia<\/span><\/p>\n<p><span style=\"font-size: small;\"><a href=\"https:\/\/www.mediapart.fr\/journal\/international\/210223\/un-de-guerre-en-ukraine-l-emission-speciale-de-mediapart\">Un an de guerre en Ukraine<\/a>, l\u2019\u00e9mission sp\u00e9ciale de Mediapart<br \/>\n<\/span><\/p>\n<p><em><span style=\"font-size: small;\"><a href=\"https:\/\/www.lemonde.fr\/les-decodeurs\/article\/2022\/03\/17\/pourquoi-ukraine-et-etats-unis-n-ont-pas-vote-la-resolution-de-l-onu-condamnant-le-nazisme_6117956_4355770.html\">Pourquoi l&rsquo;Ukraine et les Etats-Unis n&rsquo;ont pas vot\u00e9 la r\u00e9solution de l&rsquo;ONU condamnant le nazisme<\/a> \/ Le Monde . <\/span><\/em><span style=\"font-size: small;\">En 2019, la d\u00e9l\u00e9gation ukrainienne aux Nations unies<\/span><span style=\"font-size: small;\"> justifiait son opposition <\/span><span style=\"font-size: small;\">(\u00e0 la r\u00e9solution de l&rsquo;ONU) par le double-jeu russe, qui se pr\u00e9sente en h\u00e9ros de la lutte antinazie, mais passe sous silence le pacte germano-sovi\u00e9tique de 1939, ou les millions de morts dus \u00e0 la famine en Ukraine de 1932-1933 provoqu\u00e9e par le r\u00e9gime stalinien.<\/span><\/p>\n<p>&nbsp;<\/p>\n<p><span style=\"font-size: medium;\">\u00a0<\/span><\/p>\n<p><span style=\"font-size: medium;\"><i>\u00a0<\/i><\/span><\/p>\n<p><span style=\"font-size: medium;\">\u00a0<\/span><\/p>\n","protected":false},"excerpt":{"rendered":"<p>\u00ab\u00a0D\u00e9nazifier l&rsquo;Ukraine\u00ab\u00a0, c&rsquo;est l&rsquo;argument avanc\u00e9 par Vladimir Poutine pour justifier ce qu&rsquo;il a appel\u00e9 une \u00ab op\u00e9ration sp\u00e9ciale \u00bb, l&rsquo;invasion de l&rsquo;Ukraine le 24 f\u00e9vrier 2022. C&rsquo;est un argument auquel on peut pr\u00eater attention : entre 1941 et 1944 plus &hellip; <a href=\"https:\/\/maclarema.fr\/blog\/lukraine-est-elle-sous-la-coupe-de-nazis\/\">Continuer la lecture <span class=\"meta-nav\">&rarr;<\/span><\/a><\/p>\n","protected":false},"author":2,"featured_media":0,"comment_status":"open","ping_status":"open","sticky":false,"template":"","format":"standard","meta":{"footnotes":""},"categories":[5,69],"tags":[],"class_list":["post-3134","post","type-post","status-publish","format-standard","hentry","category-antisemitisme","category-histoire"],"_links":{"self":[{"href":"https:\/\/maclarema.fr\/blog\/wp-json\/wp\/v2\/posts\/3134","targetHints":{"allow":["GET"]}}],"collection":[{"href":"https:\/\/maclarema.fr\/blog\/wp-json\/wp\/v2\/posts"}],"about":[{"href":"https:\/\/maclarema.fr\/blog\/wp-json\/wp\/v2\/types\/post"}],"author":[{"embeddable":true,"href":"https:\/\/maclarema.fr\/blog\/wp-json\/wp\/v2\/users\/2"}],"replies":[{"embeddable":true,"href":"https:\/\/maclarema.fr\/blog\/wp-json\/wp\/v2\/comments?post=3134"}],"version-history":[{"count":43,"href":"https:\/\/maclarema.fr\/blog\/wp-json\/wp\/v2\/posts\/3134\/revisions"}],"predecessor-version":[{"id":3183,"href":"https:\/\/maclarema.fr\/blog\/wp-json\/wp\/v2\/posts\/3134\/revisions\/3183"}],"wp:attachment":[{"href":"https:\/\/maclarema.fr\/blog\/wp-json\/wp\/v2\/media?parent=3134"}],"wp:term":[{"taxonomy":"category","embeddable":true,"href":"https:\/\/maclarema.fr\/blog\/wp-json\/wp\/v2\/categories?post=3134"},{"taxonomy":"post_tag","embeddable":true,"href":"https:\/\/maclarema.fr\/blog\/wp-json\/wp\/v2\/tags?post=3134"}],"curies":[{"name":"wp","href":"https:\/\/api.w.org\/{rel}","templated":true}]}}