{"id":3187,"date":"2023-07-05T18:14:19","date_gmt":"2023-07-05T17:14:19","guid":{"rendered":"https:\/\/maclarema.fr\/blog\/?p=3187"},"modified":"2023-07-05T18:14:19","modified_gmt":"2023-07-05T17:14:19","slug":"de-pitchik-a-pitchouk-de-jean-claude-grumberg-1","status":"publish","type":"post","link":"https:\/\/maclarema.fr\/blog\/de-pitchik-a-pitchouk-de-jean-claude-grumberg-1\/","title":{"rendered":"De Pitchik \u00e0 Pitchouk, de Jean-Claude Grumberg (1)"},"content":{"rendered":"<p>Ecrivain prolifique, auteur de pi\u00e8ces de th\u00e9\u00e2tre, romans, contes\u2026, sc\u00e9nariste, Jean-Claude Grumberg est n\u00e9 juste avant la seconde guerre mondiale d\u2019un p\u00e8re d\u2019origine juive roumaine qui sera rafl\u00e9 en sa pr\u00e9sence et d\u00e9port\u00e9 ainsi que les grands-parents paternels de Jean-Claude Grumberg. Ce dernier n\u2019a que 3 ans et sera cach\u00e9 pendant toute la guerre avec son fr\u00e8re <a href=\"https:\/\/maclarema.fr\/blog\/wp-content\/uploads\/2023\/07\/pitchik-1.png\"><img loading=\"lazy\" decoding=\"async\" class=\"size-medium wp-image-3190 alignright\" src=\"https:\/\/maclarema.fr\/blog\/wp-content\/uploads\/2023\/07\/pitchik-1-178x300.png\" alt=\"\" width=\"178\" height=\"300\" srcset=\"https:\/\/maclarema.fr\/blog\/wp-content\/uploads\/2023\/07\/pitchik-1-178x300.png 178w, https:\/\/maclarema.fr\/blog\/wp-content\/uploads\/2023\/07\/pitchik-1.png 373w\" sizes=\"auto, (max-width: 178px) 100vw, 178px\" \/><\/a>ain\u00e9. Comme c\u2019est le cas de celle de Georges Perec, l\u2019\u0153uvre de Jean-Claude Grumberg est compl\u00e9tement impr\u00e9gn\u00e9e de ce traumatisme de la guerre et aussi d\u2019un apr\u00e8s-guerre qui a beaucoup tard\u00e9 \u00e0 reconnaitre la sp\u00e9cificit\u00e9 de la traque et de la d\u00e9portation des Juifs.<\/p>\n<p>Apr\u00e8s <em>La plus pr\u00e9cieuse des marchandises <\/em>publi\u00e9 aux Editions du Seuil d\u00e9but 2019, pr\u00e9sent\u00e9 comme \u00ab\u00a0un conte\u00a0\u00bb, Jean-Claude Grumberg r\u00e9it\u00e8re avec <em>De Pitchik \u00e0 Pitchouk (2)<\/em>, dont il est pr\u00e9cis\u00e9 que c\u2019est un conte pour vieux enfants.<\/p>\n<p>\u00ab\u00a0Pour obliger la m\u00e9moire infid\u00e8le \u00e0 se souvenir de ce qui fut et qui n\u2019est plus, de ceux qui furent et disparurent\u00a0\u00bb<\/p>\n<p>Il \u00e9tait une fois une vieille dame qui, seule la nuit de No\u00ebl, se ballade dans sa chemin\u00e9e. Elle heurte le p\u00e8re No\u00ebl qui a un cadeau \u00e0 livrer \u00e0 une certaine Marie Jos\u00e9phine Quincampoix. Erreur de chemin\u00e9e. La vieille dame s\u2019appelle Rosette Rosenfeld n\u00e9e Korenbacherovitch. Bien s\u00fbr un personnage de Grumberg ne peut s\u2019appeler Quincampoix\u00a0! Le p\u00e8re No\u00ebl laisse le cadeau \u00e0 Rosette. \u00ab\u00a0Vous avez bien une petite-fille qui traine\u00a0? \u00bb lui dit-il. Le paquet contient un Babar\u2026 Et, de fil en aiguille, Rosette devient la m\u00e8re No\u00ebl du p\u00e8re No\u00ebl du secteur Buci-Seine. Eh oui, il n\u2019y a pas qu\u2019un p\u00e8re No\u00ebl\u2026<!--more--><\/p>\n<p>Au cours de ses tribulations, Rosette rencontre un vieux monsieur de 97 ans qui lui raconte une histoire\u00a0: \u00ab\u00a0Cela commence boulevard de Rochechouart\u00a0\u00bb. Et voil\u00e0 Rosette partie tr\u00e8s loin dans son enfance\u00a0: son p\u00e8re la photographiant avec sa m\u00e8re et son fr\u00e8re, boulevard de Rochechouart justement, le passage des flics, la peur, le retour vers la maison. \u00ab\u00a0Les \u00e9toiles ont disparu du ciel. Elles sont toutes venues mourir sur nos poitrines.\u00a0\u00bb<br \/>\nSur la grille du square d\u2019Anvers, est accroch\u00e9\u00a0: \u00ab\u00a0interdit aux chiens et aux juifs\u00a0\u00bb sign\u00e9\u00a0: la Ville de Paris.<br \/>\nLa maman d\u2019une copine d\u2019\u00e9cole recueille la petite\u00a0: \u00ab\u00a0elle pose son foulard sur mes \u00e9paules\u2026Eclipse locale d\u2019\u00e9toile\u00a0\u00bb.<\/p>\n<p>\u00ab\u00a0Quelques jours apr\u00e8s je suis \u00e0 Toulouse. J\u2019ai un autre nom mais le m\u00eame pr\u00e9nom. Et ensuite \u00e0 Moissac. Je n\u2019ai aucun souvenir ni de Toulouse ni de Moissac\u00a0\u00bb<\/p>\n<p>Ce conte triste et po\u00e9tique est, bien s\u00fbr comme toujours avec Jean-Claude Grumberg, constell\u00e9 d\u2019humour\u00a0\u00e0 l\u2019instar de cette \u00ab\u00a0mousse d\u00e9chocolat\u00e9e sans sucre ni chocolat avec une part de vache qui ne sait plus rire sans pleurer\u00a0\u00bb.<\/p>\n<p>Pitchik et Pitchouk, ce sont les villages des beaux-parents de Rosette, Baruch et Zina. L\u2019un vient de Pitchik, l\u2019autre de Pitchouk et ce n\u2019est qu\u2019\u00e0 quelques kilom\u00e8tres. Ils se demandent m\u00eame si ce n\u2019est pas le m\u00eame pogrom qui a atteint Pitchik et Pitchouk\u2026 Baruch et Zina finiront \u00ab\u00a0num\u00e9rot\u00e9s\u00a0\u00bb, comme le dit Grumberg.<\/p>\n<p>Au milieu du livre, le narrateur (\u00ab\u00a0soi-disant auteur\u00a0\u00bb) apparait, Interpell\u00e9 par une lectrice qui regrette l\u2019incoh\u00e9rence du passage dans la chemin\u00e9e de Madame Rosenfeld (en fait madame Rosenberg, mais qu\u2019importe\u2026<em>). <\/em>Pour l\u2019incoh\u00e9rence, l\u2019auteur en a vu d\u2019autres\u00a0: \u00ab\u00a0ce sont tous ces noms grav\u00e9s sur tant de murs et de pierre qui nous emp\u00each\u00e8rent, madame Rosenberg et moi, de croire tout \u00e0 fait \u00e0 la coh\u00e9rence\u00a0\u00bb.<\/p>\n<p>Et puisqu\u2019il faut bien une fin au livre, Jean-Claude Grumberg en essaie plusieurs jusqu\u2019\u00e0 cette histoire (vraie) que raconte, pour un bol de Kacha (3), le colporteur Mentel. Il avait si faim\u2026<\/p>\n<p>(1) Un livre de Jean-Claude Grumberg publi\u00e9 en 2023 aux \u00e9ditions du Seuil<br \/>\n(2) Connaissez vous le terme de Pitchipo\u00ef qui, en Yiddish, d\u00e9signe un lieu imaginaire, une campagne perdue et a \u00e9t\u00e9 repris pour d\u00e9signer la destination inconnue des trains de d\u00e9port\u00e9s ?<br \/>\n(3) Bouillie au lait compos\u00e9e de riz et de c\u00e9r\u00e9ales.<\/p>\n<p>&nbsp;<\/p>\n<p>&nbsp;<\/p>\n","protected":false},"excerpt":{"rendered":"<p>Ecrivain prolifique, auteur de pi\u00e8ces de th\u00e9\u00e2tre, romans, contes\u2026, sc\u00e9nariste, Jean-Claude Grumberg est n\u00e9 juste avant la seconde guerre mondiale d\u2019un p\u00e8re d\u2019origine juive roumaine qui sera rafl\u00e9 en sa pr\u00e9sence et d\u00e9port\u00e9 ainsi que les grands-parents paternels de Jean-Claude &hellip; <a href=\"https:\/\/maclarema.fr\/blog\/de-pitchik-a-pitchouk-de-jean-claude-grumberg-1\/\">Continuer la lecture <span class=\"meta-nav\">&rarr;<\/span><\/a><\/p>\n","protected":false},"author":3,"featured_media":0,"comment_status":"open","ping_status":"open","sticky":false,"template":"","format":"standard","meta":{"footnotes":""},"categories":[6],"tags":[59,16,19],"class_list":["post-3187","post","type-post","status-publish","format-standard","hentry","category-culture","tag-judaisme","tag-livre","tag-shoah"],"_links":{"self":[{"href":"https:\/\/maclarema.fr\/blog\/wp-json\/wp\/v2\/posts\/3187","targetHints":{"allow":["GET"]}}],"collection":[{"href":"https:\/\/maclarema.fr\/blog\/wp-json\/wp\/v2\/posts"}],"about":[{"href":"https:\/\/maclarema.fr\/blog\/wp-json\/wp\/v2\/types\/post"}],"author":[{"embeddable":true,"href":"https:\/\/maclarema.fr\/blog\/wp-json\/wp\/v2\/users\/3"}],"replies":[{"embeddable":true,"href":"https:\/\/maclarema.fr\/blog\/wp-json\/wp\/v2\/comments?post=3187"}],"version-history":[{"count":5,"href":"https:\/\/maclarema.fr\/blog\/wp-json\/wp\/v2\/posts\/3187\/revisions"}],"predecessor-version":[{"id":3194,"href":"https:\/\/maclarema.fr\/blog\/wp-json\/wp\/v2\/posts\/3187\/revisions\/3194"}],"wp:attachment":[{"href":"https:\/\/maclarema.fr\/blog\/wp-json\/wp\/v2\/media?parent=3187"}],"wp:term":[{"taxonomy":"category","embeddable":true,"href":"https:\/\/maclarema.fr\/blog\/wp-json\/wp\/v2\/categories?post=3187"},{"taxonomy":"post_tag","embeddable":true,"href":"https:\/\/maclarema.fr\/blog\/wp-json\/wp\/v2\/tags?post=3187"}],"curies":[{"name":"wp","href":"https:\/\/api.w.org\/{rel}","templated":true}]}}