{"id":3262,"date":"2023-12-25T11:33:16","date_gmt":"2023-12-25T10:33:16","guid":{"rendered":"https:\/\/maclarema.fr\/blog\/?p=3262"},"modified":"2023-12-25T11:33:16","modified_gmt":"2023-12-25T10:33:16","slug":"laffiche-rouge","status":"publish","type":"post","link":"https:\/\/maclarema.fr\/blog\/laffiche-rouge\/","title":{"rendered":"L\u2019affiche rouge"},"content":{"rendered":"<p><a href=\"https:\/\/maclarema.fr\/blog\/wp-content\/uploads\/2023\/10\/affiche-rouge.png\"><img loading=\"lazy\" decoding=\"async\" class=\"size-medium wp-image-3265 alignright\" src=\"https:\/\/maclarema.fr\/blog\/wp-content\/uploads\/2023\/10\/affiche-rouge-186x300.png\" alt=\"\" width=\"186\" height=\"300\" srcset=\"https:\/\/maclarema.fr\/blog\/wp-content\/uploads\/2023\/10\/affiche-rouge-186x300.png 186w, https:\/\/maclarema.fr\/blog\/wp-content\/uploads\/2023\/10\/affiche-rouge.png 305w\" sizes=\"auto, (max-width: 186px) 100vw, 186px\" \/><\/a>Aragon l\u2019a \u00e9crit, L\u00e9o Ferr\u00e9 l\u2019a mis en musique, nous l\u2019avons chant\u00e9\u2026 L\u2019affiche rouge\u2026 Impossible de lire le po\u00e8me, publi\u00e9 en 1956 dans le recueil <em>Le roman inachev\u00e9<\/em>, sans le fredonner\u2026<\/p>\n<p><em>Ils \u00e9taient vingt et trois quand les fusils fleurirent<br \/>\nVingt et trois qui donnaient leur c\u0153ur avant le temps<br \/>\nVingt et trois \u00e9trangers et nos fr\u00e8res pourtant<br \/>\nVingt et trois amoureux de vivre \u00e0 en mourir<br \/>\nVingt et trois qui criaient la France en s\u2019abattant<\/em><\/p>\n<p>Les 22 hommes du groupe, dont <a href=\"https:\/\/museedelaresistanceenligne.org\/media10903-Marcel-Rajman\">Marcel Rayman<\/a>, Missak Manouchian, <a href=\"https:\/\/museedelaresistanceenligne.org\/media10894-Thomas-Elek\">Thomas Elek<\/a> \u2026, furent fusill\u00e9s au fort du Mont val\u00e9rien le 21 f\u00e9vrier 1944. Olga Bancic, la seule femme du groupe, fut d\u00e9capit\u00e9e \u00e0 Stuttgart le 10 mai 1944 (1). Ils avaient entre 17 et 44 ans. Dix de ces hommes \u00e9taient fran\u00e7ais.<!--more--><\/p>\n<p>Sur l\u2019affiche, figuraient dix d\u2019entre eux, cibl\u00e9s comme \u00e9trangers, Juifs pour certains, \u00ab\u00a0terroristes\u00a0\u00bb, \u00ab\u00a0ennemis de la France\u00a0\u00bb. Au-dessus de la photo de Manouchian, il est indiqu\u00e9 \u00ab arm\u00e9nien et chef de bande \u00bb.<br \/>\nL\u2019affiche fut placard\u00e9e, ce mois de f\u00e9vrier 1944, dans plusieurs villes lors de ce qui fut appel\u00e9 un proc\u00e8s mais qui n\u2019en fut qu\u2019une parodie. On sait peu de choses de la r\u00e9action que l\u2019affiche suscita, de l\u2019impact qu\u2019elle eut. Eut-elle, comme Aragon se hasarde \u00e0 le dire, un effet contraire \u00e0 celui que lui avait assign\u00e9 les Nazis et au lieu de faire ha\u00efr les \u00e9trangers r\u00e9sistants, les fit-elle voir en h\u00e9ros ?<\/p>\n<p><em>Nul ne semblait vous voir fran\u00e7ais de pr\u00e9f\u00e9rence<br \/>\nLes gens allaient sans yeux pour vous le jour durant<br \/>\nMais \u00e0 l\u2019heure du couvre-feu des doigts errants<br \/>\nAvaient \u00e9crit sous vos photos MORTS POUR LA France<br \/>\nEt les mornes matins en \u00e9taient diff\u00e9rents<\/em><\/p>\n<p>L\u2019affiche en tout cas eut au moins le m\u00e9rite paradoxal de les faire entrer dans l\u2019Histoire.<\/p>\n<p>Les actions de r\u00e9sistance des vingt-trois furent multiples\u00a0: distribution de tracts, attentat contre des officiers allemands dont Julius Ritter, officier SS, responsable du STO, pose de bombes dans plusieurs lieux, avec malheureusement de nombreuses pertes parmi leurs rangs.<br \/>\nIls furent fil\u00e9s, traqu\u00e9s, puis arr\u00eat\u00e9s par les brigades sp\u00e9ciales des renseignements g\u00e9n\u00e9raux li\u00e9s \u00e0 Vichy, livr\u00e9s aux Allemands. Ils faisaient partie de la FTP-MOI, conjonction des Francs-Tireurs et Partisans, mouvement de r\u00e9sistance arm\u00e9e cr\u00e9\u00e9 par le PCF en 1941 et de la \u00ab\u00a0main d\u2019\u0153uvre immigr\u00e9e\u00a0\u00bb, groupes cr\u00e9\u00e9s \u00e9galement par le PCF d\u00e8s les ann\u00e9es 1920 et organis\u00e9s \u00e0 l\u2019origine par langue (Yiddish, arm\u00e9nien\u2026).<br \/>\nS\u2019ils devinrent, par cette affiche, par le po\u00e8me et les lettres qu\u2019ils adress\u00e8rent \u00e0 leur famille, le symbole de cette participation des \u00e9trangers et des Juifs \u00e0 la r\u00e9sistance, leurs arrestations venaient apr\u00e8s celles de beaucoup d\u2019autres jeunes juifs communistes r\u00e9sistants qui furent d\u00e9port\u00e9s ou assassin\u00e9s sur l\u2019ann\u00e9e 1943 (environ 150 personnes). Beaucoup d\u2019entre eux avaient vu leurs familles rafl\u00e9es ou oblig\u00e9es de vivre dans la clandestinit\u00e9. \u00ab\u00a0Notre souci principal devenait de prot\u00e9ger ce qui restait de la population juive et de la mobiliser pour lutter contre le massacre\u00a0\u00bb, \u00e9crit en 1985, dans <em>Le Monde<\/em>, Adam Rayski, qui fut responsable de la MOI \u00e0 partir de septembre 1941.<\/p>\n<p>A noter et d\u00e9plorer que la plupart de celles et ceux qui, parmi eux, \u00e9taient \u00e9trangers ne furent reconnus morts pour la France que tr\u00e8s tardivement, le dernier en date du groupe des vingt-trois \u00e9tant Szlama Grzyswacz en f\u00e9vrier 2023\u00a0!<\/p>\n<p>Dans les ann\u00e9es 1980, certains (2) soulev\u00e8rent la question du r\u00f4le de la direction du PCF : y avait-il eu volont\u00e9 de laisser se continuer la lutte au m\u00e9pris des vies en jeu, alors qu\u2019on les savait fil\u00e9s et en position difficile ? \u00c9tait ce d\u00fb \u00e0 leur statut d\u2019\u00e9trangers ? La r\u00e9ponse reste en suspens et partage les historiens.<\/p>\n<p>Par ailleurs, et c\u2019est une remarque personnelle, le po\u00e8me d\u2019Aragon, reprenant en partie la derni\u00e8re lettre adress\u00e9e par Manouchian \u00e0 sa femme,<\/p>\n<p><em>Toi qui vas demeurer dans la beaut\u00e9 des choses<br \/>\nQuand tout sera fini plus tard en Erivan<\/em><\/p>\n<p>fait l\u2019impasse sur la pr\u00e9sence en grand nombre de Juifs parmi les visages figurant sur l&rsquo;affiche. Des Juifs qui, au moment de l\u2019\u00e9criture du po\u00e8me dans les ann\u00e9es 50, se voient brutalement mis en cause en Union sovi\u00e9tique et dans les pays de l\u2019Est (proc\u00e8s de Prague en novembre 1952, proc\u00e8s des blouses blanches\u2026). Ce n&rsquo;est sans doute pas un hasard.<\/p>\n<p><strong>La prochaine entr\u00e9e au Panth\u00e9on de Missak Manouchian et de sa femme M\u00e9lin\u00e9e :<\/strong><\/p>\n<p>Le 21 f\u00e9vrier 2024, soit 80 ans apr\u00e8s son assassinat, Missak, dit aussi Michel, Manouchian, entrera au Panth\u00e9on, avec sa femme M\u00e9lin\u00e9e.<br \/>\nComme le dit l\u2019historienne <a href=\"https:\/\/www.radiofrance.fr\/franceinter\/podcasts\/autant-en-emporte-l-histoire\/autant-en-emporte-l-histoire-du-samedi-25-fevrier-2023-7362639\">Annette Wieviorka dans une \u00e9mission<\/a> diffus\u00e9e le 25 f\u00e9vrier 2023 sur France inter, Manouchian a \u00e9t\u00e9 \u00ab pris deux fois par l\u2019Histoire \u00bb : celle du g\u00e9nocide arm\u00e9nien o\u00f9 p\u00e9rirent ses parents, celle de la seconde guerre mondiale o\u00f9 il combattit pour d\u00e9fendre sa nouvelle patrie. Il r\u00eavait de devenir po\u00e8te.<\/p>\n<p>Cette panth\u00e9onisation devrait \u00e9galement \u00eatre un hommage aux 22 camarades de Manouchian et, plus largement, \u00e0 tous les FTP-MOI morts pour la France.<\/p>\n<p>R\u00e9f\u00e9rence\u00a0:<\/p>\n<p><em>Ils \u00e9taient juifs, r\u00e9sistants, communistes<\/em> de Annette Wieviorka, \u00e9ditions Perrin.<br \/>\n<em>Paula, survivre obstin\u00e9ment<\/em> de Paulette Sarcey (avec Karen Ta\u00efeb), \u00e9ditions Tallandier.<br \/>\nMus\u00e9e virtuel <a href=\"https:\/\/museemrjmoi.com\/\">MRJ-MOI<\/a>.<\/p>\n<p>(1) Les femmes n\u2019\u00e9taient pas fusill\u00e9s au Mont Val\u00e9rien mais emmen\u00e9es en prison en Allemagne et d\u00e9capit\u00e9es, comme France Bloch-S\u00e9razin, fille de l\u2019\u00e9crivain Jean Richard Bloch.<br \/>\n(2)Notamment St\u00e9phane Courtois, dans le film <em>Des \u00ab\u00a0terroristes \u00e0 la retraite\u00a0\u00bb <\/em>de Mosco et dans <em>Le Monde <\/em>des 2-3 juin 1985\u00a0: \u00ab\u00a0Le groupe Manouchian sacrifi\u00e9 ou trahi\u00a0?\u00a0\u00bb<\/p>\n","protected":false},"excerpt":{"rendered":"<p>Aragon l\u2019a \u00e9crit, L\u00e9o Ferr\u00e9 l\u2019a mis en musique, nous l\u2019avons chant\u00e9\u2026 L\u2019affiche rouge\u2026 Impossible de lire le po\u00e8me, publi\u00e9 en 1956 dans le recueil Le roman inachev\u00e9, sans le fredonner\u2026 Ils \u00e9taient vingt et trois quand les fusils fleurirent &hellip; <a href=\"https:\/\/maclarema.fr\/blog\/laffiche-rouge\/\">Continuer la lecture <span class=\"meta-nav\">&rarr;<\/span><\/a><\/p>\n","protected":false},"author":3,"featured_media":0,"comment_status":"open","ping_status":"open","sticky":false,"template":"","format":"standard","meta":{"footnotes":""},"categories":[5,69,1],"tags":[18,21,66],"class_list":["post-3262","post","type-post","status-publish","format-standard","hentry","category-antisemitisme","category-histoire","category-non-classe","tag-antisemitisme-2","tag-guerre","tag-nazisme"],"_links":{"self":[{"href":"https:\/\/maclarema.fr\/blog\/wp-json\/wp\/v2\/posts\/3262","targetHints":{"allow":["GET"]}}],"collection":[{"href":"https:\/\/maclarema.fr\/blog\/wp-json\/wp\/v2\/posts"}],"about":[{"href":"https:\/\/maclarema.fr\/blog\/wp-json\/wp\/v2\/types\/post"}],"author":[{"embeddable":true,"href":"https:\/\/maclarema.fr\/blog\/wp-json\/wp\/v2\/users\/3"}],"replies":[{"embeddable":true,"href":"https:\/\/maclarema.fr\/blog\/wp-json\/wp\/v2\/comments?post=3262"}],"version-history":[{"count":4,"href":"https:\/\/maclarema.fr\/blog\/wp-json\/wp\/v2\/posts\/3262\/revisions"}],"predecessor-version":[{"id":3492,"href":"https:\/\/maclarema.fr\/blog\/wp-json\/wp\/v2\/posts\/3262\/revisions\/3492"}],"wp:attachment":[{"href":"https:\/\/maclarema.fr\/blog\/wp-json\/wp\/v2\/media?parent=3262"}],"wp:term":[{"taxonomy":"category","embeddable":true,"href":"https:\/\/maclarema.fr\/blog\/wp-json\/wp\/v2\/categories?post=3262"},{"taxonomy":"post_tag","embeddable":true,"href":"https:\/\/maclarema.fr\/blog\/wp-json\/wp\/v2\/tags?post=3262"}],"curies":[{"name":"wp","href":"https:\/\/api.w.org\/{rel}","templated":true}]}}