{"id":33,"date":"2014-05-27T20:20:00","date_gmt":"2014-05-27T19:20:00","guid":{"rendered":"http:\/\/maclarema.fr\/blog\/pourparlers-de-paix-chronologie-dun-echec\/"},"modified":"2020-01-14T15:38:54","modified_gmt":"2020-01-14T14:38:54","slug":"pourparlers-de-paix-chronologie-dun-echec","status":"publish","type":"post","link":"https:\/\/maclarema.fr\/blog\/pourparlers-de-paix-chronologie-dun-echec\/","title":{"rendered":"Pourparlers de paix : chronologie d&rsquo;un \u00e9chec"},"content":{"rendered":"<p>Les \u00ab\u00a0pourparlers de paix\u00a0\u00bb, initi\u00e9s par John Kerry entre Isra\u00e9liens et Palestiniens, se sont officiellement interrompus le mardi 29 avril, \u00e0 l&rsquo;\u00e9ch\u00e9ance des 9 mois initialement pr\u00e9vus. Le pr\u00e9sident Obama prend acte de l&rsquo;\u00e9chec en jugeant n\u00e9cessaire de faire une \u00ab\u00a0pause\u00a0\u00bb.<a href=\"https:\/\/maclarema.fr\/blog\/wp-content\/uploads\/2015\/12\/OReiEnxadrista.jpg\"><img loading=\"lazy\" decoding=\"async\" class=\"size-medium wp-image-320 alignright\" src=\"https:\/\/maclarema.fr\/blog\/wp-content\/uploads\/2015\/12\/OReiEnxadrista-300x225.jpg\" alt=\"OReiEnxadrista\" width=\"300\" height=\"225\" srcset=\"https:\/\/maclarema.fr\/blog\/wp-content\/uploads\/2015\/12\/OReiEnxadrista-300x225.jpg 300w, https:\/\/maclarema.fr\/blog\/wp-content\/uploads\/2015\/12\/OReiEnxadrista.jpg 800w\" sizes=\"auto, (max-width: 300px) 100vw, 300px\" \/><\/a> Cette situation est d\u00e9sesp\u00e9rante pour tous ceux qui, comme nous, souhaitent une paix juste entre Isra\u00e9liens et Palestiniens et nous avons voulu, au travers d&rsquo;informations collect\u00e9es dans la presse ou sur internet, mieux comprendre ce qui s&rsquo;\u00e9tait pass\u00e9 et poser quelques questions sur ce qui pourrait faire \u00e9voluer la siruation.<\/p>\n<h4><strong>Les n\u00e9gociations sont rest\u00e9es secr\u00e8tes mais on peut rep\u00e9rer quelques \u00e9l\u00e9ments annon\u00e7ant par avance l&rsquo;impasse finale et les jalons de cet \u00e9chec.<\/strong><\/h4>\n<p><!--more--><\/p>\n<ul>\n<li><strong>Gel de la colonisation.<\/strong><\/li>\n<\/ul>\n<p>Le gouvernement isra\u00e9lien a manifest\u00e9 d&#8217;embl\u00e9e sa mauvaise volont\u00e9 en poursuivant le processus de colonisation et de construction \u00e0 J\u00e9rusalem Est et en Cisjordanie, alors que le gel de la colonisation avait \u00e9t\u00e9 pos\u00e9 comme pr\u00e9alable par les Palestiniens, soutenus au d\u00e9but par les Etats Unis. Malgr\u00e9 cela, le 23 juillet 2013 est annonc\u00e9e l!a reprise des n\u00e9gociations sans gel de la colonisation. Au cours des n\u00e9gociations, le gel de la colonisation est \u00e0 plusieurs reprises de nouveau exig\u00e9 sans r\u00e9sultat.<\/p>\n<ul>\n<li><strong>Lib\u00e9ration de prisonniers palestiniens.<\/strong><\/li>\n<\/ul>\n<p>N&rsquo;ayant pu obtenir cet arr\u00eat pr\u00e9alable de la colonisation, les Etats Unis imposent une autre contrepartie\u00a0: la lib\u00e9ration de prisonniers palestiniens. Ainsi, en juillet 2013, pour permettre la reprise des n\u00e9gociations, le gouvernement isra\u00e9lien accepte difficilement le principe d&rsquo;une lib\u00e9ration de 104 prisonniers palestiniens, en 4 groupes, d&rsquo;abord 26 prisonniers le 13 ao\u00fbt, suivi par un second contingent quatre mois plus tard. Le troisi\u00e8me groupe sera lib\u00e9r\u00e9 six mois apr\u00e8s la reprise des pourparlers, et le quatri\u00e8me devait l&rsquo;\u00eatre apr\u00e8s 8 mois. Cf Lib\u00e9ration <em><a href=\"http:\/\/www.liberation.fr\/monde\/2013\/08\/13\/israel-commence-a-liberer-les-prisonniers-palestiniens_924697\">Isra\u00ebl commence \u00e0 lib\u00e9rer ses prisonniers palestiniens<\/a><\/em><br \/>\nLe 3 avril, Isra\u00ebl annule la lib\u00e9ration du dernier contingent de 26 prisonniers palestiniens, \u00ab\u00a0en raison de la d\u00e9cision de l&rsquo;Autorit\u00e9 palestinienne de demander l&rsquo;adh\u00e9sion \u00e0 des accords et trait\u00e9s internationaux\u00a0\u00bb\u00a0\u00bb, ou en invoquant le refus par les Palestiniens de reconna\u00eetre Isra\u00ebl comme \u00ab\u00a0Etat juif\u00a0\u00bb. Cf l&rsquo;article de Laurent Zecchini, Le Monde, mercredi 26 mars 2014, repris sur le site de l&rsquo;AFPS \u00ab\u00a0<a href=\"http:\/\/www.france-palestine.org\/Les-negociations-au-Proche-Orient\">Les n\u00e9go\u00adcia\u00adtions au Proche-\u200b\u200bOrient sus\u00adpendues \u00e0 la lib\u00e9\u00adration de pri\u00adson\u00adniers palestiniens<\/a>\u00a0\u00bb<\/p>\n<ul>\n<li><strong>Reconnaissance d&rsquo;Isra\u00ebl comme \u00ab\u00a0Etat juif\u00a0\u00bb.<\/strong><\/li>\n<\/ul>\n<p>Les Palestiniens rejettent cette exigence, soulignant qu&rsquo;ils ont reconnu Isra\u00ebl en 1993 et que l&rsquo;accepter reviendrait \u00e0 renoncer sans contrepartie au \u00ab\u00a0droit au retour\u00a0\u00bb des r\u00e9fugi\u00e9s, ainsi qu&rsquo;\u00e0 leur propre histoire. Des Isra\u00e9liens rejettent aussi cette condition per\u00e7ue comme un pr\u00e9texte inutile \u2013 Isra\u00ebl est de facto un pays \u00e0 majorit\u00e9 juive &#8211; visant \u00e0 saborder un accord de paix tout en imputant \u00e0 Mahmoud Abbas la responsabilit\u00e9 de l&rsquo;\u00e9chec.<br \/>\n<a href=\"http:\/\/maclarema.free.fr\/fpUriAvnery.html\">Uri Avnery<\/a> en particulier publie le 8 f\u00e9vrier 2014 <a href=\"http:\/\/zope.gush-shalom.org\/home\/en\/channels\/avnery\/1391788617\">sur Gush Shalom un article<\/a> montrant que cette exigence exorbitante est contraire \u00e0 tous les usages diplomatiques\u00a0: <em>Qu&rsquo;est-ce qui cloche dans le fait de demander aux dirigeants palestiniens de reconna\u00eetre Isra\u00ebl comme \u00ab\u00a0l&rsquo;Etat nation du Peuple juif \u00ab\u00a0? Eh bien, pratiquement tout. Les Etats se reconnaissent les uns les autres. Ils n&rsquo;ont pas \u00e0 se reconna\u00eetre mutuellement leur caract\u00e8re id\u00e9ologique. Un Etat est une r\u00e9alit\u00e9. Les id\u00e9ologies sont des abstractions. Quand les Etats Unis ont reconnu l&rsquo;Union sovi\u00e9tique en 1933, ils ont reconnu l&rsquo;\u00e9tat. Ils n&rsquo;ont pas reconnu sa nature communiste.<\/em><br \/>\nVoir aussi sur Wkipedia l&rsquo;article tr\u00e8s document\u00e9 sur <a href=\"http:\/\/fr.wikipedia.org\/wiki\/%C3%89tat_juif#cite_note-25\">l&rsquo;Etat juif<\/a>, et les d\u00e9bats qu&rsquo;il suscite.<\/p>\n<ul>\n<li><strong>La fin des espoirs de paix se lit en quelques dates \u00e0 partir du 2 avril, mais le processus de d\u00e9litement avait sans doute commenc\u00e9 bien avant (aucun communiqu\u00e9 officiel n&rsquo;a fait \u00e9tat des divergences).<\/strong><\/li>\n<\/ul>\n<p><strong>&#8211; 2 avril<\/strong>\u00a0: Le coordinateur sp\u00e9cial de l&rsquo;ONU pour le processus de paix au Proche-Orient Robert Serry a re\u00e7u de la direction palestinienne des demandes d&rsquo;adh\u00e9sion \u00e0 13 conventions ou trait\u00e9s internationaux dont les Nations Unies sont d\u00e9positaires.<\/p>\n<p><strong>&#8211; 3 avril<\/strong>\u00a0: refus isra\u00e9lien de lib\u00e9rer le dernier contingent de prisonniers palestiniens.<\/p>\n<p><strong>&#8211; 23 avril<\/strong>\u00a0: annonce d&rsquo;un accord de r\u00e9conciliation interpalestinienne.<br \/>\n<strong>R\u00e9actions dans la presse isra\u00e9lienne<\/strong> <em>La presse isra\u00e9lienne r\u00e9agit entre incr\u00e9dulit\u00e9, hostilit\u00e9 et une touche de roublardise \u00e0 l&rsquo;accord de Gaza conclu le 23 avril et annon\u00e7ant un rapprochement entre les deux principales organisations palestiniennes, mettant fin ainsi \u00e0 sept ann\u00e9es de tensions inter palestiniennes<\/em>. (Cf <a href=\"http:\/\/www.courrierinternational.com\/article\/2014\/04\/25\/l-accord-palestinien-c-est-tout-benef-pour-l-etat-hebreu\">Courrier International<\/a>).<br \/>\n<a href=\"http:\/\/www.avnery-news.co.il\/english\/index.html\">Analyse de Uri Avnery<\/a> (Gush Shalom) \u00ab\u00a0Pour quiconque s&rsquo;int\u00e9resse \u00e0 la paix isra\u00e9lo-palestinienne , la perspective de la r\u00e9conciliation palestinienne interne est une bonne nouvelle\u00a0\u00bb (trad.)<\/p>\n<p><strong>&#8211; 24 avril<\/strong>\u00a0: Le gouvernement isra\u00e9lien annonce officiellement la suspension des n\u00e9gociations avec l&rsquo;Autorit\u00e9 palestinienne, apr\u00e8s l&rsquo;annonce de sa r\u00e9conciliation avec le Hamas.<\/p>\n<p><strong>&#8211; 27 avril<\/strong>\u00a0: Mahmoud Abbas qualifie la Shoah de \u00ab\u00a0crime le plus odieux que l&rsquo;humanit\u00e9 ait connu au cours de l&rsquo;\u00e8re moderne \u00bb.<\/p>\n<p><strong>&#8211; 29 avril<\/strong>\u00a0: Mahmoud Abbas se dit pr\u00eat \u00e0 poursuivre les n\u00e9gociations de paix avec Isra\u00ebl, \u00e0 condition qu&rsquo;elles portent prioritairement sur le trac\u00e9 des fronti\u00e8res et qu&rsquo;elles soient assorties d&rsquo;un gel de la colonisation.<\/p>\n<p><strong>&#8211; 1er mai<\/strong>\u00a0: le premier ministre isra\u00e9lien, Benyamin N\u00e9tanyahou, a d\u00e9clar\u00e9 \u00ab\u00a0j&rsquo;ai l&rsquo;intention de soumettre une loi \u00e0 la Knesset qui constituera un ancrage constitutionnel pour le statut d&rsquo;Isra\u00ebl comme Etat national pour le peuple juif.\u00a0\u00bb Tsipi Livni s&rsquo;oppose \u00e0 ce projet. Menachem Hofnung, un professeur de sciences politiques \u00e0 l&rsquo;universit\u00e9 h\u00e9bra\u00efque, a estim\u00e9 qu&rsquo;une telle proposition n&rsquo;aurait probablement pas la majorit\u00e9 dans le gouvernement. \u00ab\u00a0<em>Il existe d\u00e9j\u00e0 des lois stipulant qu&rsquo;Isra\u00ebl est juif et d\u00e9mocratique, a-t-il rappel\u00e9. Donc, je ne suis pas s\u00fbr de l&rsquo;int\u00e9r\u00eat d&rsquo;une autre loi, si ce n&rsquo;est de mettre un nouvel obstacle au processus de paix.<\/em> \u00bb<\/p>\n<p><strong>&#8211; 2 mai<\/strong>\u00a0: les Palestiniens ont annonc\u00e9 qu&rsquo;ils allaient poursuivre des d\u00e9marches pour adh\u00e9rer \u00e0 une soixantaine d&rsquo;instances de l&rsquo;ONU et accords internationaux. Isra\u00ebl a indiqu\u00e9 de son c\u00f4t\u00e9 qu&rsquo;il allait retenir des fonds qu&rsquo;il per\u00e7oit pour le compte de l&rsquo;Autorit\u00e9 palestinienne et geler des projets de construction de logements destin\u00e9s \u00e0 des Palestiniens. (<a href=\"http:\/\/www.france-palestine.org\/Israeliens-et-Palestiniens,23493\">Source L\u2019Orient le Jour, d&rsquo;apr\u00e8s l&rsquo;AFP, mardi 29 avril 2014 sur le site AFPS<\/a>)<br \/>\n<strong>&#8211; 15 mai<\/strong>\u00a0: rencontre \u00e0 Londres, sans l&rsquo;aval du gouvernement N\u00e9tanyahou entre Mahmoud Abbas et Tsipi Livni, qui plaide pour la poursuite des n\u00e9gociations. (Cf\u00a0: <a href=\"http:\/\/www.lapresse.ca\/international\/moyen-orient\/201405\/19\/01-4767863-livni-plaide-pour-la-poursuite-des-contacts-avec-les-palestiniens.php\">article <\/a>, publi\u00e9 le 19 mai 2014 sur LaPresse.ca|).<\/p>\n<p>&nbsp;<\/p>\n<p>A suivre\u00a0! Prochain billet\u00a0: <a href=\"\/index.php?post\/2014\/05\/26\/Apr%C3%A8s-la-%C2%AB%C2%A0pause%C2%A0%C2%BB-des-pourparlers-de-paix%2C-quels-leviers-pour-de-nouvelles-perspectives%C2%A0\">Pourparlers de paix, quels leviers pour de nouvelles perspectives\u00a0?<\/a><\/p>\n","protected":false},"excerpt":{"rendered":"<p><em><\/em><strong><\/strong><code><\/code><em><\/em>R\u00e9dig\u00e9 par Claire<\/p>\n<p>Les \u00ab\u00a0pourparlers de paix\u00a0\u00bb, initi\u00e9s par John Kerry entre Isra\u00e9liens et Palestiniens, se sont officiellement interrompus le mardi 29 avril, \u00e0 l&rsquo;\u00e9ch\u00e9ance des 9 mois initialement pr\u00e9vus. Le pr\u00e9sident Obama prend acte de l&rsquo;\u00e9chec en jugeant n\u00e9cessaire de faire une \u00ab\u00a0pause\u00a0\u00bb.<img decoding=\"async\" src=\"\/public\/.O_Rei-enxadrista_s.jpg\" alt=\"echec\" style=\"float:right; margin: 0 0 1em 1em;\" title=\"echec, juil. 2014\" \/><\/p>\n<p>Cette situation est d\u00e9sesp\u00e9rante pour tous ceux qui, comme nous, souhaitent une paix juste entre Isra\u00e9liens et Palestiniens et nous avons voulu, au travers d&rsquo;informations collect\u00e9es dans la presse ou sur internet, mieux comprendre ce qui s&rsquo;\u00e9tait pass\u00e9 et  poser quelques questions sur ce qui pourrait faire \u00e9voluer la siruation.<\/p>\n<h4>Les n\u00e9gociations sont rest\u00e9es secr\u00e8tes mais on peut  rep\u00e9rer quelques \u00e9l\u00e9ments annon\u00e7ant par avance l&rsquo;impasse finale et les jalons de cet \u00e9chec.<\/h4>\n<p> <a href=\"https:\/\/maclarema.fr\/blog\/pourparlers-de-paix-chronologie-dun-echec\/\">Continuer la lecture <span class=\"meta-nav\">&rarr;<\/span><\/a><\/p>\n","protected":false},"author":2,"featured_media":0,"comment_status":"open","ping_status":"closed","sticky":false,"template":"","format":"standard","meta":{"footnotes":""},"categories":[4],"tags":[11,7],"class_list":["post-33","post","type-post","status-publish","format-standard","hentry","category-israel-palestine","tag-israel","tag-palestine"],"_links":{"self":[{"href":"https:\/\/maclarema.fr\/blog\/wp-json\/wp\/v2\/posts\/33","targetHints":{"allow":["GET"]}}],"collection":[{"href":"https:\/\/maclarema.fr\/blog\/wp-json\/wp\/v2\/posts"}],"about":[{"href":"https:\/\/maclarema.fr\/blog\/wp-json\/wp\/v2\/types\/post"}],"author":[{"embeddable":true,"href":"https:\/\/maclarema.fr\/blog\/wp-json\/wp\/v2\/users\/2"}],"replies":[{"embeddable":true,"href":"https:\/\/maclarema.fr\/blog\/wp-json\/wp\/v2\/comments?post=33"}],"version-history":[{"count":5,"href":"https:\/\/maclarema.fr\/blog\/wp-json\/wp\/v2\/posts\/33\/revisions"}],"predecessor-version":[{"id":1814,"href":"https:\/\/maclarema.fr\/blog\/wp-json\/wp\/v2\/posts\/33\/revisions\/1814"}],"wp:attachment":[{"href":"https:\/\/maclarema.fr\/blog\/wp-json\/wp\/v2\/media?parent=33"}],"wp:term":[{"taxonomy":"category","embeddable":true,"href":"https:\/\/maclarema.fr\/blog\/wp-json\/wp\/v2\/categories?post=33"},{"taxonomy":"post_tag","embeddable":true,"href":"https:\/\/maclarema.fr\/blog\/wp-json\/wp\/v2\/tags?post=33"}],"curies":[{"name":"wp","href":"https:\/\/api.w.org\/{rel}","templated":true}]}}