{"id":3349,"date":"2023-12-20T09:08:24","date_gmt":"2023-12-20T08:08:24","guid":{"rendered":"https:\/\/maclarema.fr\/blog\/?p=3349"},"modified":"2023-12-20T09:27:16","modified_gmt":"2023-12-20T08:27:16","slug":"pour-savoir-de-quoi-on-parle-palestine-israel-1918-2023-dates-faits-cartes","status":"publish","type":"post","link":"https:\/\/maclarema.fr\/blog\/pour-savoir-de-quoi-on-parle-palestine-israel-1918-2023-dates-faits-cartes\/","title":{"rendered":"Pour savoir de quoi on parle :  Palestine\/Isra\u00ebl  1918-2023 (dates, faits, cartes)"},"content":{"rendered":"<p><strong>Domination britannique : 1918-1947<\/strong><\/p>\n<p><strong>1919<\/strong> : accord Fay\u00e7al (fils du Cheikh de la Mecque Hussein, futur roi de Syrie et d&rsquo;Irak)\/Weizmann (homme politique anglais,\u00a0 sioniste) qui pr\u00e9voit un Foyer pour les Juifs (Yishouv) et une nation arabe d&rsquo;un seul tenant au Proche et Moyen Orient. Accord trahi par la conf\u00e9rence de san Remo<\/p>\n<p><strong>1919-1923<\/strong> : <strong>troisi\u00e8me alyah*<\/strong>\u00a0 35 000 personnes d&rsquo;Europe de l&rsquo;Est \u00e0 tendance socialiste<\/p>\n<p><strong>1920<\/strong> <strong>: conf\u00e9rence de San Remo<\/strong> qui r\u00e9partit les provinces arabes de l&#8217;empire ottoman<\/p>\n<div id=\"attachment_3376\" style=\"width: 445px\" class=\"wp-caption alignleft\"><a href=\"https:\/\/maclarema.fr\/blog\/wp-content\/uploads\/2023\/12\/Avril-1920-La-confe\u0301rence-de-San-Remo.png\"><img loading=\"lazy\" decoding=\"async\" aria-describedby=\"caption-attachment-3376\" class=\"wp-image-3376\" src=\"https:\/\/maclarema.fr\/blog\/wp-content\/uploads\/2023\/12\/Avril-1920-La-confe\u0301rence-de-San-Remo-293x300.png\" alt=\"\" width=\"435\" height=\"446\" srcset=\"https:\/\/maclarema.fr\/blog\/wp-content\/uploads\/2023\/12\/Avril-1920-La-confe\u0301rence-de-San-Remo-293x300.png 293w, https:\/\/maclarema.fr\/blog\/wp-content\/uploads\/2023\/12\/Avril-1920-La-confe\u0301rence-de-San-Remo.png 585w\" sizes=\"auto, (max-width: 435px) 100vw, 435px\" \/><\/a><p id=\"caption-attachment-3376\" class=\"wp-caption-text\">en 1920<\/p><\/div>\n<p>entre l&rsquo;Angleterre et la France<br \/>\nApplication de la d\u00e9claration Balfour.<br \/>\nCr\u00e9ation des premi\u00e8res institutions juives : Conseil national, Histadrout*, Hagannah*<\/p>\n<p><strong>1921<\/strong> : affrontements Juifs\/Arabes. Les mouvements arabes palestiniens refusent l&rsquo;\u00e9tablissement d&rsquo;un Foyer juif.<\/p>\n<p><strong>1922<\/strong> : l&rsquo;\u00e9mirat de Transjordanie (1921-1946) devient protectorat autonome britannique<br \/>\nLivre blanc* de Churchill sur la Palestine<br \/>\nPalestine devient mandat britannique par la SDN<!--more--><\/p>\n<p><strong>1924-1928<\/strong> : <strong>quatri\u00e8me alyah*<\/strong> de Juifs polonais principalement, chass\u00e9s par les mesures \u00e9conomiques anti-juives et la conscription. Plus religieux, ils s&rsquo;installent dans les villes pour faire du commerce<\/p>\n<p><strong>1925<\/strong> : Jabotinsky fonde le mouvement r\u00e9visionniste*<\/p>\n<p><strong>1928<\/strong> : incidents entre Juifs et Arabes pr\u00e8s du Mur des lamentations<\/p>\n<p><strong>1929-1939<\/strong> : <strong>cinqui\u00e8me<\/strong> <strong>alyah*<\/strong>\u00a0180 000 personnent affluent d&rsquo;Europe centrale et orientale ainsi que d&rsquo;Allemagne et d&rsquo;Autriche \u00e0 partir de 1933. Ce sont des r\u00e9fugi\u00e9s qui fuient le nazisme et d&rsquo;autres r\u00e9gimes autoritaires antis\u00e9mites.<\/p>\n<p><strong>1929<\/strong> : cr\u00e9ation de l&rsquo;Agence juive*<br \/>\nEmeutes \u00e0 J\u00e9rusalem, pogroms anti-juifs \u00e0 H\u00e9bron et Safed<\/p>\n<p><strong>1930<\/strong> : Second livre blanc britannique pour limiter l&rsquo;achat de terres par les Juifs<\/p>\n<p><strong>1933<\/strong> : <strong>accord Haavara<\/strong> entre le gouvernement d&rsquo;Hitler et la f\u00e9d\u00e9ration sioniste d&rsquo;Allemagne sur des transferts de biens, pour favoriser l&rsquo;\u00e9migation des Juifs allemands vers la Palestine (60 000 \u00e9migrants)<\/p>\n<p><strong>1935 -1939<\/strong> : \u00ab\u00a0grande r\u00e9volte arabe\u00a0\u00bb et gr\u00e8ve g\u00e9n\u00e9rale pour arr\u00eater l&rsquo;immigration juive et la vente des terres. Mouvement soutenu par le Mufti de J\u00e9rusalem Al Hussein<br \/>\nAttentats arabes contre les Juifs et les Britanniques<\/p>\n<p><strong>1937<\/strong> : <strong>commission Peel<\/strong> qui propose une partition de la Palestine entre Juifs et arabes (15% des terres aux Juifs qui sont 30% de la population). Ce projet est accept\u00e9 par Ben Gourion et refus\u00e9 par les Arabes<\/p>\n<div id=\"attachment_3380\" style=\"width: 331px\" class=\"wp-caption alignright\"><a href=\"https:\/\/maclarema.fr\/blog\/wp-content\/uploads\/2023\/12\/carte_2_publi_v2-resp400.png.webp\"><img loading=\"lazy\" decoding=\"async\" aria-describedby=\"caption-attachment-3380\" class=\"wp-image-3380\" src=\"https:\/\/maclarema.fr\/blog\/wp-content\/uploads\/2023\/12\/carte_2_publi_v2-resp400.png.webp\" alt=\"\" width=\"321\" height=\"584\" \/><\/a><p id=\"caption-attachment-3380\" class=\"wp-caption-text\">plan de partage de 1937<\/p><\/div>\n<p><strong>1937-1938<\/strong> : attentats juifs\u00a0 de l&rsquo;Irgoun* dirig\u00e9e par Begin et attentats arabes se succ\u00e8dent<\/p>\n<p><strong>1939<\/strong> : troisi\u00e8me Livre blanc britannique pour limiter drastiquement l&rsquo;immigration juive<br \/>\nTension des relations entre les Juifs et les Britanniques<\/p>\n<p><strong>1941<\/strong> : alliance du Mufti Al Hussein avec Hitler pour \u00e9liminer les Juifs de tous les pays arabes. Une majorit\u00e9 de Palestiniens arabes rejettent cette alliance<\/p>\n<p><strong>1942<\/strong> : <strong>programme de Biltmore<\/strong> \u00e0 New York par les organisations sionistes r\u00e9unies pour rejeter le dernier Livre blanc et faire de la Palestine une sorte de \u00ab\u00a0commonwealth juif\u00a0\u00bb<\/p>\n<p><strong>1945<\/strong> : fin de la guerre<br \/>\nDes dizaines de milliers de survivants de la Shoah, surtout d&rsquo;Europe centrale et orientale, n&rsquo;ayant aucun pays pour les accueillir, affluent en Palestine souvent clandestinement<br \/>\nCr\u00e9ation de la Ligue arabe* au Caire<br \/>\nLutte arm\u00e9e de la Haganah et de l&rsquo;Irgoun contre les Britanniques qui attaquent des navires d&rsquo;immigrants (comme Exodus) et internent les Juifs dans des camps de r\u00e9tention \u00e0 Ha\u00effa ou \u00e0 Chypre<\/p>\n<p><strong>1946<\/strong> : ind\u00e9pendance de la Transjordanie<br \/>\nCr\u00e9ation d&rsquo;un Haut comit\u00e9 arabe en Palestine<br \/>\n22 juillet attentat de l&rsquo;Irgoun contre le QG militaire britannique \u00e0 J\u00e9rusalem (H\u00f4tel King David)<br \/>\nCommission d&rsquo;enqu\u00eate anglo-am\u00e9ricaine sur la Palestine<\/p>\n<p><strong>1947<\/strong> : la Grande-Bretagne transmet le dossier palestinien \u00e0 l&rsquo;ONU qui propose la solution de 2 \u00e9tats ind\u00e9pendants avec J\u00e9rusalem \u00ab\u00a0corpus separatum\u00a0\u00bb sous contr\u00f4le international. Ce projet est accept\u00e9 par l&rsquo;Agence juive et refus\u00e9 par le Haut Comit\u00e9 arabe et la Ligue arabe qui veulent un seul \u00e9tat bi-national, la fin de l&rsquo;immigration juive et l&rsquo;expulsion de 40 000 Juifs qui seraient entr\u00e9s ill\u00e9galement.<\/p>\n<div id=\"attachment_3381\" style=\"width: 360px\" class=\"wp-caption alignright\"><a href=\"https:\/\/maclarema.fr\/blog\/wp-content\/uploads\/2023\/12\/carte_3_publi_v2-resp400.png.webp\"><img loading=\"lazy\" decoding=\"async\" aria-describedby=\"caption-attachment-3381\" class=\"wp-image-3381\" src=\"https:\/\/maclarema.fr\/blog\/wp-content\/uploads\/2023\/12\/carte_3_publi_v2-resp400.png.webp\" alt=\"\" width=\"350\" height=\"633\" \/><\/a><p id=\"caption-attachment-3381\" class=\"wp-caption-text\">Partage de l&rsquo;ONU 1947<\/p><\/div>\n<p>29 novembre : <strong>l&rsquo;ONU vote la r\u00e9solution 181 <\/strong>pour la cr\u00e9ation de deux \u00e9tats. Isra\u00ebl re\u00e7oit 55% des terres (dont 40% de d\u00e9sert) pour 37% de la population, la Palestine arabe 45% des terres pour 63% de la population. Les Juifs acceptent (sauf l&rsquo;Irgoun), les Arabes sont contre (sauf les communistes qui suivent l&rsquo;avis de l&rsquo;URSS)<br \/>\nEmeutes anti-juives en Palestine, Syrie, au Yemen (pogrom d&rsquo;Aden)<\/p>\n<p><strong>1948 : 14 mai proclamation de l&rsquo;\u00e9tat d&rsquo;Isra\u00ebl <\/strong>par Ben Gourion, qui devient premier ministre (jusqu&rsquo;en 1963)<\/p>\n<p>15 mai-11 juin\u00a0 <strong>premi\u00e8re guerre isra\u00e9lo-arabe<\/strong> \u00e0 l&rsquo;initiative de l&rsquo;Egypte, la Syrie, l&rsquo;Irak, la Jordanie puis juillet-octobre reprise du conflit contre l&rsquo;Egypte<br \/>\nCr\u00e9ation de l&rsquo;arm\u00e9e (Tsahal) \u00e0 partir de l&rsquo;ensemble des milices juives<br \/>\nVictoire des Isra\u00e9liens sauf dans le N\u00e9guev et en Cisjordanie<br \/>\nD\u00e9cembre\u00a0 <a href=\"https:\/\/fr.wikipedia.org\/wiki\/Exode_palestinien_de_1948\"><strong>\u00ab\u00a0Nakba\u00a0\u00bb<\/strong><\/a> 730 000 Arabes palestiniens sont chass\u00e9s d&rsquo;Isra\u00ebl et s&rsquo;enfuient vers Gaza, la Cisjordanie, la Syrie, le Liban et la Jordanie<\/p>\n<p><strong>1949<\/strong>\u00a0 accords d&rsquo;armistice, le N\u00e9guev \u00e9choit \u00e0 Isra\u00ebl<br \/>\nCr\u00e9ation de l&rsquo;UNRWA*<\/p>\n<p><strong>1950<\/strong>\u00a0 loi isra\u00e9lienne : les terres des exil\u00e9s palestiniens sont redistribu\u00e9es aux kibboutz<\/p>\n<div id=\"attachment_3382\" style=\"width: 360px\" class=\"wp-caption alignright\"><a href=\"https:\/\/maclarema.fr\/blog\/wp-content\/uploads\/2023\/12\/carte_4_publi_v2-resp400.png.webp\"><img loading=\"lazy\" decoding=\"async\" aria-describedby=\"caption-attachment-3382\" class=\"wp-image-3382\" src=\"https:\/\/maclarema.fr\/blog\/wp-content\/uploads\/2023\/12\/carte_4_publi_v2-resp400.png.webp\" alt=\"\" width=\"350\" height=\"638\" \/><\/a><p id=\"caption-attachment-3382\" class=\"wp-caption-text\">apr\u00e8s la guerre de 1948<\/p><\/div>\n<p>Loi du retour pour les Juifs de la diaspora<br \/>\nSelon les accords d&rsquo;armistice de 1949, la Cisjordanie est rattach\u00e9e \u00e0 la Transjordanie pour former la Jordanie, la Palestine mandataire est r\u00e9partie ainsi : 77% \u00e0 Isra\u00ebl, 20%\u00a0 \u00e0 la Jordanie (Cisjordanie), 2% \u00e0 l&rsquo;Egypte (Gaza) (voir carte ci-contre)<br \/>\n<strong>1948-1952<\/strong> : Afflux de 700 000 Juifs d&rsquo;Europe en majorit\u00e9 et de pays musulmans (Y\u00e9men, Irak, \u00e9tats mena\u00e7ants pour eux)<\/p>\n<p><strong>1952<\/strong> : monarchie \u00e9gyptienne renvers\u00e9e par des militaires dont Nasser<\/p>\n<p><strong>1956<\/strong> : nationalisation du canal de Suez par Nasser<br \/>\nOp\u00e9rations militaires isra\u00e9lo-franco-anglaises dans le Sina\u00ef<br \/>\nVictoire d&rsquo;Isra\u00ebl mais fin des combats en d\u00e9cembre impos\u00e9e par l&rsquo;ONU, forces de l&rsquo;ONU mass\u00e9es aux fronti\u00e8res du Sina\u00ef<\/p>\n<p><strong>1956-1966<\/strong> : nouvelle alyah de 500 000 Juifs orientaux \u00ab\u00a0Mizrahim\u00a0\u00bb chass\u00e9s d&rsquo;Egypte et du Mahgreb<\/p>\n<p><strong>1963<\/strong> : retrait du premier ministre Ben Gourion de la vie politique<\/p>\n<p><strong>1964<\/strong> : sommet des chefs d&rsquo;\u00e9tats arabes au Caire, cr\u00e9ation de l&rsquo;OLP*<br \/>\nRetrait des forces de l&rsquo;ONU du Sina\u00ef<\/p>\n<div id=\"attachment_3386\" style=\"width: 410px\" class=\"wp-caption alignright\"><a href=\"https:\/\/maclarema.fr\/blog\/wp-content\/uploads\/2023\/12\/carte_5_publi_v22-resp495.png.webp\"><img loading=\"lazy\" decoding=\"async\" aria-describedby=\"caption-attachment-3386\" class=\"wp-image-3386\" src=\"https:\/\/maclarema.fr\/blog\/wp-content\/uploads\/2023\/12\/carte_5_publi_v22-resp495.png.webp\" alt=\"\" width=\"400\" height=\"566\" \/><\/a><p id=\"caption-attachment-3386\" class=\"wp-caption-text\">Apr\u00e8s la guerre des 6 jours 1967<\/p><\/div>\n<p><strong>1967<\/strong> : 23 mai\u00a0 blocus par l&rsquo;Egypte des navires isra\u00e9liens dans le d\u00e9troit de Tiran, mouvements de troupes de l&rsquo;Egypte aux fronti\u00e8res d&rsquo;Isra\u00ebl<br \/>\n<strong>5-10 juin guerre des Six jours<\/strong> contre l&rsquo;Egypte, la Jordanie et la Syrie<br \/>\nIsra\u00ebl contr\u00f4le l&rsquo;est de J\u00e9rusalem, le Golan, les fermes de Chebaa*, le Sina\u00ef\u00a0 Gaza et la Cisjordanie.<br \/>\n<strong>Plan Allon <\/strong>premi\u00e8res implantations de colonies de peuplement isra\u00e9liennes dans le Golan, Gaza et la vall\u00e9e du Jourdain<br \/>\nAfflux d&rsquo;immigrants juifs des USA, de la France puis d&rsquo;URSS<br \/>\n<strong>R\u00e9solution 242 de l&rsquo;ONU<\/strong> qui stipule principalement qu&rsquo;Isra\u00ebl doit se retirer des territoires conquis en juin 1967<\/p>\n<p><strong>1969<\/strong> : Arafat pr\u00e9sident de l&rsquo;OLP pr\u00f4ne la lutte arm\u00e9e contre Isra\u00ebl<br \/>\nGolda Meir premi\u00e8re ministre d&rsquo;Isra\u00ebl, travailliste, jusqu&rsquo;en 1974 (o\u00f9 elle sera contrainte de d\u00e9missioner suite \u00e0 la guerre du kippour)<\/p>\n<p><strong>1970<\/strong> : offensive militaire du gouvernement jordanien \u00ab\u00a0septembre noir\u00a0\u00bb contre le Fatah* et le FPLP* bas\u00e9s en Jordanie (milliers de morts palestiniens)<br \/>\nMort de Nasser<\/p>\n<p><strong>1970-1980<\/strong> : nombreux attentats\u00a0 de groupes arm\u00e9s palestiniens contre les avions d&rsquo;El Al ou d&rsquo;autres compagnies, dont le d\u00e9tournement d&rsquo;un avion d&rsquo;Air France vers Entebbe (Ouganda) en juillet 1976<\/p>\n<p><strong>1972<\/strong> : assassinat de 11 athl\u00e8tes isra\u00e9liens aux JO de Munich pris en otages par le groupe arm\u00e9 palestinien Septembre noir<\/p>\n<div id=\"attachment_3387\" style=\"width: 360px\" class=\"wp-caption alignright\"><a href=\"https:\/\/maclarema.fr\/blog\/wp-content\/uploads\/2023\/12\/carte_6_publi_v2-resp495.png.webp\"><img loading=\"lazy\" decoding=\"async\" aria-describedby=\"caption-attachment-3387\" class=\"wp-image-3387\" src=\"https:\/\/maclarema.fr\/blog\/wp-content\/uploads\/2023\/12\/carte_6_publi_v2-resp495.png.webp\" alt=\"\" width=\"350\" height=\"494\" \/><\/a><p id=\"caption-attachment-3387\" class=\"wp-caption-text\">Apr\u00e8s la guerre de Kippour 1973<\/p><\/div>\n<p><strong>1973<\/strong> :\u00a0 <strong>6 octobre<\/strong> l&rsquo;Egypte et la Syrie d\u00e9clenchent <strong>la guerre de Kippour <\/strong>qui se termine le 25 par un cessez-le-feu demand\u00e9 par l&rsquo;ONU. Echec de l&rsquo;Egypte et de la Syrie.<br \/>\nPremier choc p\u00e9trolier<br \/>\nNovembre\u00a0 sommet d&rsquo;Alger, OLP unique repr\u00e9sentante des Palestiniens<\/p>\n<p><strong>1974<\/strong> : accord de d\u00e9sengagement isra\u00e9lo-\u00e9gyptien<br \/>\nArafat re\u00e7u \u00e0 l&rsquo;AG de l&rsquo;ONU<\/p>\n<p><strong>1975<\/strong> : guerre civile libanaise<br \/>\nRetrait partiel du Sina\u00ef par Isra\u00ebl<\/p>\n<p><strong>1977 :<\/strong> premi\u00e8re victoire de la droite isra\u00e9lienne, Begin premier ministre<br \/>\nVisite de Sadate \u00e0 J\u00e9rusalem<\/p>\n<p><strong>1978<\/strong> : op\u00e9ration Litani, intervention d&rsquo;Isra\u00ebl au Sud Liban<br \/>\nCr\u00e9ation du mouvement isra\u00e9lien La Paix maintenant<br \/>\n<strong>17 septembre accords de Camp David <\/strong>entre Egypte et Isra\u00ebl<\/p>\n<p><strong>1979<\/strong> : 26 mars <strong>trait\u00e9 de paix <\/strong>qui ent\u00e9rine les accords de 1978<\/p>\n<p><strong>1980<\/strong> : loi isra\u00e9lienne qui d\u00e9clare J\u00e9rusalem r\u00e9unifi\u00e9e capitale<\/p>\n<p><strong>1981<\/strong> : <strong>assassinat de Sadate<\/strong><br \/>\nAnnexion unilat\u00e9rale du Golan par Isra\u00ebl<br \/>\nAttaque du Nord d&rsquo;Isra\u00ebl par les Palestiniens du Sud Liban<\/p>\n<p><strong>1982<\/strong> : implantations isra\u00e9liennes du Sina\u00ef d\u00e9mantel\u00e9es par Sharon selon l&rsquo;accord de 1979<br \/>\n6 juin op\u00e9ration militaire \u00ab\u00a0paix en Galil\u00e9e\u00a0\u00bb, si\u00e8ge de Beyrouth par Isra\u00ebl en soutien aux phalanges chr\u00e9tiennes contre les Libanais palestiniens<br \/>\nOLP \u00e9vacu\u00e9e du Liban vers la Tunisie<br \/>\nRetrait de Beyrouth, installation de Tsahal au Sud Liban<\/p>\n<p><strong>1983<\/strong> : novembre attentat par le Hezbollah du QG de l&rsquo;arm\u00e9e isra\u00e9lienne \u00e0 Tyr (Liban)<br \/>\nAffrontements interpalestiniens au Liban<\/p>\n<p><strong>1985<\/strong> : retrait du Liban par Isra\u00ebl<br \/>\nRaid de l&rsquo;aviation isra\u00e9lienne contre le QG de l&rsquo;OLP \u00e0 Tunis<br \/>\nOctobre le FPLP s&#8217;empare du navire italien Achille Lauro et tue un ressortissant juif am\u00e9ricain<\/p>\n<p><strong>1987<\/strong> :\u00a0 9 d\u00e9cembre <strong>premi\u00e8re \u00ab\u00a0intifada\u00a0\u00bb<\/strong> (guerre des pierres) \u00e0 Gaza, puis en Cisjordanie<br \/>\n14 d\u00e9cembre cr\u00e9ation du Hamas<strong>,<\/strong> branche politique et arm\u00e9e des Fr\u00e8res musulmans par Yassine<\/p>\n<p><strong>1988<\/strong> : Hussein de Jordanie rompt tout lien avec la Cisjordanie<br \/>\nArafat accepte la r\u00e9solution 242 de l&rsquo;ONU (ce qui \u00e9quivaut paradoxalement \u00e0 une reconnaissance sous-entendue d&rsquo;Isra\u00ebl)<\/p>\n<p><strong>1989<\/strong> : Yassine arr\u00eat\u00e9 \u00e0 Gaza, attentats du Hamas contre Isra\u00ebl<\/p>\n<p><strong>1991<\/strong> : premi\u00e8re guerre du Golfe, scuds envoy\u00e9s sur Isra\u00ebl sur l&rsquo;ordre de Saddam Hussein, pr\u00e9sident d&rsquo;Irak<br \/>\nOctobre conf\u00e9rence de Madrid sur la paix au Proche Orient<\/p>\n<p><strong>1992<\/strong> : victoire travailliste, Rabin premier ministre<\/p>\n<p><strong>1993<\/strong> : <strong>accords d&rsquo;Oslo I entre Rabin et Arafat<\/strong> pour une reconnaissance mutuelle et les principes d&rsquo;une autonomie de la Palestine pour g\u00e9rer Gaza et la Cisjordanie. Ils conviennent de trouver une solution d\u00e9finitive dans les 5 ans : statut de la Palestine, fronti\u00e8res, sort des r\u00e9fugi\u00e9s, avenir des colonies juives.<\/p>\n<p><strong>1994<\/strong> : <strong>trait\u00e9 de paix entre Isra\u00ebl et la Jordanie<\/strong><br \/>\nF\u00e9vrier attentat de l&rsquo;isra\u00e9lien Baruch Goldstein contre des Musulmans palestiniens \u00e0 Hebron (tombeau des Patriarches)<\/p>\n<p><strong>1995<\/strong> : accords d&rsquo;<strong>Oslo II <\/strong>\u00a0la Cisjordanie est divis\u00e9e en 3 zones A,B,C<br \/>\n<strong>5 novembre assassinat de Rabin<\/strong> par un extr\u00e9miste religieux isra\u00e9lien<br \/>\nAttentats du Hamas contre des civils isra\u00e9liens<\/p>\n<p><strong>1996<\/strong> : premier gouvernement Netanyaou oppos\u00e9 \u00e0 la cr\u00e9ation d&rsquo;un \u00e9tat palestinien<\/p>\n<p><strong>1997<\/strong> : accord Isra\u00ebl\/OLP : l&rsquo;arm\u00e9e isra\u00e9lienne \u00e9vacue la majeure partie d&rsquo;H\u00e9bron (80% aux Arabes, 20% aux Juifs)<\/p>\n<p><strong>1998<\/strong> : <strong>accords de Wye Plantation <\/strong>entre Netanyaou et Arafat qui pr\u00e9voient la mise en service d&rsquo;un a\u00e9roport \u00e0 Gaza (effectu\u00e9), une route s\u00e9curis\u00e9e entre Gaza et la Cisjordanie (non faite) et l&rsquo;\u00e9vacuation de 30% des colonies isra\u00e9liennes<\/p>\n<p><strong>1999<\/strong> : Barak premier ministre, travailliste<\/p>\n<p><strong>2000<\/strong> : juillet <a href=\"https:\/\/fr.wikipedia.org\/wiki\/Sommet_de_Camp_David_II\">\u00e9chec des n\u00e9gociations<\/a> de <strong>Camp David II<\/strong> entre Barak et Arafat (et Clinton)<br \/>\nseptembre <strong>seconde \u00ab\u00a0intifada\u00a0\u00bb<\/strong> apr\u00e8s la visite de Sharon sur l&rsquo;Esplanade des mosqu\u00e9es<br \/>\nD\u00e9but de la construction du mur de s\u00e9paration entre Isra\u00ebl et la Cisjordanie<\/p>\n<p><strong>2001<\/strong> : <strong>pourparlers de Taba <\/strong>(Egypte)<strong>,<\/strong> rencontre tr\u00e8s prometteuse entre Barak, Arafat et Clinton. Des avanc\u00e9es proches de la r\u00e9solution 242 sont propos\u00e9es sur J\u00e9rusalem, les territoires occup\u00e9s et Gaza. Mais ces propositions sont rendues caduques par l&rsquo;\u00e9lection de Sharon.<\/p>\n<p><strong>2002<\/strong> : feuille de route de George Bush pour une paix au Proche Orient qui pr\u00e9voit la cr\u00e9ation d&rsquo;un \u00e9tat palestinien en 2005 et la fin du terrorisme palestinien. L&rsquo;ONU vote la r\u00e9solution 1397 \u00ab\u00a0perspective de deux \u00e9tats aux fronti\u00e8res s\u00fbres\u00a0\u00bb.<\/p>\n<p><strong>2004<\/strong> : \u00e9limination du chef du Hamas Yassine par Isra\u00ebl<br \/>\nMort d&rsquo;Arafat<\/p>\n<p><strong>2005<\/strong> : <strong>d\u00e9sengagement de Gaza par Isra\u00ebl,<\/strong> 7500 Juifs de 21 colonies quittent Gaza<\/p>\n<div id=\"attachment_3388\" style=\"width: 360px\" class=\"wp-caption alignright\"><a href=\"https:\/\/maclarema.fr\/blog\/wp-content\/uploads\/2023\/12\/carte_7_publi_v2-resp463.png.webp\"><img loading=\"lazy\" decoding=\"async\" aria-describedby=\"caption-attachment-3388\" class=\"wp-image-3388\" src=\"https:\/\/maclarema.fr\/blog\/wp-content\/uploads\/2023\/12\/carte_7_publi_v2-resp463.png.webp\" alt=\"\" width=\"350\" height=\"598\" \/><\/a><p id=\"caption-attachment-3388\" class=\"wp-caption-text\">1982-2006<\/p><\/div>\n<p><strong>2006<\/strong> : Olmert premier ministre, Likoud<br \/>\nLe Hamas \u00e9lu \u00e0 Gaza, Haniyeh premier ministre<br \/>\nIncidents meurtriers \u00e0 Gaza entre le Hamas \u00e9lu et l&rsquo;OLP,\u00a0 Mahmoud Abbas perd le pouvoir sur Gaza et s&rsquo;installe en Cisjordanie<br \/>\nEnl\u00e8vement du caporal Shalit au kibboutz de Kerem Shalom par le Hamas, en r\u00e9action op\u00e9ration militaire \u00ab\u00a0Pluies d&rsquo;\u00e9t\u00e9\u00a0\u00bb jusqu&rsquo;en novembre \u00e0 Gaza<\/p>\n<p><strong>2007<\/strong> : blocus \u00e9conomique de Gaza, restrictions de circulation<\/p>\n<p><strong>2008<\/strong> : tirs de roquettes de Gaza sur Isra\u00ebl, op\u00e9ration militaire a\u00e9rienne et terrestre \u00ab\u00a0Plomb durci\u00a0\u00bb<\/p>\n<p><strong>2009<\/strong> : second gouvernement Netanyaou<\/p>\n<p><strong>2010<\/strong> : intervention meurtri\u00e8re de l&rsquo;arm\u00e9e isra\u00e9lienne au large de Gaza contre une flottille de militants \u00e9trangers oppos\u00e9s au blocus<\/p>\n<p><strong>2011<\/strong> :\u00a0 attentats palestiniens contre des Isra\u00e9liens \u00e0 Itamar (Cisjordanie)<br \/>\nCcessez-le-feu entre Isra\u00ebl et le Hamas le 22 ao\u00fbt<\/p>\n<p><strong>2012<\/strong> :\u00a0 novembre la Palestine \u00e9tat observateur non-membre de l&rsquo;ONU<br \/>\nJuin\u00a0 enl\u00e8vement et assassinat de 3 jeunes isra\u00e9liens pr\u00e8s d&rsquo;H\u00e9bron puis assassinat d&rsquo;un jeune palestinien : \u00e9meutes et arrestation de 800 Palestiniens du Hamas<br \/>\nTirs de roquettes du Hamas depuis Gaza<br \/>\n18 juillet op\u00e9ration militaire \u00ab\u00a0Bordure protectrice\u00a0\u00bb contre Gaza<br \/>\nAppel du gouvernement iranien \u00e0 la destruction d&rsquo;Isra\u00ebl<\/p>\n<p><strong>2015-2017<\/strong> : \u00ab\u00a0intifada des couteaux\u00a0\u00bb attentats contre des civils ou des militaires isra\u00e9liens<\/p>\n<p><strong>2016<\/strong> : r\u00e9solution 2334 de l&rsquo;ONU pour rappeler Isra\u00ebl \u00e0 l&rsquo;arr\u00eat des colonisations en Cisjordanie<\/p>\n<p><strong>2017<\/strong> : Trump reconna\u00eet \u00ab\u00a0J\u00e9rusalem comme capitale \u00e9ternelle d&rsquo;Isra\u00ebl\u00a0\u00bb<\/p>\n<p><strong>2018<\/strong> :\u00a0 mars-15 mai \u00ab\u00a0marches du retour\u00a0\u00bb de Gazaouis \u00e0 la fronti\u00e8re de Gaza pour comm\u00e9morer l&rsquo;exil de 1948 des Palestiniens<br \/>\n15 mai : Trump en Isra\u00ebl pour l&rsquo;inauguration de l&rsquo;ambassade des USA qu&rsquo;il a transf\u00e9r\u00e9e de Tel Aviv \u00e0 J\u00e9rusalem<br \/>\nJuillet <strong>loi fondamentale d&rsquo;Isra\u00ebl comme \u00e9tat nation du peuple juif<\/strong><\/p>\n<div id=\"attachment_3394\" style=\"width: 460px\" class=\"wp-caption aligncenter\"><a href=\"https:\/\/maclarema.fr\/blog\/wp-content\/uploads\/2023\/12\/EPY2upzX0Akk14R.jpg\"><img loading=\"lazy\" decoding=\"async\" aria-describedby=\"caption-attachment-3394\" class=\"wp-image-3394\" src=\"https:\/\/maclarema.fr\/blog\/wp-content\/uploads\/2023\/12\/EPY2upzX0Akk14R.jpg\" alt=\"\" width=\"450\" height=\"587\" srcset=\"https:\/\/maclarema.fr\/blog\/wp-content\/uploads\/2023\/12\/EPY2upzX0Akk14R.jpg 690w, https:\/\/maclarema.fr\/blog\/wp-content\/uploads\/2023\/12\/EPY2upzX0Akk14R-230x300.jpg 230w\" sizes=\"auto, (max-width: 450px) 100vw, 450px\" \/><\/a><p id=\"caption-attachment-3394\" class=\"wp-caption-text\">Plan de paix Trump 2020<\/p><\/div>\n<p><strong>2020<\/strong> :\u00a0 janvier plan de paix de Trump tr\u00e8s favorable aux Isra\u00e9liens, rejet\u00e9 par les Palestiniens<br \/>\nAo\u00fbt- d\u00e9cembre\u00a0 <strong>accords d&rsquo;Abraham<\/strong> avec les Emirats arabes unis, puis Barhre\u00efn, puis le Soudan et enfin le Maroc<\/p>\n<p><strong>2021<\/strong> : incidents dans le quartier de Cheikh Jarrah et sur l&rsquo;Esplanade des mosqu\u00e9es \u00e0 J\u00e9rusalem, sc\u00e8nes de guerre civile entre Juifs isra\u00e9liens et Arabes isra\u00e9liens \u00e0 Lod, Yaffo, Ha\u00effa et Akko<\/p>\n<p><strong>2022<\/strong> : Ao\u00fbt\u00a0 op\u00e9ration militaire de deux jours, \u00ab\u00a0Aube naissante\u00a0\u00bb, contre les chefs du Jihad islamique \u00e0 Gaza<br \/>\nNovembre\u00a0 sixi\u00e8me gouvernement Netanyaou avec des ministres d&rsquo;extr\u00eame droite \u00e0 des postes clefs<\/p>\n<div id=\"attachment_3393\" style=\"width: 370px\" class=\"wp-caption alignleft\"><a href=\"https:\/\/maclarema.fr\/blog\/wp-content\/uploads\/2023\/12\/la_bande_de_gaza-resp600.jpg.webp\"><img loading=\"lazy\" decoding=\"async\" aria-describedby=\"caption-attachment-3393\" class=\"wp-image-3393\" src=\"https:\/\/maclarema.fr\/blog\/wp-content\/uploads\/2023\/12\/la_bande_de_gaza-resp600.jpg.webp\" alt=\"\" width=\"360\" height=\"498\" \/><\/a><p id=\"caption-attachment-3393\" class=\"wp-caption-text\">Gaza 2022<\/p><\/div>\n<p>&nbsp;<\/p>\n<p><strong>2023<\/strong> : attentats \u00e0 J\u00e9rusalem, Tel Aviv contre des civils isra\u00e9liens, violences sur l&rsquo;Esplanade des mosqu\u00e9es, raids isra\u00e9liens \u00e0 Naplouse et J\u00e9nine<br \/>\n<strong>9-13 Ma<\/strong>i op\u00e9ration \u00ab\u00a0Bouclier et fl\u00e8che\u00a0\u00bb contre le Djihad islamique \u00e0 Gaza \u00e0 la suite de tirs de roquettes<\/p>\n<p><strong>7 octobre<\/strong> des combattants du Hamas, du Djihad islamique et du FPLP traversent la fronti\u00e8re, et commettent le \u00ab\u00a0pogrom\u00a0\u00bb le plus grave depuis 1945 en massacrant pr\u00e8s de 1200 Isra\u00e9liens, en majorit\u00e9 des civils de tous \u00e2ges,\u00a0 et prenant en otages 240 personnes.<br \/>\nA quoi r\u00e9pond depuis le 10 octobre l&rsquo;op\u00e9ration militaire isra\u00e9lienne \u00ab\u00a0Ep\u00e9e de feu\u00a0\u00bbcontre Gaza, toujours en cours.<\/p>\n<p>&nbsp;<\/p>\n<p><strong>Evolution des implantations isra\u00e9liennes<\/strong><\/p>\n<div id=\"attachment_3389\" style=\"width: 410px\" class=\"wp-caption alignleft\"><a href=\"https:\/\/maclarema.fr\/blog\/wp-content\/uploads\/2023\/12\/carte_1_cisj_2_v2-resp500.png.webp\"><img loading=\"lazy\" decoding=\"async\" aria-describedby=\"caption-attachment-3389\" class=\"wp-image-3389\" src=\"https:\/\/maclarema.fr\/blog\/wp-content\/uploads\/2023\/12\/carte_1_cisj_2_v2-resp500.png.webp\" alt=\"\" width=\"400\" height=\"572\" \/><\/a><p id=\"caption-attachment-3389\" class=\"wp-caption-text\">Plan Allon \u00e0 partir de 1967<\/p><\/div>\n<div id=\"attachment_3390\" style=\"width: 410px\" class=\"wp-caption aligncenter\"><a href=\"https:\/\/maclarema.fr\/blog\/wp-content\/uploads\/2023\/12\/carte_2_cisj_2_v2-resp500.png.webp\"><img loading=\"lazy\" decoding=\"async\" aria-describedby=\"caption-attachment-3390\" class=\"wp-image-3390\" src=\"https:\/\/maclarema.fr\/blog\/wp-content\/uploads\/2023\/12\/carte_2_cisj_2_v2-resp500.png.webp\" alt=\"\" width=\"400\" height=\"578\" \/><\/a><p id=\"caption-attachment-3390\" class=\"wp-caption-text\">Implantations apr\u00e8s 1977<\/p><\/div>\n<p>&nbsp;<\/p>\n<div id=\"attachment_3392\" style=\"width: 410px\" class=\"wp-caption alignright\"><a href=\"https:\/\/maclarema.fr\/blog\/wp-content\/uploads\/2023\/12\/carte-2_cisjordanie_partie_3-resp495.png.webp\"><img loading=\"lazy\" decoding=\"async\" aria-describedby=\"caption-attachment-3392\" class=\"wp-image-3392\" src=\"https:\/\/maclarema.fr\/blog\/wp-content\/uploads\/2023\/12\/carte-2_cisjordanie_partie_3-resp495.png.webp\" alt=\"\" width=\"400\" height=\"571\" \/><\/a><p id=\"caption-attachment-3392\" class=\"wp-caption-text\">Aujourd&rsquo;hui<\/p><\/div>\n<p>&nbsp;<\/p>\n<p>&nbsp;<\/p>\n<p>&nbsp;<\/p>\n<p>&nbsp;<\/p>\n<p>&nbsp;<\/p>\n<p>&nbsp;<\/p>\n<p>&nbsp;<\/p>\n<p>&nbsp;<\/p>\n<p>&nbsp;<\/p>\n<p>&nbsp;<\/p>\n<p>&nbsp;<\/p>\n<p>&nbsp;<\/p>\n<p>&nbsp;<\/p>\n<p>&nbsp;<\/p>\n<p><strong>D\u00e9mographie en Palestine\/Isra\u00ebl 1918-2022<\/strong><\/p>\n<p>en milliers<\/p>\n<p><a href=\"https:\/\/maclarema.fr\/blog\/wp-content\/uploads\/2023\/12\/img-2-1.jpg\"><img loading=\"lazy\" decoding=\"async\" class=\"alignnone size-full wp-image-3404\" src=\"https:\/\/maclarema.fr\/blog\/wp-content\/uploads\/2023\/12\/img-2-1.jpg\" alt=\"\" width=\"600\" height=\"154\" srcset=\"https:\/\/maclarema.fr\/blog\/wp-content\/uploads\/2023\/12\/img-2-1.jpg 600w, https:\/\/maclarema.fr\/blog\/wp-content\/uploads\/2023\/12\/img-2-1-300x77.jpg 300w\" sizes=\"auto, (max-width: 600px) 100vw, 600px\" \/><\/a><\/p>\n<p><a href=\"https:\/\/maclarema.fr\/blog\/wp-content\/uploads\/2023\/12\/1969-imgxhl.jpg\"><img loading=\"lazy\" decoding=\"async\" class=\"alignnone wp-image-3406\" src=\"https:\/\/maclarema.fr\/blog\/wp-content\/uploads\/2023\/12\/1969-imgxhl.jpg\" alt=\"\" width=\"503\" height=\"232\" srcset=\"https:\/\/maclarema.fr\/blog\/wp-content\/uploads\/2023\/12\/1969-imgxhl.jpg 485w, https:\/\/maclarema.fr\/blog\/wp-content\/uploads\/2023\/12\/1969-imgxhl-300x139.jpg 300w\" sizes=\"auto, (max-width: 503px) 100vw, 503px\" \/><\/a><\/p>\n<p><strong>1947<\/strong> : en Palestine\u00a0 650 000 Juifs\u00a0 \u00a0 1 305 000 Arabes<\/p>\n<p><strong>1950<\/strong> : en Isra\u00ebl\u00a0 1 100 000 Juifs\u00a0 \u00a0 \u00a0150 000 Arabes<\/p>\n<p><strong>2008<\/strong> :\u00a0 \u00a0 \u00a0 \u00a0 \u00a0 \u00a0 \u00a0 \u00a0 \u00a05 800 000 Juifs\u00a0 \u00a0 \u00a01 450 000 Arabes<\/p>\n<p><strong>2023\u00a0<\/strong> \u00a0 \u00a0 \u00a0 \u00a0 \u00a0 \u00a0 \u00a0 \u00a0 \u00a0 7 145 000 Juifs (73,5%)\u00a0 \u00a0 \u00a0 2 048 000 Arabes (21%)\u00a0 \u00a0 \u00a0534 000\u00a0 autres minorit\u00e9s (5,5%)<br \/>\nCes chiffres comprennent (\u00e0 partir de la ligne 2008) Isra\u00ebl, la Cisjordanie et J\u00e9rusalem Est<\/p>\n<p><strong>Rappel : en 1880<\/strong> : environ 25 000 Juifs s\u00e9farades et 460 000 Arabes musulmans et chr\u00e9tiens vivent en Palestine<br \/>\n<strong>1918<\/strong> : 97 000 Juifs et 560 000 Arabes<\/p>\n<p><strong>Evolution de l&rsquo;immigration juive <\/strong>(statistiques fluctuantes selon les sources : un autre article suivra sur la d\u00e9mographie de cette r\u00e9gion et les diverses causes des fluctuations)<\/p>\n<p><strong>1919-1923<\/strong>\u00a0 35 000 r\u00e9fugi\u00e9s d&rsquo;URSS, (dont les Pays baltes)<br \/>\n<strong>1924-1928<\/strong>\u00a0 80 000 Polonais<br \/>\n<strong>1929-1939<\/strong> 180 000\u00a0 d&rsquo;Allemagne, d&rsquo;Autriche, d&rsquo;Europe de l&rsquo;Est<br \/>\n<strong>1939-1948\u00a0<\/strong> 80 000 d&rsquo;Europe<br \/>\n<strong>1948-1952\u00a0<\/strong> 700 000 Juifs d&rsquo;Europe, Irak, Y\u00e9men<br \/>\n<strong>1956-1966\u00a0 <\/strong>500 000 r\u00e9fugi\u00e9s majoritairement orientaux \u00ab\u00a0Mizrahim\u00a0\u00bb(Egypte, Mahgreb)<br \/>\n<strong>apr\u00e8s 1967<\/strong> nombreux Am\u00e9ricains, Fran\u00e7ais et Russes<br \/>\n<strong>1991-1999<\/strong>\u00a0 1 000 000 de Russie et des pays de l&rsquo;Est<br \/>\n<strong>Depuis 2000<\/strong> il n&rsquo;y a plus d&rsquo;afflux massifs, mais on note l&rsquo;arriv\u00e9e de nombreux Fran\u00e7ais \u00e0 partir des ann\u00e9es 2010<\/p>\n<p><strong>NOTES\u00a0<\/strong><\/p>\n<p><strong>Alyah<\/strong> : ici employ\u00e9 dans le sens non religieux d&rsquo;immigration<\/p>\n<p><strong>Histadrout<\/strong> : <a href=\"https:\/\/fr.wikipedia.org\/wiki\/Histadrout\">conf\u00e9d\u00e9ration syndicale<\/a> cr\u00e9\u00e9e en 1920 \u00e0 Ha\u00effa pour favoriser l&rsquo;installation des nouveaux arrivants juifs dans le Yishouv. Dirig\u00e9e par Ben Gourion de 1922 \u00e0 1935. Elle renforce sa puissance jusque dans les ann\u00e9es 1990 et concerne tous les domaines de la vie \u00e9conomique.<\/p>\n<p><strong>Haganah<\/strong> : organisation de d\u00e9fense sioniste de gauche, qui na\u00eet en 1920 et int\u00e8gre l&rsquo;arm\u00e9e isra\u00e9lienne cr\u00e9\u00e9e en 1948. Elle d\u00e9fend les Juifs contre les attaques arabes, parfois avec l&rsquo;appui des Britanniques. A partir de 1930, dirig\u00e9e par Ben Gourion, elle monte en puissance en produisant ses propres armements et en favorisant l&rsquo;immigration clandestine. Elle participe \u00e0 la guerre de 1948.<\/p>\n<p><strong>Trois Livres blancs<\/strong> : rapports produits en 1922, 1930 et 1939 par les Britanniques pour limiter l&rsquo;immigration juive en Palestine.<\/p>\n<p><strong>Vladimir Jabotinsky<\/strong> : (1880-1940) <a href=\"https:\/\/fr.wikipedia.org\/wiki\/Vladimir_Jabotinsky\">leader de l&rsquo;aile droite sioniste<\/a>, il fonde en 1914 la L\u00e9gion juive pour aider les Britanniques contre les Turcs. En 1925 il cr\u00e9e le parti r\u00e9visionniste pour un seul grand Etat de Palestine\u00a0 qui comprendrait la Transjordanie. Il s&rsquo;oppose ainsi \u00e0 la gauche sioniste de Ben Gourion et quitte l&rsquo;Organisation mondiale sioniste en 1935. Ses id\u00e9es sont \u00e0 l&rsquo;origine de la cr\u00e9ation de l&rsquo;Irgoun et du Betar. Inquiet pour le sort des Juifs d&rsquo;Europe, il imagine en 1936 un vaste plan d&rsquo;\u00e9vacuation des Juifs polonais qui n&rsquo;aboutit pas.<\/p>\n<p><strong>Agence juive<\/strong> : bureau ex\u00e9cutif de l&rsquo;Organisation sioniste mondiale en Palestine, cr\u00e9\u00e9e en 1929 et dirig\u00e9e au d\u00e9part par Weizmann. Elle est charg\u00e9e de l&rsquo;immigration des Juifs en Palestine, puis en Isra\u00ebl.<\/p>\n<p><strong>David Ben Gourion<\/strong> : (1886-1973) <a href=\"https:\/\/fr.wikipedia.org\/wiki\/David_Ben_Gourion\">n\u00e9 David Gr\u00fcn en Pologne<\/a>, c&rsquo;est la personnalit\u00e9 pr\u00e9\u00e9minente du Yishouv puis de l&rsquo;\u00e9tat d&rsquo;Isra\u00ebl . Il \u00e9migre en Palestine en 1906, dans des conditions tr\u00e8s modestes. Il travaille dans les vignes avant d&rsquo;entreprendre des \u00e9tudes de droit \u00e0 Istambul en 1910, date \u00e0 laquelle il change son nom en Ben Gourion (fils du lion en h\u00e9breu). Loyaliste aux Turcs pendant la guerre, il finit par int\u00e9grer la L\u00e9gion juive en soutien aux Britanniques en 1918. Il devient secr\u00e9taire g\u00e9n\u00e9ral de la Histadrout en 1925, et a ainsi autorit\u00e9 sur la Haganah, d\u00e9fendant des positions nationalistes au sein du socialisme sioniste. En 1935 il dirige l&rsquo;Agence juive. Pragmatique il se prononce pour le plan de partage Peel en 1937, mais est d\u00e9savou\u00e9 dans ses propres rangs. Apr\u00e8s 1944, il devient anti-britannique et favorise l&rsquo;immigration clandestine. Il rassemble toutes les organisations militaires en cr\u00e9ant l&rsquo;arm\u00e9e Tsahal, proclame l&rsquo;ind\u00e9pendance de l&rsquo;\u00e9tat d&rsquo;Isra\u00ebl le 14 mai 1948 et op\u00e8re des compromis avec les religieux ultra-orthodoxes (lettre du statu quo). Il est premier ministre jusqu&rsquo;en 1963 puis d\u00e9missionne et finit sa vie au kibboutz de Sde Bokker dans le N\u00e9guev o\u00f9 il est enterr\u00e9.<\/p>\n<p><strong>Irgoun<\/strong> : organisation arm\u00e9e de la droite sioniste, proche du parti r\u00e9visonniste. Elle se radicalise lors de la grande r\u00e9volte arabe (1935-1939) et commet de nombreux attentats contre les Arabes. A partir de 1943 elle est dirig\u00e9e par Begin et les attentats sont dirig\u00e9s aussi contre les Britanniques qui, aid\u00e9s par la Haganah oppos\u00e9e \u00e0 l&rsquo;Irgoun, r\u00e9priment fortement l&rsquo;Irgoun : prison, camps, envois en Afrique pour ses combattants. Apr\u00e8s 1945, l&rsquo;Irgoun rejointe par la Haganah, m\u00e8ne une lutte acharn\u00e9e contre les Britanniques. En 1947 elle refuse le plan de l&rsquo;ONU et continue les attentats contre les Britanniques et les Arabes (massacre de Deir Yassin en avril 1948). Elle se dissout en septembre 1948 en \u00e9tant int\u00e9gr\u00e9e \u00e0 Tsahal.<\/p>\n<p><strong>Ligue arabe<\/strong> : cr\u00e9\u00e9e en 1945 au Caire par l&rsquo;Egypte, l&rsquo;Arabie Saoudite, l&rsquo;Irak, la Jordanie, le Liban, la Syrie et le Nord Y\u00e9men. Elle est membre observateur aupr\u00e8s de l&rsquo;ONU. En 2023 elle compte 22 membres. Elle veut affirmer l&rsquo;unit\u00e9 de la nation arabe. En 1945 elle est divis\u00e9e entre ceux qui veulent coop\u00e9rer avec les Britanniques (Irak, Jordanie) et ceux favorables \u00e0 l&rsquo;ind\u00e9pendance. Pendant la guerre froide un camp est proche de l&rsquo;URSS (Lybie, Syrie, Egypte, Alg\u00e9rie) un autre des USA (Arabie, EAU, Maroc). A partir de 1948 elle s&rsquo;oppose \u00e0 l&rsquo;existence d&rsquo;Isra\u00ebl. Apr\u00e8s le choc p\u00e9trolier de 1973, elle se tourne vers l&rsquo;Afrique qu&rsquo;elle aide gr\u00e2ce \u00e0 la Banque arabe pour l&rsquo;Afrique. Apr\u00e8s le trait\u00e9 de paix entre Isra\u00ebl et l&rsquo;Egypte en 1979, celle-ci est exclue puis r\u00e9int\u00e9gr\u00e9e en 1989. De m\u00eame la Syrie en est exclue en 2011 lors de la guerre civile, puis r\u00e9int\u00e9gr\u00e9e en 2023. Par ses divisions nombreuses, elle a peu d&rsquo;influence.<\/p>\n<p><strong>UNRWA<\/strong> : Unitied Nations Relief and Works Agency (for Palestine). Seule \u00e9manation de l&rsquo;ONU cr\u00e9\u00e9e en 1949 consacr\u00e9e \u00e0 un groupe sp\u00e9cifique de r\u00e9fugi\u00e9s. Elle vient en aide aux Palestiniens de Gaza, Cisjordanie, Jordanie, Liban, et Syrie. Elle est financ\u00e9e principalement par les USA et l&rsquo;UE, et dans une moindre mesure, de nombreux autres pays.<\/p>\n<p><strong>Fermes de Chebaa<\/strong> : portion de terres de 2 km de large situ\u00e9e entre le Liban et le Golan. Cette bande est revendiqu\u00e9e par le Liban et Isra\u00ebl.<\/p>\n<p><strong>Fatah<\/strong> : parti national palestinien, la\u00efque, cr\u00e9\u00e9 clandestinement\u00a0 par Arafat en 1959. Rejoint l&rsquo;OLP en 1964. Au d\u00e9part install\u00e9 \u00e0 Gaza il pr\u00f4ne la lutte arm\u00e9e contre Isra\u00ebl et aussi contre des gouvernement arabes (Jordanie par exemple). Il se renforce apr\u00e8s 1967 et lutte dans les territoires occup\u00e9s. Apr\u00e8s 1972 il abandonne peu \u00e0 peu la lutte pr\u00e9f\u00e9rant le dialogue et la reconnaissance politique, ce qui d\u00e9bouche sur les accords d&rsquo;Oslo en 1993. En 2006 pour la premi\u00e8re fois il perd le pouvoir \u00e0 Gaza contre le Hamas. Il maintient son pouvoir \u00e0 Ramallah.<\/p>\n<p><strong>FPLP<\/strong> : front populaire de lib\u00e9ration de la Palestine. Groupe marxiste-l\u00e9niniste la\u00efque fond\u00e9 par Habache en 1967. Pr\u00f4ne la lutte arm\u00e9e contre Isra\u00ebl par des d\u00e9tournements d&rsquo;avions(1968-1972) et des attentats contre les Isra\u00e9liens entre 1967 et les ann\u00e9es 2000. Il repr\u00e9sente la ligne dure de l&rsquo;OLP. Quand Arafat se rapproche d&rsquo;Isra\u00ebl dans les ann\u00e9es 1990, il se rapproche des chiites d&rsquo;Iran dans une rh\u00e9torique antisioniste et antis\u00e9mite. Depuis 2013 ses militants soutiennent le Hamas et certains ont particip\u00e9 au massacre du 7 octobre.<\/p>\n<p>&nbsp;<\/p>\n<p><strong>SOURCES<\/strong><\/p>\n<p><strong><em>Palestine, une terre, deux peuples<\/em><\/strong> : Dominique Perrin (Presses universitaires du Septentrion 2000)<\/p>\n<p>Site wikipedia pour tous les mots mis en notes<\/p>\n<p><strong><em>Atlas des fronti\u00e8res<\/em> <\/strong>:\u00a0 Bruno Tertrais et Delphine Papin (Les Ar\u00e8nes 2016)<\/p>\n<p>Site canadien CJPMO : <a href=\"https:\/\/fr-cjpme.nationbuilder.com\/fs_182\">question de la d\u00e9mographie<\/a><\/p>\n<p>Cairn.info : <a href=\"https:\/\/www.cairn.info\/revue-annales-2005-1-page-35.htm#:~:text=L'identit%C3%A9%20nationale%20palestinienne%20d,cr%C3%A9ation%20d'une%20Palestine%20arabe.\">sur le nationalisme arabe<\/a><\/p>\n<p>Les cl\u00e9s du Moyen Orient : articles d&rsquo;Herv\u00e9 Amiot<\/p>\n<p>Je vous recommande les tr\u00e8s bons et tr\u00e8s nombreux <strong>documentaires \u00e0 voir sur Arte replay<\/strong><\/p>\n","protected":false},"excerpt":{"rendered":"<p>Domination britannique : 1918-1947 1919 : accord Fay\u00e7al (fils du Cheikh de la Mecque Hussein, futur roi de Syrie et d&rsquo;Irak)\/Weizmann (homme politique anglais,\u00a0 sioniste) qui pr\u00e9voit un Foyer pour les Juifs (Yishouv) et une nation arabe d&rsquo;un seul tenant &hellip; <a href=\"https:\/\/maclarema.fr\/blog\/pour-savoir-de-quoi-on-parle-palestine-israel-1918-2023-dates-faits-cartes\/\">Continuer la lecture <span class=\"meta-nav\">&rarr;<\/span><\/a><\/p>\n","protected":false},"author":1,"featured_media":0,"comment_status":"open","ping_status":"open","sticky":false,"template":"","format":"standard","meta":{"footnotes":""},"categories":[69,4],"tags":[11,7,47],"class_list":["post-3349","post","type-post","status-publish","format-standard","hentry","category-histoire","category-israel-palestine","tag-israel","tag-palestine","tag-proche-orient"],"_links":{"self":[{"href":"https:\/\/maclarema.fr\/blog\/wp-json\/wp\/v2\/posts\/3349","targetHints":{"allow":["GET"]}}],"collection":[{"href":"https:\/\/maclarema.fr\/blog\/wp-json\/wp\/v2\/posts"}],"about":[{"href":"https:\/\/maclarema.fr\/blog\/wp-json\/wp\/v2\/types\/post"}],"author":[{"embeddable":true,"href":"https:\/\/maclarema.fr\/blog\/wp-json\/wp\/v2\/users\/1"}],"replies":[{"embeddable":true,"href":"https:\/\/maclarema.fr\/blog\/wp-json\/wp\/v2\/comments?post=3349"}],"version-history":[{"count":89,"href":"https:\/\/maclarema.fr\/blog\/wp-json\/wp\/v2\/posts\/3349\/revisions"}],"predecessor-version":[{"id":3490,"href":"https:\/\/maclarema.fr\/blog\/wp-json\/wp\/v2\/posts\/3349\/revisions\/3490"}],"wp:attachment":[{"href":"https:\/\/maclarema.fr\/blog\/wp-json\/wp\/v2\/media?parent=3349"}],"wp:term":[{"taxonomy":"category","embeddable":true,"href":"https:\/\/maclarema.fr\/blog\/wp-json\/wp\/v2\/categories?post=3349"},{"taxonomy":"post_tag","embeddable":true,"href":"https:\/\/maclarema.fr\/blog\/wp-json\/wp\/v2\/tags?post=3349"}],"curies":[{"name":"wp","href":"https:\/\/api.w.org\/{rel}","templated":true}]}}