{"id":3539,"date":"2024-01-14T20:43:11","date_gmt":"2024-01-14T19:43:11","guid":{"rendered":"https:\/\/maclarema.fr\/blog\/?p=3539"},"modified":"2024-01-17T13:48:57","modified_gmt":"2024-01-17T12:48:57","slug":"le-21-janvier-marche-contre-la-promulgation-de-la-loi-immigration","status":"publish","type":"post","link":"https:\/\/maclarema.fr\/blog\/le-21-janvier-marche-contre-la-promulgation-de-la-loi-immigration\/","title":{"rendered":"le 21 janvier, marche contre la promulgation de la loi immigration"},"content":{"rendered":"<p><a href=\"https:\/\/maclarema.fr\/blog\/wp-content\/uploads\/2024\/01\/21-janvier.png\"><img loading=\"lazy\" decoding=\"async\" class=\"size-medium wp-image-3541 alignleft\" src=\"https:\/\/maclarema.fr\/blog\/wp-content\/uploads\/2024\/01\/21-janvier-300x262.png\" alt=\"\" width=\"300\" height=\"262\" srcset=\"https:\/\/maclarema.fr\/blog\/wp-content\/uploads\/2024\/01\/21-janvier-300x262.png 300w, https:\/\/maclarema.fr\/blog\/wp-content\/uploads\/2024\/01\/21-janvier.png 536w\" sizes=\"auto, (max-width: 300px) 100vw, 300px\" \/><\/a>Un <a href=\"http:\/\/7 janvier 2024 - Tribune collective &quot;L\u2019Appel des 201 contre la loi immigration&quot;, publi\u00e9e sur Mediapart - LDH (ldh-france.org)\">appel de 201 personnalit\u00e9s<\/a> a \u00e9t\u00e9 lanc\u00e9 pour une grande marche le 21 janvier contre la promulgation de la nouvelle loi<br \/>\n\u00ab immigration, int\u00e9gration, asile \u00bb.<br \/>\nNous soutenons cet appel et comptons nous joindre \u00e0 cette marche.<\/p>\n<p>Cette ni\u00e8me <a href=\"http:\/\/Projet de loi immigration int\u00e9gration asile 2023 | vie-publique.fr\">loi immigration<\/a>, la 29<sup>\u00e8me<\/sup> depuis 1980, a \u00e9t\u00e9 vot\u00e9e en d\u00e9cembre avec les voix de l\u2019extr\u00eame droite. Certains de ses articles sont en cours d\u2019examen par le Conseil constitutionnel.<\/p>\n<p>Avant de se pencher sur la loi elle-m\u00eame, remarquons qu\u2019elle a \u00e9t\u00e9 d\u2019embl\u00e9e pr\u00e9sent\u00e9e comme devant r\u00e9gler le probl\u00e8me des \u00e9trangers \u00ab trop nombreux en France \u00bb, apportant de l\u2019ins\u00e9curit\u00e9, de la d\u00e9linquance\u2026, cr\u00e9ant un climat hostile et x\u00e9nophobe.<\/p>\n<ul>\n<li>La loi est pratiquement expurg\u00e9e de la partie r\u00e9gularisation des travailleurs sans papiers dans les m\u00e9tiers \u00ab\u00a0en tension\u00a0\u00bb : restauration, nettoyage, aide \u00e0 la personne\u2026, qui avait \u00e9t\u00e9 envisag\u00e9e et qui s\u2019av\u00e8re indispensable. La r\u00e9gularisation reste \u00ab\u00a0\u00e0 titre exceptionnel\u00a0\u00bb, donc soumise au bon vouloir des Pr\u00e9fets. Le seul c\u00f4t\u00e9 positif est que cette r\u00e9gularisation n\u2019a plus \u00e0 \u00eatre demand\u00e9e par l\u2019employeur.<\/li>\n<li>La loi rogne sur des droits sociaux (APL et prestations familiales) pour les \u00e9trangers non ressortissants de l&rsquo;Union europ\u00e9enne, en situation r\u00e9guli\u00e8re, hors certaines cat\u00e9gories. L\u2019\u00e9galit\u00e9 entre \u00e9tranger et fran\u00e7ais avait toujours eu lieu (hors p\u00e9riode de guerre)\u00a0 d\u00e8s lors que l\u2019\u00e9tranger avait des papiers de s\u00e9jour r\u00e9gulier en France. Beaucoup ont not\u00e9 que c\u2019\u00e9tait ouvrir la porte \u00e0 la pr\u00e9f\u00e9rence nationale ch\u00e8re aux partis d\u2019extr\u00eame droite que restent le rassemblement national et reconqu\u00eate.<\/li>\n<li>La loi durcit les conditions de regroupement familial,<\/li>\n<li>Elle remet en cause le droit du sol en en supprimant l\u2019automaticit\u00e9,<\/li>\n<li>Elle r\u00e9tablit le d\u00e9lit de s\u00e9jour irr\u00e9gulier,<\/li>\n<li>Elle durcit les conditions de d\u00e9livrance d&rsquo;un\u00a0titre de s\u00e9jour pour les conjoints de Fran\u00e7ais et les parents d&rsquo;enfants fran\u00e7ais,<\/li>\n<li>Elle exclut les sans-papiers de l\u2019h\u00e9bergement d\u2019urgence,<\/li>\n<li>Elle durcit les conditions d\u2019accueil des <a href=\"http:\/\/Que pr\u00e9voit la loi immigration pour les \u00e9tudiants \u00e9trangers ? - L'Etudiant (letudiant.fr)\">\u00e9tudiants \u00e9trangers<\/a> et leur installation ult\u00e9rieure en France,<\/li>\n<li>Pour l&rsquo;asile, elle remplace une d\u00e9cision coll\u00e9giale avec un repr\u00e9sentant du HCR (Haut Commissariat aux r\u00e9fugi\u00e9s des Nations unies) par la d\u00e9cision d&rsquo;un juge unique,<br \/>\nEnfin,<\/li>\n<li>la loi renforce les possibilit\u00e9s d\u2019\u00e9loignement de l\u2019\u00e9tranger, ce qui peut \u00eatre vu davantage comme de l\u2019affichage que comme une vraie mesure tant l\u2019\u00e9loignement d\u00e9pend de nombreux facteurs, dont l\u2019acceptation de l\u2019\u00e9tranger par le pays d\u2019origine.<\/li>\n<\/ul>\n<p><!--more--><\/p>\n<p>De plus, faute de pouvoir modifier, par cette loi, l\u2019Aide m\u00e9dicale d\u2019\u00e9tat (AME) aux \u00e9trangers sans titre de s\u00e9jour, que le S\u00e9nat avait dans un premier temps d\u00e9cid\u00e9 de supprimer, le gouvernement s\u2019est engag\u00e9 \u00e0 la restreindre ult\u00e9rieurement avec le danger sanitaire que cela repr\u00e9sente pour les personnes concern\u00e9es mais aussi pour la soci\u00e9t\u00e9 tout enti\u00e8re.<\/p>\n<p>Les r\u00e9actions \u00e0 cette loi x\u00e9nophobe se sont multipli\u00e9s :<\/p>\n<p>5000 soignants en ont r\u00e9clam\u00e9 <a href=\"http:\/\/Loi immigration\u00a0: 5000 soignants demandent le retrait d\u2019un texte \u00abmortif\u00e8re pour la sant\u00e9 publique\u00bb \u2013 Lib\u00e9ration (liberation.fr)\">le retrait,<\/a> la jugeant \u00ab\u00a0mortif\u00e8re pour la sant\u00e9 publique\u00a0\u00bb.<\/p>\n<p>Le 21 d\u00e9cembre, la Commission nationale consultative des droits de l\u2019homme a d\u00e9clar\u00e9 qu\u2019<em>\u00ab\u00a0avant m\u00eame que le Conseil constitutionnel fasse un utile rappel \u00e0 l\u2019ordre de ces principes\u00a0\u00bb<\/em>, elle <em>\u00ab\u00a0\u00e9l\u00e8ve \u00e0 l\u2019encontre de la loi vot\u00e9e le 19\u00a0d\u00e9cembre une<a href=\"http:\/\/Loi Immigration : rupture politique et recul in\u00e9dit des droits humains | CNCDH\"> grave alerte<\/a>\u00a0\u00bb<\/em>.<\/p>\n<p>La D\u00e9fenseure des droits \u00ab <a href=\"http:\/\/Avis 23-07 du 24 novembre 2023 relatif au projet d... Catalogue en ligne (defenseurdesdroits.fr)\">alerte le Parlement<\/a> sur un texte qui heurte de plein fouet les principes de notre R\u00e9publique<em>\u00bb<\/em>.<\/p>\n<p>La Premi\u00e8re ministre, en charge au moment du vote, a reconnu elle-m\u00eame que certaines des dispositions de la loi \u00e9taient contraires \u00e0 la Constitution et qu\u2019elle comptait sur le Conseil constitutionnel pour les retoquer. G\u00e9rald Darmanin \u00e9galement, mardi 19 d\u00e9cembre, \u00e0 la tribune du S\u00e9nat, \u00e0 propos de la loi \u00ab immigration \u00bb : <em>\u00ab\u00a0Des mesures sont manifestement et clairement contraires \u00e0 la Constitution\u2026\u00a0\u00bb.<br \/>\n<\/em><span class=\"\" style=\"color: #000000;\">Ce recours in\u00e9dit aux bons soins du Conseil constitutionnel pour repousser des dispositions de loi ill\u00e9gales a donn\u00e9 lieu, dans ses voeux du 8 janvier, \u00e0 une petite le\u00e7on de droit, &#8211; feutr\u00e9e &#8211; de la part de Laurent Fabius, pr\u00e9sident du Conseil. Il a notamment rappel\u00e9\u00a0: \u00ab\u00a0on peut toujours modifier l\u2019\u00e9tat\u00a0<strong>du<\/strong>\u00a0droit mais, pour ce faire, il faut toujours veiller \u00e0 respecter l\u2019\u00c9tat\u00a0<strong>de<\/strong>\u00a0droit\u00a0\u00bb.<\/span><\/p>\n<p>La d\u00e9cision du Conseil constitutionnel sera rendue le 25 janvier.<\/p>\n<p>Cette loi ne peut que pr\u00e9cariser davantage la vie de milliers de personnes en France, vie d\u00e9j\u00e0 tr\u00e8s difficile comme, sans doute, chacun de nous a pu le constater. Elle fait de l\u2019\u00e9tranger, encore une fois, un bouc \u00e9missaire. Et au-del\u00e0 des \u00e9trangers, elle fragilise la soci\u00e9t\u00e9 tout enti\u00e8re. Nous souhaitons donc, comme beaucoup, qu&rsquo;elle ne soit pas promulgu\u00e9e.<\/p>\n","protected":false},"excerpt":{"rendered":"<p>Un appel de 201 personnalit\u00e9s a \u00e9t\u00e9 lanc\u00e9 pour une grande marche le 21 janvier contre la promulgation de la nouvelle loi \u00ab immigration, int\u00e9gration, asile \u00bb. Nous soutenons cet appel et comptons nous joindre \u00e0 cette marche. Cette ni\u00e8me &hellip; <a href=\"https:\/\/maclarema.fr\/blog\/le-21-janvier-marche-contre-la-promulgation-de-la-loi-immigration\/\">Continuer la lecture <span class=\"meta-nav\">&rarr;<\/span><\/a><\/p>\n","protected":false},"author":3,"featured_media":0,"comment_status":"open","ping_status":"open","sticky":false,"template":"","format":"standard","meta":{"footnotes":""},"categories":[1],"tags":[51],"class_list":["post-3539","post","type-post","status-publish","format-standard","hentry","category-non-classe","tag-migration"],"_links":{"self":[{"href":"https:\/\/maclarema.fr\/blog\/wp-json\/wp\/v2\/posts\/3539","targetHints":{"allow":["GET"]}}],"collection":[{"href":"https:\/\/maclarema.fr\/blog\/wp-json\/wp\/v2\/posts"}],"about":[{"href":"https:\/\/maclarema.fr\/blog\/wp-json\/wp\/v2\/types\/post"}],"author":[{"embeddable":true,"href":"https:\/\/maclarema.fr\/blog\/wp-json\/wp\/v2\/users\/3"}],"replies":[{"embeddable":true,"href":"https:\/\/maclarema.fr\/blog\/wp-json\/wp\/v2\/comments?post=3539"}],"version-history":[{"count":9,"href":"https:\/\/maclarema.fr\/blog\/wp-json\/wp\/v2\/posts\/3539\/revisions"}],"predecessor-version":[{"id":3550,"href":"https:\/\/maclarema.fr\/blog\/wp-json\/wp\/v2\/posts\/3539\/revisions\/3550"}],"wp:attachment":[{"href":"https:\/\/maclarema.fr\/blog\/wp-json\/wp\/v2\/media?parent=3539"}],"wp:term":[{"taxonomy":"category","embeddable":true,"href":"https:\/\/maclarema.fr\/blog\/wp-json\/wp\/v2\/categories?post=3539"},{"taxonomy":"post_tag","embeddable":true,"href":"https:\/\/maclarema.fr\/blog\/wp-json\/wp\/v2\/tags?post=3539"}],"curies":[{"name":"wp","href":"https:\/\/api.w.org\/{rel}","templated":true}]}}