{"id":36,"date":"2015-01-10T17:31:00","date_gmt":"2015-01-10T17:31:00","guid":{"rendered":"http:\/\/maclarema.fr\/blog\/contre-le-terrorisme-pour-les-valeurs-republicaines\/"},"modified":"2015-01-10T17:31:00","modified_gmt":"2015-01-10T17:31:00","slug":"contre-le-terrorisme-pour-les-valeurs-republicaines","status":"publish","type":"post","link":"https:\/\/maclarema.fr\/blog\/contre-le-terrorisme-pour-les-valeurs-republicaines\/","title":{"rendered":"Contre le terrorisme, pour les valeurs r\u00e9publicaines"},"content":{"rendered":"<p>\nComme beaucoup de Fran\u00e7ais, nous voulons faire part de notre tr\u00e8s vive inqui\u00e9tude par rapport aux terribles \u00e9v\u00e9nements de ces derniers jours&nbsp;: nous nous joindrons \u00e0 la marche r\u00e9publicaine de demain \u00e0 Paris.<br \/>Nous d\u00e9plorons les assassinats perp\u00e9tr\u00e9s \u00e0 Charlie Hebdo, crime contre la libert\u00e9 de penser et de s&rsquo;exprimer, celui contre la polici\u00e8re et une autre victime de Montrouge, et ceux commis dans l&rsquo;\u00e9picerie casher de la Porte de Vincennes \u00e0 Paris, crime antis\u00e9mite. A cet \u00e9gard nous constatons qu&rsquo;une fois de plus des Fran\u00e7ais juifs ont \u00e9t\u00e9 la cible tragique d&rsquo;islamistes fanatiques. Nous esp\u00e9rons que l&rsquo;unit\u00e9 nationale restera pr\u00e9serv\u00e9e, bien apr\u00e8s cette marche, autour de nos valeurs universelles de libert\u00e9 et de la\u00efcit\u00e9. Nous esp\u00e9rons aussi que ces actes de haine contre la libert\u00e9 d&rsquo;expression, contre les Juifs, contre la libert\u00e9 de tous les Fran\u00e7ais, vont cesser et n&rsquo;entra\u00eeneront pas \u00e0 leur tour de r\u00e9actions dangereuses pour notre coh\u00e9sion sociale.<br \/>Notre accablement ne nous emp\u00eachera pas de r\u00e9sister, \u00e0 notre mani\u00e8re, par la libert\u00e9 de notre expression dans ce blog.<\/p>\n<p><!--more--><\/p>\n<p>&#8211;<\/p>\n","protected":false},"excerpt":{"rendered":"<p>\nComme beaucoup de Fran\u00e7ais, nous voulons faire part de notre tr\u00e8s vive inqui\u00e9tude par rapport aux terribles \u00e9v\u00e9nements de ces derniers jours&nbsp;: nous nous joindrons \u00e0 la marche r\u00e9publicaine de demain \u00e0 Paris.<br \/>Nous d\u00e9plorons les assassinats perp\u00e9tr\u00e9s \u00e0 Charlie Hebdo, crime contre la libert\u00e9 de penser et de s&rsquo;exprimer, celui contre la polici\u00e8re et une autre victime de Montrouge, et ceux commis dans l&rsquo;\u00e9picerie casher de la Porte de Vincennes \u00e0 Paris, crime antis\u00e9mite. A cet \u00e9gard nous constatons qu&rsquo;une fois de plus des Fran\u00e7ais juifs ont \u00e9t\u00e9 la cible tragique d&rsquo;islamistes fanatiques. Nous esp\u00e9rons que l&rsquo;unit\u00e9 nationale restera pr\u00e9serv\u00e9e, bien apr\u00e8s cette marche, autour de nos valeurs universelles de libert\u00e9 et de la\u00efcit\u00e9. Nous esp\u00e9rons aussi que ces actes de haine contre la libert\u00e9 d&rsquo;expression, contre les Juifs, contre la libert\u00e9 de tous les Fran\u00e7ais, vont cesser et n&rsquo;entra\u00eeneront pas \u00e0 leur tour de r\u00e9actions dangereuses pour notre coh\u00e9sion sociale.<br \/>Notre accablement ne nous emp\u00eachera pas de r\u00e9sister, \u00e0 notre mani\u00e8re, par la libert\u00e9 de notre expression dans ce blog.<\/p>\n<p> <a href=\"https:\/\/maclarema.fr\/blog\/contre-le-terrorisme-pour-les-valeurs-republicaines\/\">Continuer la lecture <span class=\"meta-nav\">&rarr;<\/span><\/a><\/p>\n","protected":false},"author":1,"featured_media":0,"comment_status":"open","ping_status":"closed","sticky":false,"template":"","format":"standard","meta":{"footnotes":""},"categories":[1],"tags":[],"class_list":["post-36","post","type-post","status-publish","format-standard","hentry","category-non-classe"],"_links":{"self":[{"href":"https:\/\/maclarema.fr\/blog\/wp-json\/wp\/v2\/posts\/36","targetHints":{"allow":["GET"]}}],"collection":[{"href":"https:\/\/maclarema.fr\/blog\/wp-json\/wp\/v2\/posts"}],"about":[{"href":"https:\/\/maclarema.fr\/blog\/wp-json\/wp\/v2\/types\/post"}],"author":[{"embeddable":true,"href":"https:\/\/maclarema.fr\/blog\/wp-json\/wp\/v2\/users\/1"}],"replies":[{"embeddable":true,"href":"https:\/\/maclarema.fr\/blog\/wp-json\/wp\/v2\/comments?post=36"}],"version-history":[{"count":0,"href":"https:\/\/maclarema.fr\/blog\/wp-json\/wp\/v2\/posts\/36\/revisions"}],"wp:attachment":[{"href":"https:\/\/maclarema.fr\/blog\/wp-json\/wp\/v2\/media?parent=36"}],"wp:term":[{"taxonomy":"category","embeddable":true,"href":"https:\/\/maclarema.fr\/blog\/wp-json\/wp\/v2\/categories?post=36"},{"taxonomy":"post_tag","embeddable":true,"href":"https:\/\/maclarema.fr\/blog\/wp-json\/wp\/v2\/tags?post=36"}],"curies":[{"name":"wp","href":"https:\/\/api.w.org\/{rel}","templated":true}]}}