{"id":3747,"date":"2024-05-08T13:22:35","date_gmt":"2024-05-08T12:22:35","guid":{"rendered":"https:\/\/maclarema.fr\/blog\/?p=3747"},"modified":"2024-05-14T09:09:19","modified_gmt":"2024-05-14T08:09:19","slug":"gilles-kepel-holocaustes-au-pluriel","status":"publish","type":"post","link":"https:\/\/maclarema.fr\/blog\/gilles-kepel-holocaustes-au-pluriel\/","title":{"rendered":"Gilles Kepel: \u00ab\u00a0Holocaustes\u00a0\u00bb (au pluriel)"},"content":{"rendered":"<p>Gilles Kepel[1] vient de publier <em>Holocaustes, <\/em>aux \u00e9ditions La D\u00e9couverte, livre \u00e9crit apr\u00e8s le 7 octobre 2023, dans l\u2019urgence de la guerre. C\u2019est un livre foisonnant (peut-\u00eatre un peu trop\u00a0!) dont j\u2019essaie ici d\u2019indiquer les points de vue principaux.<\/p>\n<div id=\"attachment_3755\" style=\"width: 254px\" class=\"wp-caption alignright\"><a href=\"https:\/\/maclarema.fr\/blog\/wp-content\/uploads\/2024\/05\/carte-de-Gaza-avant-la-guerre-en-cours.png\"><img loading=\"lazy\" decoding=\"async\" aria-describedby=\"caption-attachment-3755\" class=\"size-medium wp-image-3755\" src=\"https:\/\/maclarema.fr\/blog\/wp-content\/uploads\/2024\/05\/carte-de-Gaza-avant-la-guerre-en-cours-244x300.png\" alt=\"\" width=\"244\" height=\"300\" srcset=\"https:\/\/maclarema.fr\/blog\/wp-content\/uploads\/2024\/05\/carte-de-Gaza-avant-la-guerre-en-cours-244x300.png 244w, https:\/\/maclarema.fr\/blog\/wp-content\/uploads\/2024\/05\/carte-de-Gaza-avant-la-guerre-en-cours.png 605w\" sizes=\"auto, (max-width: 244px) 100vw, 244px\" \/><\/a><p id=\"caption-attachment-3755\" class=\"wp-caption-text\">Carte de Gaza avant le conflit actuel.<\/p><\/div>\n<p><em>Holocaustes<\/em>, le titre refl\u00e8te l\u2019intention de l\u2019auteur. Il fait r\u00e9f\u00e9rence au pogrom extr\u00eamement cruel perp\u00e9tr\u00e9 par le Hamas et ses acolytes le 7 octobre 2023 en Isra\u00ebl, aux abords de Gaza, et \u00e0 ce que Gilles Kepel nomme l\u2019h\u00e9catombe de Gaza, qui s\u2019en est suivie, avec ses milliers de morts et de bless\u00e9s. Pour l\u2019auteur, et cela me semble l\u2019axe principal de son livre, il y a dans ces deux actions, des deux c\u00f4t\u00e9s, un fort soubassement religieux qu\u2019il souligne tout au long du livre.<!--more--><\/p>\n<p>Gilles Kepel qualifie <strong>les \u00e9v\u00e8nements du 7 octobre de \u00ab\u00a0razzia\u00a0\u00bb<\/strong>. Le terme fait r\u00e9f\u00e9rence \u00e0 un \u00e9pisode du Coran, une razzia violente men\u00e9e par Mahomet contre les Juifs en l\u2019an 7 de l\u2019H\u00e9gire.<br \/>\nPlus loin dans le livre, GK dira de cette razzia qu\u2019elle constitue une ultime variation de l\u2019explosion du djihadisme \u00e0 la fin des ann\u00e9es 1980.<\/p>\n<p>Le Hamas a \u00e9t\u00e9 cr\u00e9\u00e9 d\u2019embl\u00e9e, par les Fr\u00e8res musulmans, comme un instrument de r\u00e9islamisation de la soci\u00e9t\u00e9 palestinienne, en opposition \u00e0 l\u2019Organisation de Lib\u00e9ration de la Palestine (OLP), proche des th\u00e8ses marxistes et tiers-mondistes. Mosqu\u00e9es et institutions caritatives et \u00e9ducatives lui assurent une assise populaire. Le chef militaire actuel, Yahya Sinwar, bas\u00e9 \u00e0 Gaza, qui a pass\u00e9 22 ans dans les prisons isra\u00e9liennes et a \u00e9t\u00e9 lib\u00e9r\u00e9 lors des \u00e9changes de prisonniers palestiniens avec le soldat Gilad Shalit en 2011, s\u2019est rapproch\u00e9 du Hezbollah et de l\u2019Iran. D\u00e9passant l\u2019opposition sunnite \/ chiite, suite \u00e0 l\u2019\u00e9chec des Printemps arabes et \u00e0 la d\u00e9confiture des Fr\u00e8res musulmans, Le Hamas s\u2019\u00e9rige ainsi depuis quelques ann\u00e9es en seul opposant v\u00e9ritable \u00e0 Isra\u00ebl tant pour les Palestiniens de Gaza, que pour ceux de Cisjordanie et d\u2019Isra\u00ebl, brocardant les gouvernements arabes qui pactisent avec Isra\u00ebl et f\u00e9licitant au contraire la r\u00e9publique islamique d\u2019Iran. Cependant, pour Gilles Kepel, le poids de l\u2019Iran dans les \u00e9v\u00e8nements du 7 octobre est \u00e0 relativiser. Il y a, pour lui, une r\u00e9elle autonomie palestinienne.<\/p>\n<p>Gilles Kepel aborde ensuite ce qu\u2019il nomme \u00ab\u00a0<strong>les contradictions d\u2019Isra\u00ebl<\/strong>\u00a0\u00bb.<\/p>\n<p>Parall\u00e8lement au poids du religieux du c\u00f4t\u00e9 des Palestiniens, GK souligne le poids des religieux juifs du c\u00f4t\u00e9 isra\u00e9lien. Le 7 octobre a pu avoir lieu parce qu\u2019il n\u2019y avait plus de troupes stationn\u00e9es sur la fronti\u00e8re avec Gaza. Celles-ci avaient \u00e9t\u00e9 d\u00e9ploy\u00e9es en Cisjordanie en appui des colonies de peuplement, \u00e0 la demande des ministres Bezalel Smotrich et Itamar Ben-Gvir, tous deux dirigeants de partis religieux d\u2019extr\u00eame droite, militant pour un Grand Isra\u00ebl th\u00e9ocratique et desquels la survie au pouvoir de Benjamin Netanyahou d\u00e9pend. Depuis le d\u00e9but de l\u2019ann\u00e9e 2023, plus aucun obstacle l\u00e9gal n\u2019\u00e9tait mis au d\u00e9veloppement des colonies.<br \/>\nFace \u00e0 cette droitisation du gouvernement et \u00e0 ces projets de modifications antid\u00e9mocratiques de la Cour supr\u00eame, de tr\u00e8s grandes manifestations ont eu lieu toute l\u2019ann\u00e9e 2023 en Isra\u00ebl, montrant ainsi une soci\u00e9t\u00e9 tr\u00e8s divis\u00e9e. Ces projets ont d\u2019ailleurs \u00e9t\u00e9 en partie annul\u00e9s par cette m\u00eame Cour supr\u00eame en janvier 2024.<\/p>\n<p>Dans une soci\u00e9t\u00e9 o\u00f9 la proportion des religieux dans la soci\u00e9t\u00e9 isra\u00e9lienne a beaucoup cr\u00fb aux d\u00e9pens des la\u00efcs, les ultra-orthodoxes (Haredim) repr\u00e9sentent actuellement 20% de la population. Dans leur ensemble, les partis religieux repr\u00e9sentent 32 \u00e9lus \u00e0 parit\u00e9 avec le parti de droite, le Likoud (sur 120 d\u00e9put\u00e9s \u00e0 la Knesset). Ils constituent donc un p\u00f4le dont Benjamin Netanyahou ne peut pas se passer.<\/p>\n<p>On a assist\u00e9 en quelques ann\u00e9es, de l\u2019assassinat de Rabin en 1995 \u00e0 l\u2019opposition \u00e0 l\u2019\u00e9vacuation de Gaza d\u00e9cid\u00e9e par Sharon en 2005, en passant par l\u2019incitation \u00e0 l\u2019implantation de colonies ill\u00e9gales en Cisjordanie, \u00e0 une tr\u00e8s grande politisation des religieux qui ont form\u00e9 des partis politiques.<br \/>\n<em>\u00ab\u00a0Leur supr\u00e9macisme juif s\u2019exprime d\u00e9sormais par leur volont\u00e9 d\u2019annexer au plus vite la \u00ab\u00a0Jud\u00e9e-Samarie\u00a0\u00bb (la Cisjordanie) et, depuis l\u2019offensive sur Gaza du 27\u00a0octobre, en profitant de cette occasion pour reconqu\u00e9rir l\u2019enclave et s\u2019y r\u00e9implanter\u00a0\u00bb <\/em>\u00e9crit Gilles Kepel.<em><br \/>\n<\/em>Sans compter la lutte en interne contre tous ceux qui militent pour une paix avec les Palestiniens et la fin des discriminations.<\/p>\n<p>Pour Gilles Kepel, on trouve donc, en Isra\u00ebl, une composante religieuse extr\u00e9miste forte dans les \u00e9v\u00e9nements actuels, en miroir \u00e0 l\u2019islamisme en face.<\/p>\n<p><strong>Le contrepoids du juda\u00efsme am\u00e9ricain<\/strong><\/p>\n<p>Aux USA, la communaut\u00e9 juive est \u00e0 peu pr\u00e8s \u00e9gale en nombre \u00e0 celle d\u2019Isra\u00ebl et dispose d\u2019une tr\u00e8s grande influence vis-\u00e0-vis des institutions et du gouvernement am\u00e9ricain. Or, \u00e9crit GK, une partie importante de celle-ci n\u2019approuve pas une attaque contre Gaza qui ne produit pas les r\u00e9sultats escompt\u00e9s\u00a0: Sinwar et ses acolytes sont encore actifs, les infrastructures souterraines sont toujours l\u00e0, de nombreux otages ne sont pas lib\u00e9r\u00e9s, sans parler du d\u00e9sastre que constituent les morts palestiniens, les bless\u00e9s et les \u00e9normes probl\u00e8mes humanitaires.<br \/>\nAu-del\u00e0 de l\u2019\u00e9lectorat juif et en pleine ann\u00e9e \u00e9lectorale, une partie de la jeunesse d\u00e9mocrate se rebelle contre Biden. D\u2019apr\u00e8s un sondage 38% des \u00e9lecteurs d\u00e9mocrates sont contre la mani\u00e8re dont le gouvernement am\u00e9ricain g\u00e8re le conflit.<\/p>\n<p>Tout cela entache la relation entre les USA et Isra\u00ebl, or Isra\u00ebl est d\u00e9pendant militairement des USA.<\/p>\n<p>Gilles Kepel \u00e9voque aussi les fractures au sein des universit\u00e9s, fracture qui s\u2019intensifie au fur et \u00e0 mesure que la guerre dure.<\/p>\n<p>Pour le troisi\u00e8me chapitre de son livre, Gilles Kepel aborde ce qu\u2019il nomme \u00ab\u00a0<strong>la g\u00e9opolitique d\u2019un massacre<\/strong>\u00a0\u00bb, faisant le tour des pays et organismes qui gravitent autour de ce conflit\u00a0: les pays de la r\u00e9gion (pays arabes, Turquie, Iran), la Russie, la Chine et plus largement ce qu\u2019on appelle en ce moment le \u00ab\u00a0Sud global\u00a0\u00bb.<\/p>\n<p>Pour la <strong>Turquie<\/strong>, GK met en avant l\u2019islamisme du gouvernement Erdogan et son soutien constant au Hamas.<br \/>\nLe <strong>Qatar<\/strong> a soutenu jusqu\u2019en 2021 les Fr\u00e8res musulmans, moment o\u00f9 GK situe leur d\u00e9clin, parall\u00e8le \u00e0 l\u2019\u00e9chec des Printemps arabes dans lesquels ils s\u2019\u00e9taient impliqu\u00e9s. Toutefois le Qatar h\u00e9berge toujours les dirigeants politiques du Hamas et finance le mouvement, avec l\u2019approbation du gouvernement isra\u00e9lien.<br \/>\nLes autres <strong>\u00c9tats arabes<\/strong> se r\u00e9partissent en plusieurs groupes antagoniques, une fois affirm\u00e9es la solidarit\u00e9 avec les victimes de Gaza et la condamnation de l\u2019offensive isra\u00e9lienne. Il y a ceux inf\u00e9od\u00e9s \u00e0 l\u2019Iran (Syrie, Houtis du Y\u00e9men), ceux qui sont totalement hostiles \u00e0 Isra\u00ebl (Alg\u00e9rie et Tunisie) et ceux qui ont reconnu Isra\u00ebl et sign\u00e9 des accords : l\u2019Egypte, la Jordanie et plus r\u00e9cemment Bahre\u00efn, les Emirats arabes unis, le Soudan et le Maroc. \u00a0L\u2019Arabie saoudite est, elle, assez proche d\u2019un accord, \u00e0 condition qu\u2019y soit mentionn\u00e9e la cr\u00e9ation d\u2019un Etat palestinien. Pour Gilles Kepel, c\u2019est ce dernier pays qui poss\u00e8de la clef de l\u2019issue du conflit avec ses immenses ressources et ses possibilit\u00e9s de remettre \u00e0 flot la Palestine. A noter que l\u2019Arabie saoudite, sous l\u2019\u00e9gide de la Chine a r\u00e9tabli ses relations diplomatiques avec l\u2019Iran en mars 2023.<br \/>\nLa <strong>Russie<\/strong>, ou plut\u00f4t l\u2019URSS, d\u00e9fenseur d\u2019Isra\u00ebl d\u00e8s sa cr\u00e9ation et jusqu\u2019en 1953, moment d\u2019antis\u00e9mitisme renaissant, d\u00e9veloppa ensuite une politique antisioniste et pro-arabe, beaucoup des pays arabes ayant alors des gouvernements nationalistes et socialistes. Les relations diplomatiques entre l\u2019URSS et Isra\u00ebl furent r\u00e9tablies par Gorbatchev qui autorisa une forte immigration vers Isra\u00ebl. La communaut\u00e9 russe actuelle en Isra\u00ebl[2], de plus d\u2019un million de personnes, est tr\u00e8s influente et est repr\u00e9sent\u00e9e en grande partie par un parti la\u00efque d\u2019extr\u00eame droite.<br \/>\nDepuis le 7 octobre, la Russie adopte une position pro Hamas pour s\u2019affilier les pays du Sud.<br \/>\nLa <strong>Chine<\/strong> est un peu dans le m\u00eame sch\u00e9ma.<\/p>\n<p>Pour GK, la guerre en cours <em>a radicalis\u00e9 et cristallis\u00e9 la formation d\u2019un introuvable \u00ab\u00a0Sud Global\u00a0\u00bb oppos\u00e9 aux d\u00e9mocraties lib\u00e9rales du \u00ab\u00a0Nord\u00a0\u00bb dont Isra\u00ebl constituerait la figure la plus d\u00e9testable, favorisant par contrecoup le rapprochement du ci-devant tiers-monde, gr\u00e2ce aux BRICS\u00a0+<\/em>[3]<em>, avec Moscou et P\u00e9kin.<\/em><\/p>\n<p>Enfin, le livre se termine par un dernier chapitre intitul\u00e9 \u00ab\u00a0Haro sur l\u2019Occident\u00a0\u00bb que je vous propose de d\u00e9couvrir par la lecture d\u2019<em>Holocaustes<\/em>\u00a0!<br \/>\nGK conclut par cette incitation \u00e0 cr\u00e9er rapidement un \u00c9tat palestinien : \u00ab\u00a0si les \u00c9tats-Unis et l\u2019Occident ne se donnent pas les moyens de parvenir \u00e0 instaurer un \u00c9tat palestinien, ils subiront \u00e0\u00a0terme une d\u00e9faite strat\u00e9gique face \u00e0 l\u2019axe illib\u00e9ral et antioccidental russo-chinois que symbolisent d\u00e9sormais les BRICS\u00a0+\u00a0\u00bb. Pourra-t-il \u00eatre entendu\u00a0?<\/p>\n<p>[1] Gilles Kepel est politologue, sp\u00e9cialiste du\u00a0monde arabe\u00a0contemporain et de l&rsquo;islamisme radical, il est\u00a0professeur des universit\u00e9s\u00a0\u00e0 l&rsquo;universit\u00e9 Paris Sciences et Lettres.<\/p>\n<p>[2] Population en Isra\u00ebl\u00a0: environ 9 500 000 habitants dont 76% de Juifs et 21% d\u2019Arabes isra\u00e9liens.<\/p>\n<p>[3] BRICS+\u00a0: Les BRICS+ sont un groupe de neuf pays qui se r\u00e9unissent en<strong>\u00a0sommets annuels : Br\u00e9sil, Russie, Inde,<\/strong><strong>\u00a0Chine, auxquels se sont ajout\u00e9s\u00a0: Afrique du Sud, \u00c9gypte, \u00c9mirats arabes unis, \u00c9thiopie et\u00a0Iran.\u00a0<\/strong>L\u2019objectif est de donner \u00e0 des pays en d\u00e9veloppement un plus grand poids dans la gouvernance mondiale. En 2023, ce bloc contribuait en 2023 \u00e0 31,5 % du PIB mondial, d\u00e9passant celui\u00a0 du G7.<\/p>\n","protected":false},"excerpt":{"rendered":"<p>Gilles Kepel[1] vient de publier Holocaustes, aux \u00e9ditions La D\u00e9couverte, livre \u00e9crit apr\u00e8s le 7 octobre 2023, dans l\u2019urgence de la guerre. C\u2019est un livre foisonnant (peut-\u00eatre un peu trop\u00a0!) dont j\u2019essaie ici d\u2019indiquer les points de vue principaux. Holocaustes, &hellip; <a href=\"https:\/\/maclarema.fr\/blog\/gilles-kepel-holocaustes-au-pluriel\/\">Continuer la lecture <span class=\"meta-nav\">&rarr;<\/span><\/a><\/p>\n","protected":false},"author":3,"featured_media":0,"comment_status":"open","ping_status":"open","sticky":false,"template":"","format":"standard","meta":{"footnotes":""},"categories":[4,76],"tags":[75,21,11,7],"class_list":["post-3747","post","type-post","status-publish","format-standard","hentry","category-israel-palestine","category-litterature","tag-gaza","tag-guerre","tag-israel","tag-palestine"],"_links":{"self":[{"href":"https:\/\/maclarema.fr\/blog\/wp-json\/wp\/v2\/posts\/3747","targetHints":{"allow":["GET"]}}],"collection":[{"href":"https:\/\/maclarema.fr\/blog\/wp-json\/wp\/v2\/posts"}],"about":[{"href":"https:\/\/maclarema.fr\/blog\/wp-json\/wp\/v2\/types\/post"}],"author":[{"embeddable":true,"href":"https:\/\/maclarema.fr\/blog\/wp-json\/wp\/v2\/users\/3"}],"replies":[{"embeddable":true,"href":"https:\/\/maclarema.fr\/blog\/wp-json\/wp\/v2\/comments?post=3747"}],"version-history":[{"count":6,"href":"https:\/\/maclarema.fr\/blog\/wp-json\/wp\/v2\/posts\/3747\/revisions"}],"predecessor-version":[{"id":3764,"href":"https:\/\/maclarema.fr\/blog\/wp-json\/wp\/v2\/posts\/3747\/revisions\/3764"}],"wp:attachment":[{"href":"https:\/\/maclarema.fr\/blog\/wp-json\/wp\/v2\/media?parent=3747"}],"wp:term":[{"taxonomy":"category","embeddable":true,"href":"https:\/\/maclarema.fr\/blog\/wp-json\/wp\/v2\/categories?post=3747"},{"taxonomy":"post_tag","embeddable":true,"href":"https:\/\/maclarema.fr\/blog\/wp-json\/wp\/v2\/tags?post=3747"}],"curies":[{"name":"wp","href":"https:\/\/api.w.org\/{rel}","templated":true}]}}