{"id":38,"date":"2013-11-11T12:00:00","date_gmt":"2013-11-11T12:00:00","guid":{"rendered":"http:\/\/maclarema.fr\/blog\/dans-un-jardin-je-suis-entre\/"},"modified":"2013-11-11T12:00:00","modified_gmt":"2013-11-11T12:00:00","slug":"dans-un-jardin-je-suis-entre","status":"publish","type":"post","link":"https:\/\/maclarema.fr\/blog\/dans-un-jardin-je-suis-entre\/","title":{"rendered":"Dans un jardin je suis entr\u00e9"},"content":{"rendered":"<p>R\u00e9dig\u00e9 par Marianne. <img decoding=\"async\" src=\"\/public\/.dans_un_jardin_s.jpg\" alt=\"dans_un_jardin.jpg\" style=\"float:right; margin: 0 0 1em 1em;\" title=\"dans_un_jardin.jpg, nov. 2013\" \/><\/p>\n<h4><em>Dans un jardin je suis entr\u00e9<\/em><br \/>\n(film d\u2019Avi Mograbi)<\/h4>\n<p>Deux amis, tous deux isra\u00e9liens, l\u2019un Juif, mais dont la famille vient de pays arabes (Syrie, Liban)&nbsp;; l\u2019autre, Arabe palestinien, n\u00e9 sur des terres maintenant isra\u00e9liennes et confisqu\u00e9es, comme r\u00e9fugi\u00e9 dans son propre pays.<br \/>\nL\u2019un parle arabe et h\u00e9breu, l\u2019autre h\u00e9breu mais apprend l\u2019arabe avec son ami. Tous deux habitent Tel Aviv. <\/p>\n<p><!--more--><\/p>\n<h4>R\u00eaves<\/h4>\n<p>Des vies entrelac\u00e9es, comme il est dit un moment dans le film. Ils parlent, ils se parlent, et c\u2019est d\u00e9j\u00e0 beaucoup, de leur histoire familiale et personnelle, bouscul\u00e9e par l\u2019Histoire, en h\u00e9breu, en arabe. Tous deux r\u00eavent d\u2019un pays qui accepterait \u00e0 \u00e9galit\u00e9 l\u2019un et l\u2019autre, le juif, l\u2019arabe, l\u2019arabe juif, la langue h\u00e9bra\u00efque, la langue arabe. Et nous r\u00eavons avec eux\u2026<br \/>\nPour Avi Mograbi&nbsp;: le film n\u2019est pas contre qui que ce soit&nbsp;: c\u2019est un film avec. C\u2019est un dialogue amical, f\u00e9cond, plein de compr\u00e9hension mutuelle. Tout le film a \u00e9t\u00e9 con\u00e7u autour de cette id\u00e9e de partage et de travail en commun.<\/p>\n<ul>\n<li><em>Dans un jardin je suis entr\u00e9<\/em>, film d\u2019Avi Mograbi.<\/li>\n<\/ul>\n","protected":false},"excerpt":{"rendered":"<p>R\u00e9dig\u00e9 par Marianne. <img decoding=\"async\" src=\"\/public\/.dans_un_jardin_s.jpg\" alt=\"dans_un_jardin.jpg\" style=\"float:right; margin: 0 0 1em 1em;\" title=\"dans_un_jardin.jpg, nov. 2013\" \/><\/p>\n<h4><em>Dans un jardin je suis entr\u00e9<\/em><br \/>\n(film d\u2019Avi Mograbi)<\/h4>\n<p>Deux amis, tous deux isra\u00e9liens, l\u2019un Juif, mais dont la famille vient de pays arabes (Syrie, Liban)&nbsp;; l\u2019autre, Arabe palestinien, n\u00e9 sur des terres maintenant isra\u00e9liennes et confisqu\u00e9es, comme r\u00e9fugi\u00e9 dans son propre pays.<br \/>\nL\u2019un parle arabe et h\u00e9breu, l\u2019autre h\u00e9breu mais apprend l\u2019arabe avec son ami. Tous deux habitent Tel Aviv. <\/p>\n<p> <a href=\"https:\/\/maclarema.fr\/blog\/dans-un-jardin-je-suis-entre\/\">Continuer la lecture <span class=\"meta-nav\">&rarr;<\/span><\/a><\/p>\n","protected":false},"author":1,"featured_media":0,"comment_status":"open","ping_status":"closed","sticky":false,"template":"","format":"standard","meta":{"footnotes":""},"categories":[6],"tags":[8],"class_list":["post-38","post","type-post","status-publish","format-standard","hentry","category-culture","tag-film"],"_links":{"self":[{"href":"https:\/\/maclarema.fr\/blog\/wp-json\/wp\/v2\/posts\/38","targetHints":{"allow":["GET"]}}],"collection":[{"href":"https:\/\/maclarema.fr\/blog\/wp-json\/wp\/v2\/posts"}],"about":[{"href":"https:\/\/maclarema.fr\/blog\/wp-json\/wp\/v2\/types\/post"}],"author":[{"embeddable":true,"href":"https:\/\/maclarema.fr\/blog\/wp-json\/wp\/v2\/users\/1"}],"replies":[{"embeddable":true,"href":"https:\/\/maclarema.fr\/blog\/wp-json\/wp\/v2\/comments?post=38"}],"version-history":[{"count":0,"href":"https:\/\/maclarema.fr\/blog\/wp-json\/wp\/v2\/posts\/38\/revisions"}],"wp:attachment":[{"href":"https:\/\/maclarema.fr\/blog\/wp-json\/wp\/v2\/media?parent=38"}],"wp:term":[{"taxonomy":"category","embeddable":true,"href":"https:\/\/maclarema.fr\/blog\/wp-json\/wp\/v2\/categories?post=38"},{"taxonomy":"post_tag","embeddable":true,"href":"https:\/\/maclarema.fr\/blog\/wp-json\/wp\/v2\/tags?post=38"}],"curies":[{"name":"wp","href":"https:\/\/api.w.org\/{rel}","templated":true}]}}