{"id":3843,"date":"2024-12-01T12:14:03","date_gmt":"2024-12-01T11:14:03","guid":{"rendered":"https:\/\/maclarema.fr\/blog\/?p=3843"},"modified":"2024-12-29T20:39:22","modified_gmt":"2024-12-29T19:39:22","slug":"contre-la-venue-dun-ministre-israelien-dextreme-droite-en-france","status":"publish","type":"post","link":"https:\/\/maclarema.fr\/blog\/contre-la-venue-dun-ministre-israelien-dextreme-droite-en-france\/","title":{"rendered":"Contre la venue d&rsquo;un ministre isra\u00e9lien d&rsquo;extr\u00eame droite en France"},"content":{"rendered":"<p>Le ministre isra\u00e9lien Bezalel Smotrich* \u00e9tait invit\u00e9 par l&rsquo;organisation <em>\u00ab\u00a0Israel is forever\u00a0\u00bb<\/em>, le jeudi 13 novembre, pour un gala de mobilisation des <em>\u00ab\u00a0forces sionistes francophones au service de la puissance et de l\u2019histoire d\u2019Isra\u00ebl\u00a0\u00bb<\/em>. Bezalel Smotrich est un supr\u00e9matiste raciste, qui se revendique fasciste et homophobe. Lui-m\u00eame colon en Cisjordanie occup\u00e9e, partisan acharn\u00e9 du \u00ab Grand Isra\u00ebl \u00bb, d\u00e9niant tout droit aux Palestiniens, son poste de ministre des finances lui permet d&rsquo;armer les colons et d&rsquo;acc\u00e9l\u00e9rer la colonisation ill\u00e9gale.. Il est \u00e9videmment hostile \u00e0 des n\u00e9gociations qui pourraient aboutir \u00e0 un Etat palestinien.<\/p>\n<p><a href=\"https:\/\/maclarema.fr\/blog\/wp-content\/uploads\/2024\/12\/Smotrich.jpeg\"><img loading=\"lazy\" decoding=\"async\" class=\"size-medium wp-image-3847 alignleft\" src=\"https:\/\/maclarema.fr\/blog\/wp-content\/uploads\/2024\/12\/Smotrich-300x296.jpeg\" alt=\"\" width=\"300\" height=\"296\" srcset=\"https:\/\/maclarema.fr\/blog\/wp-content\/uploads\/2024\/12\/Smotrich-300x296.jpeg 300w, https:\/\/maclarema.fr\/blog\/wp-content\/uploads\/2024\/12\/Smotrich.jpeg 486w\" sizes=\"auto, (max-width: 300px) 100vw, 300px\" \/><\/a>Contre la venue en France de ce repr\u00e9sentant des forces politiques fascistes du gouvernement isra\u00e9lien, des organisations de gauche, des associations juives, se sont rassembl\u00e9es pour protester contre la venue d&rsquo;un tel personnage et r\u00e9clamer un cessez-le-feu imm\u00e9diat. Parmi elles, le r\u00e9seau RAAR, Golem, les guerri\u00e8res de la paix, l&rsquo;UJRE, Paix Maintenant, Une Autre Voix juive, JCall, SOSracisme, le Centre Medem, JalonsPourLaPaix&#8230;..<!--more--><\/p>\n<p>Ce rassemblement \u00e9tait distinct de la manifestation initi\u00e9e le m\u00eame jour par le collectif <em>Urgence Palestine<\/em> et des mouvements de soutien aux Palestiniens. .Les organisations juives de gauche d\u00e9noncent avec \u00e9nergie la politique fascisante du gouvernement d&rsquo;extr\u00eame droite isra\u00e9lien, peuvent se mobiliser contre la poursuite d&rsquo;une guerre an\u00e9antissant les populations civiles palestiniennes, mais ne peuvent s&rsquo;associer \u00e0 des organisations visant le destruction de l&rsquo;Etat d&rsquo;Isra\u00ebl\u00b0 .<\/p>\n<p>Un texte paru dans <a href=\"https:\/\/blogs.mediapart.fr\/collectif-de-citoyen-es-juives-et-juifs\/blog\/121124\/le-ministre-israelien-smotrich-ne-doit-pas-etre-accueilli-en-france\">M\u00e9diapart<\/a> et <a href=\"https:\/\/www.lemonde.fr\/idees\/article\/2024\/11\/10\/guerre-au-proche-orient-le-ministre-israelien-bezalel-smotrich-supremaciste-et-revisionniste-ne-doit-pas-etre-accueilli-en-france_6385673_3232.html\">Le Mond<\/a>e, \u00ab<strong> <i>Le ministre isra\u00e9lien Smotrich ne doit pas \u00eatre accueilli en France<\/i>\u00a0\u00bb, sign\u00e9 par un \u00ab\u00a0<i>Collectif de citoyen\u00b7es juives et juifs<\/i>\u00a0\u00bb<\/strong>, rappelle la politique de haine et d&rsquo;exactions men\u00e9e par Smotrich qui a \u00e9t\u00e9 qualifi\u00e9 de <i>\u00ab\u00a0criminel de guerre\u00a0\u00bb<\/i> par le journal isra\u00e9lien <i>Haaretz <\/i>lorsque, en f\u00e9vrier 2023, il appelait \u00e0 \u00ab an\u00e9antir \u00bb la ville palestinienne de Huwara, Il est actuellement de ceux qui appellent, depuis les massacre du 7 octobre \u2013 1200 hommes, femmes et enfants isra\u00e9liens sauvagement assassin\u00e9s &#8211; \u00e0 une intensification d&rsquo;une guerre de repr\u00e9sailles qui semble ne pas avoir de fin. Plus de 44.000 morts dans le population palestinienne an\u00e9antie sous les bombes, dont une majorit\u00e9 de femmes et d&rsquo;enfants.<br \/>\nJe me suis jointe, pour Maclarema, \u00e0 cette protestation contre un ministre ouvertement fasciste , pr\u00f4nant une politique d&rsquo;\u00e9limination d&rsquo;un peuple, abusant sans limite de la puissance militaire, au m\u00e9pris des instances internationales et des droits humains fondamentaux.<br \/>\n<a href=\"https:\/\/maclarema.fr\/blog\/wp-content\/uploads\/2024\/12\/RassembHoche2.jpg\"><img loading=\"lazy\" decoding=\"async\" class=\"size-medium wp-image-3849 alignright\" src=\"https:\/\/maclarema.fr\/blog\/wp-content\/uploads\/2024\/12\/RassembHoche2-300x225.jpg\" alt=\"\" width=\"300\" height=\"225\" srcset=\"https:\/\/maclarema.fr\/blog\/wp-content\/uploads\/2024\/12\/RassembHoche2-300x225.jpg 300w, https:\/\/maclarema.fr\/blog\/wp-content\/uploads\/2024\/12\/RassembHoche2-1024x768.jpg 1024w, https:\/\/maclarema.fr\/blog\/wp-content\/uploads\/2024\/12\/RassembHoche2-768x576.jpg 768w, https:\/\/maclarema.fr\/blog\/wp-content\/uploads\/2024\/12\/RassembHoche2-1536x1152.jpg 1536w, https:\/\/maclarema.fr\/blog\/wp-content\/uploads\/2024\/12\/RassembHoche2.jpg 2016w\" sizes=\"auto, (max-width: 300px) 100vw, 300px\" \/><\/a><br \/>\nIl est profond\u00e9ment d\u00e9sesp\u00e9rant d&rsquo;assister \u00e0 une telle trahison de l&rsquo;histoire juive, \u00e0 un tel renversement des valeurs et des principes qui ont guid\u00e9 de nombreux fondateurs de l&rsquo;Etat d&rsquo;Isra\u00ebl. Les atrocit\u00e9s commises par le Hamas le 7 octobre menaient \u00e9videmment \u00e0 cette guerre, mais cette guerre semble maintenant s&rsquo;inscrire dans la seule perspective de disparition des Palestiniens. Nous ne pouvons supporter cela. Nous ne devons pas oublier que des Palestiniens, comme des Isra\u00e9liens, femmes et hommes de bonne volont\u00e9, cherchent depuis longtemps \u00e0 se comprendre sans se ha\u00efr, \u00e0 sortir de l&rsquo;impasse.<\/p>\n<p>C&rsquo;est ce que montre un juste et beau film documentaire r\u00e9alis\u00e9 \u00e0 l\u2019initiative d\u2019un groupe de femmes juives fran\u00e7aises , \u00ab\u00a0<em>les guerri\u00e8res de la Paix<\/em>\u00ab\u00a0.\u00a0 Des femmes isra\u00e9liennes et palestiniennes, mais aussi des hommes, se parlent. et ouvrent un espace pour la paix. On admire leur courage, leur dignit\u00e9. Ils sont peu nombreux, ne constituent pas une force politique, mais ils portent une lueur d&rsquo;espoir, cela fait du bien. Ce film est en acc\u00e8s libre sur le site public du S\u00e9nat,<br \/>\n&lt;<a href=\"https:\/\/www.publicsenat.fr\/emission\/documentaire\/resister-pour-la-paix-e0\">https:\/\/www.publicsenat.fr\/emission\/documentaire\/resister-pour-la-paix-e0<\/a>&gt;.<\/p>\n<p><a href=\"https:\/\/maclarema.fr\/blog\/wp-content\/uploads\/2024\/12\/RassembHoche1.jpg\"><img loading=\"lazy\" decoding=\"async\" class=\"size-medium wp-image-3848 alignleft\" src=\"https:\/\/maclarema.fr\/blog\/wp-content\/uploads\/2024\/12\/RassembHoche1-300x225.jpg\" alt=\"\" width=\"300\" height=\"225\" srcset=\"https:\/\/maclarema.fr\/blog\/wp-content\/uploads\/2024\/12\/RassembHoche1-300x225.jpg 300w, https:\/\/maclarema.fr\/blog\/wp-content\/uploads\/2024\/12\/RassembHoche1-1024x768.jpg 1024w, https:\/\/maclarema.fr\/blog\/wp-content\/uploads\/2024\/12\/RassembHoche1-768x576.jpg 768w, https:\/\/maclarema.fr\/blog\/wp-content\/uploads\/2024\/12\/RassembHoche1-1536x1152.jpg 1536w, https:\/\/maclarema.fr\/blog\/wp-content\/uploads\/2024\/12\/RassembHoche1.jpg 2016w\" sizes=\"auto, (max-width: 300px) 100vw, 300px\" \/><\/a>Le rassemblement a r\u00e9uni plus d&rsquo;une centaine de personnes, des responsables des associations ont pris la parole pour exprimer notre indignation, des journalistes \u00e9taient pr\u00e9sents. Les manifestants ont cri\u00e9 \u00ab\u00a0Smotritch,fasciste, dehors\u00a0\u00bb, \u00ab\u00a0Cessez-le feu imm\u00e9diat\u00a0\u00bb, \u00ab\u00a0lib\u00e9ration des otages\u00a0\u00bb, \u00ab\u00a0paix et dignit\u00e9 pour deux peuples\u00a0\u00bb, \u00ab\u00a0deux peuples deux Etats\u00a0\u00bb&#8230;<\/p>\n<p>Au long de cet \u00e9v\u00e9nement, qu&rsquo;apparemment la pr\u00e9fecture n&rsquo;avait pas autoris\u00e9, nous avons \u00e9t\u00e9 encadr\u00e9s par la police et finalement \u00ab\u00a0nass\u00e9s\u00a0\u00bb, somm\u00e9s individuellement de pr\u00e9senter nos identit\u00e9s, ce que nous avons refus\u00e9. Les n\u00e9gociations men\u00e9es par des juristes pr\u00e9sents, l&rsquo;arriv\u00e9e en soutien de d\u00e9put\u00e9s barr\u00e9s de leur \u00e9charpe tricolore, la pr\u00e9sence de journalistes, nous ont permis, pour la plupart, de rejoindre le m\u00e9tro sans plus d&rsquo;encombre.<\/p>\n<p style=\"text-align: center;\">*****<\/p>\n<p><strong>Notes<\/strong><\/p>\n<p>* <em><strong>Bezalel Smotrich<\/strong><\/em> Personnalit\u00e9 politique controvers\u00e9e, notamment pour ses vues intol\u00e9rantes envers le juda\u00efsme r\u00e9form\u00e9, les Palestiniens, les homosexuels et la gauche isra\u00e9lienne, il se d\u00e9marque par des prises de positions d&rsquo;extr\u00eame droite. Supr\u00e9maciste juif, il souhaite un \u00c9tat th\u00e9ocratique soumis \u00e0 la loi religieuse et l&rsquo;annexion de toute la Palestine.<br \/>\n&lt;<a href=\"https:\/\/fr.wikipedia.org\/wiki\/Bezalel_Smotrich\">https:\/\/fr.wikipedia.org\/wiki\/Bezalel_Smotrich<\/a>&gt;<\/p>\n<p><strong>Les organisations signataires\u00a0:<\/strong><\/p>\n<p><strong>RAAR R\u00e9seau d&rsquo;Action contre l&rsquo;Antis\u00e9mitisme et tous les Racismes<\/strong><br \/>\nAssociation plurielle de gauche rassemblant des personnes de toutes origines, cr\u00e9\u00e9 en 2021 face au constat alarmant1 d&rsquo;une recrudescence de l\u2019antis\u00e9mitisme, d\u2019une mont\u00e9e des racismes et d\u2019une aggravation de la crise sociale.&lt;<a href=\"https:\/\/blogs.mediapart.fr\/raar\/blog\">https:\/\/blogs.mediapart.fr\/raar\/blog<\/a>&gt;<\/p>\n<p><strong>Collectif Golem<\/strong> Ce collectif, fond\u00e9 la veille de la marche du 12 novembre 2023 contre l&rsquo;antis\u00e9mitisme, s&rsquo;est mobilis\u00e9 contre la participation du Rassemblement national et s&rsquo;est heurt\u00e9 aux membres de la Ligue de D\u00e9fense juive qui assurait le service d&rsquo;ordre du RN. Il veut rassembler les Juifs et Juives de gauche, dont les voix ne trouvaient plus o\u00f9 s\u2019exprimer. Leurs objectifs : faire reculer l&rsquo;extr\u00eame droite, combattre l&rsquo;antis\u00e9mitisme, et enfin \u00ab <em>discerner la critique l\u00e9gitime de la politique coloniale isra\u00e9lienne, de la diabolisation d\u2019une entit\u00e9 imaginaire r\u00e9pulsive<\/em> \u00bb.<br \/>\n&lt;<a href=\"https:\/\/collectif-golem.frama.io\/golem\/articles\/2023\/11\/29\/appel-de-golem.html#index-0\">https:\/\/collectif-golem.frama.io\/golem\/articles\/2023\/11\/29\/appel-de-golem.html#index-0<\/a>&gt;<\/p>\n<p><strong>Les Guerri\u00e8res de la Paix<\/strong>, mouvement de femmes pour la Paix, la Justice et l&rsquo;Egalit\u00e9. Cr\u00e9\u00e9 en France en 2022 par Hanna Assouline, ce mouvement r\u00e9unit des femmes de toutes sensibilit\u00e9s, cultures, croyances et origines. pour promouvoir le r\u00f4le des femmes dans le processus de Paix<br \/>\n&lt;<a href=\"https:\/\/www.lesguerrieresdelapaix.com\/\">https:\/\/www.lesguerrieresdelapaix.com\/<\/a>&gt;<\/p>\n<p><strong>SOS Racisme<\/strong><br \/>\nAssociation fran\u00e7aise cr\u00e9\u00e9e en 1984, pour lutter contre le racisme, l&rsquo;antis\u00e9mitisme et plus g\u00e9n\u00e9ralement toutes les formes de discrimination. Slogan : \u00ab Touche pas \u00e0 mon pote \u00bb.<br \/>\n&lt;<a href=\"https:\/\/sos-racisme.org\/\">https:\/\/sos-racisme.org\/<\/a>&gt;<\/p>\n<p><strong>Juives et juifs r\u00e9volutionnaires (JJR)<\/strong><br \/>\nCollectif r\u00e9unissant des personnes juives de gauche radicale luttant contre l&rsquo;antis\u00e9mitisme, notamment dans les espaces au sein desquels elles militent.<br \/>\n&lt;<a href=\"https:\/\/linktr.ee\/juifvesrevolutionnaires\">https:\/\/linktr.ee\/juifvesrevolutionnaires<\/a>&gt;<br \/>\n&lt;<a href=\"https:\/\/blogs.mediapart.fr\/juives-et-juifs-revolutionnaires\">https:\/\/blogs.mediapart.fr\/juives-et-juifs-revolutionnaires<\/a>&gt;<\/p>\n<p><strong>Union des Juifs pour la r\u00e9sistance et l&rsquo;entraide (UJRE)<\/strong><br \/>\nOrganisation juive fran\u00e7aise n\u00e9e dans la R\u00e9sistance, li\u00e9e \u00e0 la Main-d&rsquo;\u0153uvre immigr\u00e9e (MOI) cr\u00e9\u00e9e par le Parti communiste fran\u00e7ais. l\u2019UJRE combat toutes formes de racisme, d\u2019antis\u00e9mitisme et de x\u00e9nophobie, ouvertes ou sournoises, s\u2019oppose au repli identitaire, et milite pour que s\u2019instaure au Moyen-Orient une paix durable, garantissant l\u2019existence de l\u2019\u00c9tat d\u2019Isra\u00ebl et de l\u2019\u00c9tat de Palestine<br \/>\n&lt;<a href=\"https:\/\/ujre.fr\/\">https:\/\/ujre.fr\/<\/a>&gt;<\/p>\n<p><strong>Jalons pour la paix AJP<\/strong><br \/>\nPour la culture de la p aix en Isra\u00ebl et Palestine, \u00e0 Aubervilliers et tout autre territoire en France ou \u00e0 l\u2019\u00e9tranger, elle ambitionne notamment de cr\u00e9er de nouveaux espaces citoyens pour r\u00e9aliser des projets de vivre ensemble impliquant de jeunes citoyens par le dialogue, l\u2019\u00e9change et la coop\u00e9ration.<br \/>\n&lt;<a href=\"https:\/\/www.net1901.org\/association\/AUBER-JALONS-POUR-LA-PAIX-AJP,1142188.html\">https:\/\/www.net1901.org\/association\/AUBER-JALONS-POUR-LA-PAIX-AJP,1142188.html<\/a>&gt;<\/p>\n<p><strong>J Call European Jewish Call for Reason<\/strong><br \/>\nR\u00e9seau associatif europ\u00e9en lanc\u00e9 le 3 mai 2010 au Parlement europ\u00e9en de Bruxelles. Il r\u00e9unit des Juifs europ\u00e9ens et des amis d\u2019Isra\u00ebl qui aspirent \u00e0 une paix au Proche-Orient reposant sur un accord entre Isra\u00e9liens et Palestiniens, selon le principe \u00abdeux peuples, deux \u00c9tats\u00bb.<br \/>\n&lt;<a href=\"https:\/\/fr.jcall.eu\/\">https:\/\/fr.jcall.eu\/<\/a>&gt;<\/p>\n<p><strong>Centre Medem<\/strong><br \/>\nLe Centre Medem est une organisation juive, la\u00efque, diasporique situ\u00e9e dans la mouvance socialiste et attach\u00e9e \u00e0 la culture yiddish. Il entretient des liens avec les autres organisations \u00e0 travers le monde qui, comme lui, revendiquent l\u2019h\u00e9ritage spirituel du Bund.<br \/>\n&lt;<a href=\"https:\/\/www.centre-medem.org\/presentation\/\">https:\/\/www.centre-medem.org\/presentation\/<\/a>&gt;<\/p>\n<p><strong>Ami.e.s de Standing together France<\/strong><br \/>\n\u00abDebout ensemble\u00bb est un mouvement isra\u00e9lien qui vise \u00e0 rapprocher les Palestiniens d&rsquo;Isra\u00ebl et les juifs isra\u00e9liens1 ; il est le plus grand mouvement populaire arabo-juif du pays. Fond\u00e9 en 2015, il compte environ 5 300 membres en avril 2024 &lt;<a href=\"https:\/\/fr.wikipedia.org\/wiki\/Standing_together\">https:\/\/fr.wikipedia.org\/wiki\/Standing_together<\/a>&gt;<br \/>\nEn France &lt;<a href=\"https:\/\/aoc.media\/entretien\/2024\/09\/27\/standing-together-nous-sommes-un-mouvement-israelo-palestinien-qui-part-de-la-base\/\">https:\/\/aoc.media\/entretien\/2024\/09\/27\/standing-together-nous-sommes-un-mouvement-israelo-palestinien-qui-part-de-la-base\/<\/a>&gt;<\/p>\n<p><strong>La Paix Maintenant<\/strong><br \/>\nle plus important mouvement politique extra-parlementaire isra\u00e9lien. Il est ind\u00e9pendant des partis politiques. attach\u00e9 aux valeurs sionistes et d\u00e9mocratiques et milite pour une paix juste avec les Palestiniens. &lt;<a href=\"https:\/\/www.lapaixmaintenant.org\/\">https:\/\/www.lapaixmaintenant.org\/<\/a>&gt;<br \/>\n&lt;<a href=\"https:\/\/maclarema.fr\/fpShalomArchav.html\">https:\/\/maclarema.fr\/fpShalomArchav.html<\/a>&gt;<\/p>\n<p><strong>Pro Human Campaign<\/strong><br \/>\nLa campagne pour l&rsquo;humanit\u00e9 est r\u00e9seau mondial de militants, initi\u00e9 par Amnesty International Isra\u00ebl, quand la guerre a \u00e9clat\u00e9 le 7 octobre \u00ab\u00a0Even in times of war, we must not overlook the humanity of both Palestinians and Israelis\u00a0\u00bb.<br \/>\n&lt;<a href=\"https:\/\/www.pro-human-camp.org\/en\/\">https:\/\/www.pro-human-camp.org\/en\/<\/a>&gt;<\/p>\n<p>Appelaient aussi \u00e0 ce rassemblement :<br \/>\n<a href=\"https:\/\/www.mrj-moi.com\/\">Main d&rsquo;oeuvre immigr\u00e9e (MRJ-MOI)<\/a><br \/>\n<a href=\"https:\/\/www.helloasso.com\/associations\/les-amis-de-la-commission-centrale-de-l-enfance-aacce\">L&rsquo;association des Amis le le commission centrale de l&rsquo;enfance (AACCE)<\/a><br \/>\n<a href=\"https:\/\/mrap.fr\/+-paris-+.html\">F\u00e9d\u00e9ration deParis du Mouvement contre le racisme et pour l&rsquo;amiti\u00e9 entre les peuples (MRAP)<\/a><br \/>\n<a href=\"https:\/\/uavj.free.fr\/\">Une autre voix juive (UAVJ)<\/a><\/p>\n<p>&nbsp;<\/p>\n","protected":false},"excerpt":{"rendered":"<p>Le ministre isra\u00e9lien Bezalel Smotrich* \u00e9tait invit\u00e9 par l&rsquo;organisation \u00ab\u00a0Israel is forever\u00a0\u00bb, le jeudi 13 novembre, pour un gala de mobilisation des \u00ab\u00a0forces sionistes francophones au service de la puissance et de l\u2019histoire d\u2019Isra\u00ebl\u00a0\u00bb. Bezalel Smotrich est un supr\u00e9matiste raciste, &hellip; <a href=\"https:\/\/maclarema.fr\/blog\/contre-la-venue-dun-ministre-israelien-dextreme-droite-en-france\/\">Continuer la lecture <span class=\"meta-nav\">&rarr;<\/span><\/a><\/p>\n","protected":false},"author":2,"featured_media":0,"comment_status":"open","ping_status":"open","sticky":false,"template":"","format":"standard","meta":{"footnotes":""},"categories":[5,4],"tags":[],"class_list":["post-3843","post","type-post","status-publish","format-standard","hentry","category-antisemitisme","category-israel-palestine"],"_links":{"self":[{"href":"https:\/\/maclarema.fr\/blog\/wp-json\/wp\/v2\/posts\/3843","targetHints":{"allow":["GET"]}}],"collection":[{"href":"https:\/\/maclarema.fr\/blog\/wp-json\/wp\/v2\/posts"}],"about":[{"href":"https:\/\/maclarema.fr\/blog\/wp-json\/wp\/v2\/types\/post"}],"author":[{"embeddable":true,"href":"https:\/\/maclarema.fr\/blog\/wp-json\/wp\/v2\/users\/2"}],"replies":[{"embeddable":true,"href":"https:\/\/maclarema.fr\/blog\/wp-json\/wp\/v2\/comments?post=3843"}],"version-history":[{"count":15,"href":"https:\/\/maclarema.fr\/blog\/wp-json\/wp\/v2\/posts\/3843\/revisions"}],"predecessor-version":[{"id":3864,"href":"https:\/\/maclarema.fr\/blog\/wp-json\/wp\/v2\/posts\/3843\/revisions\/3864"}],"wp:attachment":[{"href":"https:\/\/maclarema.fr\/blog\/wp-json\/wp\/v2\/media?parent=3843"}],"wp:term":[{"taxonomy":"category","embeddable":true,"href":"https:\/\/maclarema.fr\/blog\/wp-json\/wp\/v2\/categories?post=3843"},{"taxonomy":"post_tag","embeddable":true,"href":"https:\/\/maclarema.fr\/blog\/wp-json\/wp\/v2\/tags?post=3843"}],"curies":[{"name":"wp","href":"https:\/\/api.w.org\/{rel}","templated":true}]}}