{"id":39,"date":"2013-12-18T11:17:00","date_gmt":"2013-12-18T10:17:00","guid":{"rendered":"http:\/\/maclarema.fr\/blog\/juifs-roms-histoire-croisee\/"},"modified":"2020-01-14T15:59:43","modified_gmt":"2020-01-14T14:59:43","slug":"juifs-roms-histoire-croisee","status":"publish","type":"post","link":"https:\/\/maclarema.fr\/blog\/juifs-roms-histoire-croisee\/","title":{"rendered":"Juifs, Roms : histoire crois\u00e9e"},"content":{"rendered":"<p><strong>Campement d&rsquo;\u00e9migrants juifs \u00e0 la gare de Lyon<\/strong><\/p>\n<p>Nous qui avons des parents, des grands-parents ou des anc\u00eatres plus lointains venus d&rsquo;ailleurs, qui ont fui les discriminations, les humiliations et les violences, pouss\u00e9s par la mis\u00e8re et l&rsquo;espoir d&rsquo;une vie plus digne, regardons cette illustration tir\u00e9e du Suppl\u00e9ment Illustr\u00e9 du <em>Petit Journal<\/em> du 10 septembre 1892 intitul\u00e9e \u00ab\u00a0<em>Campement d&rsquo;\u00e9migrants juifs \u00e0 la gare de Lyon<\/em> \u00bb.\u00a0<a href=\"https:\/\/maclarema.fr\/blog\/wp-content\/uploads\/2015\/12\/JuifsCamp1892m.jpg\"><img loading=\"lazy\" decoding=\"async\" class=\"alignright wp-image-340\" src=\"https:\/\/maclarema.fr\/blog\/wp-content\/uploads\/2015\/12\/JuifsCamp1892m-205x300.jpg\" alt=\"juifsRoumains1892\" width=\"250\" height=\"365\" srcset=\"https:\/\/maclarema.fr\/blog\/wp-content\/uploads\/2015\/12\/JuifsCamp1892m-205x300.jpg 205w, https:\/\/maclarema.fr\/blog\/wp-content\/uploads\/2015\/12\/JuifsCamp1892m.jpg 438w\" sizes=\"auto, (max-width: 250px) 100vw, 250px\" \/><\/a><\/p>\n<p>Elle fait penser \u00e0 ces Roms que nous croisons dans les nuits glac\u00e9es de Paris, abrit\u00e9s avec de petits enfants dans des cabines t\u00e9l\u00e9phoniques, errant autour des gares, mendiant aux abords des boulangeries, des gens pr\u00e9tendument \u00ab\u00a0inassimilables \u00bb&#8230;<br \/>\nLe <strong><a href=\"http:\/\/www.romeurope.org\/spip.php?article1058\">Guide du Collectif national droit de l&rsquo;homme Romeurope<\/a><\/strong> rappelle les droits des Roms et d\u00e9crypte les pr\u00e9jug\u00e9s qui les stigmatisent. Il balaie les id\u00e9es re\u00e7ues, fournit des r\u00e9f\u00e9rences de textes et la liste des associations participant au Collectif.<br \/>\nContrairement aux id\u00e9es re\u00e7ues, les Roms ne sont pas tous roumains et mis\u00e9rables mais, <em>\u00abparmi tous les Roms pr\u00e9sents en France, seuls les plus pauvres d\u2019entre eux sont les plus visibles car vivant dans des squats et bidonvilles\u00bb<\/em><\/p>\n<p><!--more--><\/p>\n<p><strong>Le commentaire du <em>Petit Journal<\/em><\/strong>, empreint de compassion pour des \u00e9migrants juifs expuls\u00e9s de Roumanie, pourrait aussi bien d\u00e9crire tous ces gens d\u00e9munis, souvent Roms, qui campent aujourd&rsquo;hui dans les rues de Paris, et les r\u00e9actions des passants.<\/p>\n<p><strong>Extrait\u00a0:<\/strong>\u00a0 \u00ab\u00a0La cour de la gare de Lyon, \u00e0 Paris, pr\u00e9sentait, ces jours derniers, un aspect singuli\u00e8rement curieux et aussi singuli\u00e8rement attristant. Une centaine de malheureux v\u00eatus de loques bigarr\u00e9es et parfaitement sordides y avaient \u00e9tabli leur campement, \u00e0 l&rsquo;\u00e9norme stup\u00e9faction des employ\u00e9s et des voyageurs.<br \/>\n\u00bb Ils \u00e9taient l\u00e0, comme notre dessin les repr\u00e9sente, faisant leur cuisine, lavant leurs loques dans des troncs d&rsquo;arbres creus\u00e9s qui leur servent \u00e0 la fois de baquet et de berceau pour leurs enfants, et, la nuit venue, se serrant les uns contre les autres pour dormir. \u00bb Tout d&rsquo;abord, ils s&rsquo;\u00e9taient install\u00e9s sous la v\u00e9randa\u00a0; mais les voyageurs se plaignirent du contact possible, \u00e9tant donn\u00e9e la malpropret\u00e9 trop visible de ces \u00e9tranges voyageurs\u00a0; de plus, en ces temps o\u00f9 l&rsquo;on craint tant les \u00e9pid\u00e9mies, on invoqua la cause sacr\u00e9e de la salubrit\u00e9 publique. Aussit\u00f4t on repoussa les pauvres bagages jusque dans la cour, et toute la bande les suivit, r\u00e9sign\u00e9e, sans une plainte. \u00bb Pour quelques instants le campement se reforma en plein air, il fut encore dispers\u00e9; alors la triste bande descendit sur le boulevard et s&rsquo;installa le long du mur de Mazas, puis revint encore dans la gare, et enfin gr\u00e2ce \u00e0 la charit\u00e9 put \u00eatre log\u00e9e dans deux h\u00f4tels de la rue Charenton et de la rue de Citeaux.\u00a0\u00bb<\/p>\n","protected":false},"excerpt":{"rendered":"<p><a href=\"http:\/\/www.romeurope.org\/IMG\/pdf\/20130613_guide_ceux_quon_appelle_les_roms-web-2.pdf\" hreflang=\"fr\"><\/a> R\u00e9dig\u00e9 par Claire.<\/p>\n<p><strong>Campement d&rsquo;\u00e9migrants juifs \u00e0 la gare de Lyon<\/strong><\/p>\n<p>Nous qui avons des parents, des grands-parents ou des anc\u00eatres plus lointains venus d&rsquo;ailleurs, qui ont fui les discriminations, les humiliations et les violences, pouss\u00e9s par la mis\u00e8re et l&rsquo;espoir d&rsquo;une vie plus digne, regardons cette illustration tir\u00e9e du Suppl\u00e9ment Illustr\u00e9 du <em>Petit Journal<\/em> du 10 septembre 1892 intitul\u00e9e \u00ab&nbsp;<em>Campement d&rsquo;\u00e9migrants juifs \u00e0 la gare de Lyon<\/em> \u00bb. <img decoding=\"async\" src=\"\/public\/.JuifsCamp1892m_m.jpg\" alt=\"JuifsCamp1892\" style=\"float:right; margin: 0 0 1em 1em;\" title=\"JuifsCamp1892, d\u00e9c. 2013\" \/><\/p>\n<p>Elle fait penser \u00e0 ces Roms que nous croisons dans les nuits glac\u00e9es de Paris, abrit\u00e9s avec de petits enfants dans des cabines t\u00e9l\u00e9phoniques, errant autour des gares, mendiant aux abords des boulangeries, des gens pr\u00e9tendument \u00ab&nbsp;inassimilables \u00bb&#8230;<br \/>\nLe <strong><a href=\"http:\/\/www.romeurope.org\/spip.php?article1058\">Guide du Collectif national droit de l&rsquo;homme Romeurope<\/a><\/strong> rappelle les droits des Roms et d\u00e9crypte les pr\u00e9jug\u00e9s qui les stigmatisent.  Il balaie les id\u00e9es re\u00e7ues, fournit des r\u00e9f\u00e9rences de textes et la  liste des associations participant au Collectif.<br \/>\nContrairement aux id\u00e9es re\u00e7ues, les Roms ne sont pas tous roumains et mis\u00e9rables mais, <em>\u00abparmi tous les Roms pr\u00e9sents en France, seuls les plus pauvres d\u2019entre eux sont les plus visibles car vivant dans des squats et bidonvilles\u00bb<\/em><\/p>\n<p> <a href=\"https:\/\/maclarema.fr\/blog\/juifs-roms-histoire-croisee\/\">Continuer la lecture <span class=\"meta-nav\">&rarr;<\/span><\/a><\/p>\n","protected":false},"author":2,"featured_media":0,"comment_status":"open","ping_status":"open","sticky":false,"template":"","format":"standard","meta":{"footnotes":""},"categories":[5],"tags":[18,12],"class_list":["post-39","post","type-post","status-publish","format-standard","hentry","category-antisemitisme","tag-antisemitisme-2","tag-droits-humains"],"_links":{"self":[{"href":"https:\/\/maclarema.fr\/blog\/wp-json\/wp\/v2\/posts\/39","targetHints":{"allow":["GET"]}}],"collection":[{"href":"https:\/\/maclarema.fr\/blog\/wp-json\/wp\/v2\/posts"}],"about":[{"href":"https:\/\/maclarema.fr\/blog\/wp-json\/wp\/v2\/types\/post"}],"author":[{"embeddable":true,"href":"https:\/\/maclarema.fr\/blog\/wp-json\/wp\/v2\/users\/2"}],"replies":[{"embeddable":true,"href":"https:\/\/maclarema.fr\/blog\/wp-json\/wp\/v2\/comments?post=39"}],"version-history":[{"count":4,"href":"https:\/\/maclarema.fr\/blog\/wp-json\/wp\/v2\/posts\/39\/revisions"}],"predecessor-version":[{"id":1811,"href":"https:\/\/maclarema.fr\/blog\/wp-json\/wp\/v2\/posts\/39\/revisions\/1811"}],"wp:attachment":[{"href":"https:\/\/maclarema.fr\/blog\/wp-json\/wp\/v2\/media?parent=39"}],"wp:term":[{"taxonomy":"category","embeddable":true,"href":"https:\/\/maclarema.fr\/blog\/wp-json\/wp\/v2\/categories?post=39"},{"taxonomy":"post_tag","embeddable":true,"href":"https:\/\/maclarema.fr\/blog\/wp-json\/wp\/v2\/tags?post=39"}],"curies":[{"name":"wp","href":"https:\/\/api.w.org\/{rel}","templated":true}]}}