{"id":3924,"date":"2025-05-16T15:57:10","date_gmt":"2025-05-16T14:57:10","guid":{"rendered":"https:\/\/maclarema.fr\/blog\/?p=3924"},"modified":"2025-05-16T16:01:17","modified_gmt":"2025-05-16T15:01:17","slug":"le-nageur-alfred-nakache-1915-1983-le-regime-de-vichy-et-le-sport","status":"publish","type":"post","link":"https:\/\/maclarema.fr\/blog\/le-nageur-alfred-nakache-1915-1983-le-regime-de-vichy-et-le-sport\/","title":{"rendered":"Le nageur Alfred Nakache (1915-1983) : le r\u00e9gime de Vichy et le sport."},"content":{"rendered":"<p><strong>Alfred, Fredj* Nakache<\/strong> na\u00eet \u00e0 Constantine (Alg\u00e9rie) en 1915 dans une famille juive<\/p>\n<div id=\"attachment_3932\" style=\"width: 310px\" class=\"wp-caption alignright\"><a href=\"https:\/\/maclarema.fr\/blog\/wp-content\/uploads\/2025\/05\/Alfred-Nakache-sourire.png\"><img loading=\"lazy\" decoding=\"async\" aria-describedby=\"caption-attachment-3932\" class=\"size-medium wp-image-3932\" src=\"https:\/\/maclarema.fr\/blog\/wp-content\/uploads\/2025\/05\/Alfred-Nakache-sourire-300x162.png\" alt=\"\" width=\"300\" height=\"162\" srcset=\"https:\/\/maclarema.fr\/blog\/wp-content\/uploads\/2025\/05\/Alfred-Nakache-sourire-300x162.png 300w, https:\/\/maclarema.fr\/blog\/wp-content\/uploads\/2025\/05\/Alfred-Nakache-sourire-1024x554.png 1024w, https:\/\/maclarema.fr\/blog\/wp-content\/uploads\/2025\/05\/Alfred-Nakache-sourire-768x415.png 768w, https:\/\/maclarema.fr\/blog\/wp-content\/uploads\/2025\/05\/Alfred-Nakache-sourire.png 1200w\" sizes=\"auto, (max-width: 300px) 100vw, 300px\" \/><\/a><p id=\"caption-attachment-3932\" class=\"wp-caption-text\">Alfred Nakache<\/p><\/div>\n<p>recompos\u00e9e de 11 enfants. On parle fran\u00e7ais \u00e0 la maison.\u00a0 On y pratique un Juda\u00efsme traditionnel. Le p\u00e8re est un patriote tendance radical-socialiste et a fait des \u00e9tudes. Il est le caissier principal du Mont-de-Pi\u00e9t\u00e9. Dans cette famille le sport tient une grande place. Petit, Alfred a peur de l&rsquo;eau et refuse de nager. Il gu\u00e9rit de cette phobie vers 13 ans, s&rsquo;entra\u00eene dans un club et gagne \u00e0 16 ans sa premi\u00e8re coupe en nage en mer. Son entra\u00eeneur Gabriel Menut l&rsquo;envoie \u00e0 Paris en 1933\u00a0 s&rsquo;entra\u00eener au Racing club pour les championnats de France. Il int\u00e8gre l&rsquo;\u00e9quipe de France et arrive 2\u00e8me derri\u00e8re le champion Jean Taris. Parall\u00e8lement il suit des \u00e9tudes au lyc\u00e9e Jeanson de Sailly \u00e0 Paris. Georges Hermant le pr\u00e9pare pour les JO de Berlin de 1936 . Malgr\u00e9 le contexte il s&rsquo;y rend et son \u00e9quipe de relais 4&#215;200 arrive 4\u00e8me, devant les Allemands. En raison du climat antis\u00e9mite de son club, il int\u00e8gre le Club nautique de Paris fin 1936. En 1937 il \u00e9pouse son amie d&rsquo;enfance constantinoise Paule Elbaz, excellente nageuse elle aussi. Il devient professeur d&rsquo;\u00e9ducation physique comme sa femme. <strong>Il cr\u00e9e la brasse papillon<\/strong>, surpasse son rival Jacques Cartonnet* dans de nombreuses courses. Dans la presse on le surnomme \u00ab\u00a0Artem\u00a0\u00bb. le poisson. En 1938 il fait son service militaire au bataillon de Joinville dans le Val de Marne o\u00f9 il continue l&rsquo;entra\u00eenement.<!--more--><br \/>\nQuant P\u00e9tain abolit le d\u00e9cret Cr\u00e9mieux* en octobre 1940, Paule et Alfred\u00a0 perdent leur nationalit\u00e9 fran\u00e7aise et en plus sont exclus\u00a0 en tant que Juifs de l&rsquo;Education nationale. Avec leur fille Annie n\u00e9e en 1941, ils partent \u00e0 Toulouse en zone libre. L\u00e0 Nakache rejoint le TOEC* et son entra\u00eeneur Alban Minville. Il gagne de nombreuses coupes, en particulier contre son rival Cartonnet, devenu milicien, jusqu&rsquo;en juillet 1942 o\u00f9 il est \u00ab\u00a0interdit de bassin\u00a0\u00bb. Curieusement le ministre des sports Jean Borotra* s&rsquo;affiche avec cet \u00ab\u00a0apatride\u00a0\u00bb dans deux tourn\u00e9es\u00a0 triomphales en Afrique du Nord en 1942 . Mais Borotra est remplac\u00e9 par Joseph Pascot, fasciste radical. Harcel\u00e9 par la presse collaborationniste qui le traite de \u00ab\u00a0pollueur des bassins\u00a0\u00bb, Nakache se retire des comp\u00e9titions mais continue d&rsquo;entra\u00eener des jeunes au TOEC le jour et aide en secret la nuit des r\u00e9sistants juifs de la Main forte*. D\u00e9nonc\u00e9*, il est arr\u00eat\u00e9\u00a0 par la Gestapo en d\u00e9cembre 1943\u00a0 avec sa femme et sa fille et via Drancy ils sont emmen\u00e9s \u00e0 Auschwitz par le convoi 66 du 20 janvier 1944. Paule et Annie sont imm\u00e9diatement gaz\u00e9es, lui est intern\u00e9. Il est reconnu \u00e0 la fois par des d\u00e9port\u00e9s et aussi des SS. Il travaille \u00e0 l&rsquo;infirmerie, se fait humilier par des nazis qui l&rsquo;obligent \u00e0 nager dans des eaux sales, mais certains dimanches il trouve l&rsquo;\u00e9nergie de nager dans un bassin de r\u00e9tention et d&rsquo;entra\u00eener un jeune d\u00e9port\u00e9. D&rsquo;o\u00f9 ce surnom de \u00ab\u00a0nageur d&rsquo;Auschwitz\u00a0\u00bb. En avril 1945 il est dans la marche de la mort vers Buchenwald, o\u00f9 son ami le boxeur\u00a0 tunisien Victor P\u00e9rez est abattu par un Allemand.<br \/>\nTr\u00e8s affaibli, il est rapatri\u00e9 \u00e0 Paris pour une op\u00e9ration de l&rsquo;oreille, puis retourne \u00e0 Toulouse, pour attendre Paule et Annie. En 1946, malgr\u00e9 sa d\u00e9pression, il reprend la natation, entra\u00eenant un futur champion Jean Bo\u00eeteux, et gagnant encore des comp\u00e9titions au plus haut niveau, seul ou en relais. Il participe m\u00eame aux JO de Londres en 1948. Il \u00e9pouse Marie Lopez en 1950, redevient professeur, par exemple \u00e0 la R\u00e9union o\u00f9 il cr\u00e9e un p\u00f4le d&rsquo;excellence de natation. Retrait\u00e9 en 1976, \u00e0 S\u00e8te, il continue \u00e0 nager chaque jour. C&rsquo;est au cours d&rsquo;une de ces nages qu&rsquo;il est fauch\u00e9 par une crise cardiaque en ao\u00fbt 1983.<br \/>\nAux dires de tous ceux qui l&rsquo;ont connu c&rsquo;\u00e9tait un homme g\u00e9n\u00e9reux, courageux, modeste, tr\u00e8s attachant et dou\u00e9 d&rsquo;une \u00e9nergie vitale remarquable qui lui a permis de retrouver les plus hauts niveaux jusqu&rsquo;en 1952 et de reprendre l&rsquo;enseignement. De nombreuses piscines ont \u00e9t\u00e9 nomm\u00e9es ou renomm\u00e9es Alfred Nakache en son honneur (comme \u00e0 Paris 20\u00e8, Nancy, Toulouse ou Montpellier)<\/p>\n<p><strong>Ses records et m\u00e9dailles<\/strong><br \/>\n200m brasse papillon 1941 record du monde<br \/>\n3x100m 3 nages 1946 record du monde<br \/>\n100m brasse papillon 1941 et 1942 record d&rsquo;Europe<br \/>\n4x200m 1936 record d&rsquo;Europe<br \/>\n400m brasse papillon 1943 record de France<br \/>\nvictoires fran\u00e7aises : 100m nage libre 1936,1937,1938,1941,1942<br \/>\n200m nage libre 1937,1938,1941,1942<br \/>\n200m brasse papillon 1938,1941,1942,1946<br \/>\n400m nage libre 1942<br \/>\n4x200m nage libre, 6 titres de 1936 \u00e0 1952<\/p>\n<p>Et m\u00e9daille du courage de la fondation Carnegie pour avoir sauv\u00e9 une femme tomb\u00e9e dans l&rsquo;eau avec sa voiture dans le canal de S\u00e8te en 1954!<\/p>\n<p><strong>Qui a d\u00e9nonc\u00e9 les Nakache?<\/strong> Pierre Assouline dans son r\u00e9cit biographique <em>Le Nageur<\/em> pense, avec d&rsquo;autres, et Nakache lui-m\u00eame, que ce serait Jacques Cartonnet devenu milicien ultra collaborationniste et tr\u00e8s jaloux des succ\u00e8s de son rival. D&rsquo;autres hypoth\u00e8ses sont avanc\u00e9es par des historiens : Pallard un autre nageur, ou Gibel un milicien.<\/p>\n<p><strong>Le sport sous Vichy<\/strong><\/p>\n<p>P\u00e9tain d\u00e8s 1940 fait du sport une \u00ab\u00a0affaire d&rsquo;\u00e9tat\u00a0\u00bb, car il est un \u00e9l\u00e9ment essentiel de la R\u00e9volution nationale, de la\u00a0\u00bbr\u00e9g\u00e9n\u00e9ration physique, intellectuelle et morale de la race\u00a0\u00bb. Il s&rsquo;agit de forger \u00e0 l&rsquo;image des r\u00e9gimes italien et allemand \u00ab\u00a0l&rsquo;homme nouveau\u00a0\u00bb gr\u00e2ce \u00e0 \u00ab\u00a0cette<\/p>\n<div id=\"attachment_3936\" style=\"width: 211px\" class=\"wp-caption alignleft\"><a href=\"https:\/\/maclarema.fr\/blog\/wp-content\/uploads\/2025\/05\/2e1b1bef-648c-4294-9166-6013a7646c5d_2_column.jpg\"><img loading=\"lazy\" decoding=\"async\" aria-describedby=\"caption-attachment-3936\" class=\"size-medium wp-image-3936\" src=\"https:\/\/maclarema.fr\/blog\/wp-content\/uploads\/2025\/05\/2e1b1bef-648c-4294-9166-6013a7646c5d_2_column-201x300.jpg\" alt=\"\" width=\"201\" height=\"300\" srcset=\"https:\/\/maclarema.fr\/blog\/wp-content\/uploads\/2025\/05\/2e1b1bef-648c-4294-9166-6013a7646c5d_2_column-201x300.jpg 201w, https:\/\/maclarema.fr\/blog\/wp-content\/uploads\/2025\/05\/2e1b1bef-648c-4294-9166-6013a7646c5d_2_column.jpg 355w\" sizes=\"auto, (max-width: 201px) 100vw, 201px\" \/><\/a><p id=\"caption-attachment-3936\" class=\"wp-caption-text\">Affiche de propagande<\/p><\/div>\n<p>chevalerie moderne\u00a0\u00bb permettant d&rsquo;exalter les qualit\u00e9s militaires et viriles de courage, hardiesse, loyaut\u00e9, go\u00fbt de l&rsquo;effort, altruisme, don de soi, discipline. Pour les hommes, un corps sain et viril, pour les femmes un corps sain et gracieux. L&rsquo;athl\u00e9tisme et la natation sont des sports de base.\u00a0 pour impr\u00e9gner la jeunesse de cette propagande, on augmente les heures d&rsquo;\u00e9ducation physique dans les \u00e9coles, on favorise les activit\u00e9s de plein air. Un commissariat \u00e0 l&rsquo;\u00e9ducation g\u00e9n\u00e9rale et sportive est cr\u00e9\u00e9 avec Borotra pour encadrer le sport, Carcopino pour l&rsquo;Education et le m\u00e9decin eug\u00e9niste Alexis Carrel pour l&rsquo;hygi\u00e8ne et la sant\u00e9.<br \/>\nPour les athl\u00e8tes la charte du 20 d\u00e9cembre 1940, \u00e0 l&rsquo;image de la carta dello sport italienne de 1926, \u00e9dicte les r\u00e8gles \u00e0 respecter lors d&rsquo;une comp\u00e9tition : salut olympique, puis serment: \u00ab\u00a0Je promets sur l&rsquo;honneur de pratiquer le sport avec d\u00e9sint\u00e9ressement, discipline et loyaut\u00e9, pour devenir meilleur et mieux servir ma patrie\u00a0\u00bb.<br \/>\nLes femmes, consid\u00e9r\u00e9es comme \u00ab\u00a0fragiles, incapables et inf\u00e9rieures physiquement\u00a0\u00bb pourront pratiquer presque tous les sports. Marie-Th\u00e9r\u00e8se Eyquem est charg\u00e9e de th\u00e9oriser le sport f\u00e9minin qui doit \u00eatre \u00a0\u00bb \u00e9quilibr\u00e9, mesur\u00e9, simple, en un mot f\u00e9minin\u00a0\u00bb<\/p>\n<div id=\"attachment_3934\" style=\"width: 310px\" class=\"wp-caption alignright\"><a href=\"https:\/\/maclarema.fr\/blog\/wp-content\/uploads\/2025\/05\/img-7.jpg\"><img loading=\"lazy\" decoding=\"async\" aria-describedby=\"caption-attachment-3934\" class=\"size-medium wp-image-3934\" src=\"https:\/\/maclarema.fr\/blog\/wp-content\/uploads\/2025\/05\/img-7-300x143.jpg\" alt=\"\" width=\"300\" height=\"143\" srcset=\"https:\/\/maclarema.fr\/blog\/wp-content\/uploads\/2025\/05\/img-7-300x143.jpg 300w, https:\/\/maclarema.fr\/blog\/wp-content\/uploads\/2025\/05\/img-7-1024x487.jpg 1024w, https:\/\/maclarema.fr\/blog\/wp-content\/uploads\/2025\/05\/img-7-768x365.jpg 768w, https:\/\/maclarema.fr\/blog\/wp-content\/uploads\/2025\/05\/img-7-1536x730.jpg 1536w, https:\/\/maclarema.fr\/blog\/wp-content\/uploads\/2025\/05\/img-7.jpg 1964w\" sizes=\"auto, (max-width: 300px) 100vw, 300px\" \/><\/a><p id=\"caption-attachment-3934\" class=\"wp-caption-text\">F\u00eate de propagande en 1943<\/p><\/div>\n<p>dans le but de former de bonnes m\u00e8res.<br \/>\nIl faut noter que les dispositions prises par le gouvernement n&rsquo;ont pas pu \u00eatre appliqu\u00e9es\u00a0 totalement en raison du manque d&rsquo;argent, de gymnases r\u00e9quisitionn\u00e9s par les Allemands, de la sous-alimentation des enfants qui ne pouvaient plus accomplir les efforts demand\u00e9s.<br \/>\nPar ailleurs, les appel\u00e9s \u00e9tant d\u00e9mobilis\u00e9s depuis l&rsquo;armistice de juin 1940, P\u00e9tain met en <a href=\"https:\/\/maclarema.fr\/blog\/wp-content\/uploads\/2025\/05\/CHRDLyon\u00a9BlaiseAdilon_Affiche-FranceToujoursChantiersDeLaJeunesse.jpg\"><img loading=\"lazy\" decoding=\"async\" class=\"size-medium wp-image-3956 alignleft\" src=\"https:\/\/maclarema.fr\/blog\/wp-content\/uploads\/2025\/05\/CHRDLyon\u00a9BlaiseAdilon_Affiche-FranceToujoursChantiersDeLaJeunesse-231x300.jpg\" alt=\"\" width=\"231\" height=\"300\" srcset=\"https:\/\/maclarema.fr\/blog\/wp-content\/uploads\/2025\/05\/CHRDLyon\u00a9BlaiseAdilon_Affiche-FranceToujoursChantiersDeLaJeunesse-231x300.jpg 231w, https:\/\/maclarema.fr\/blog\/wp-content\/uploads\/2025\/05\/CHRDLyon\u00a9BlaiseAdilon_Affiche-FranceToujoursChantiersDeLaJeunesse.jpg 490w\" sizes=\"auto, (max-width: 231px) 100vw, 231px\" \/><\/a>place <strong>les Chantiers de la jeunesse<\/strong> d\u00e8s juillet 1940 (jusqu&rsquo;en 1944) en m\u00e9tropole et en Afrique du Nord, une institution paramilitaire destin\u00e9e \u00e0 la formation et \u00e0 l&rsquo;encadrement des hommes jeunes \u00e0 la place du service militaire. Non volontaires, les participants accomplissent des travaux d&rsquo;int\u00e9r\u00eat g\u00e9n\u00e9ral, font du sport et du travail manuel. Ils sont\u00a0 encadr\u00e9s par des officiers de l&rsquo;arm\u00e9e qui leur inculquent aussi les valeurs de la R\u00e9volution nationale tout en se targuant de ne pas faire de politique. Les chantiers conna\u00eetront d\u00e8s le d\u00e9barquement en Afrique du Nord (1942) des destins divers : certains\u00a0 groupes resteront collaborationnistes jusqu&rsquo;en 1944, d&rsquo;autres rejoindront la R\u00e9sistance.<\/p>\n<p><strong>Les mesures anti-juives<\/strong> <strong>dans le sport<\/strong> : elles sont mises en place sous Laval par le colonel Pascot, Borotra ayant \u00e9t\u00e9 remerci\u00e9 pour sa mod\u00e9ration et son soutien \u00e0 Nakache. On dissout l&rsquo;union des oeuvres la\u00efques de l&rsquo;Education physique. L&rsquo;ordonnance du 8 juillet 1942 interdit aux Juifs tout acc\u00e8s \u00e0 des manifestations sportives comme participants ou spectateurs, ainsi qu&rsquo;aux plages et aux piscines.<\/p>\n<p>Dans les premiers camps\u00a0 de concentration allemands comme Buchenwald ou Dachau le sport a pu \u00eatre pratiqu\u00e9 comme dans les ghettos de Lodz et de Varsovie. On rapporte une partie de football \u00e0 Theresienstadt en 1944&#8230;Mais ensuite et surtout dans les centres de mise \u00e0 mort, le sport devient supplice, humiliation, pr\u00e9texte \u00e0 tuer. Comme dans <em>W ou le<\/em> <em>souvenir d&rsquo;enfance<\/em> de Georges Perec* o\u00f9 l&rsquo;auteur \u00e9tablit un parall\u00e8le entre ses souvenirs\u00a0 d&rsquo;enfance tragiques et morcel\u00e9s et une fiction dystopique o\u00f9, sur l&rsquo;\u00eele lointaine de W, un r\u00e9gime totalitaire, fond\u00e9 sur la s\u00e9lection naturelle, repose principalement sur l&rsquo;organisation d&rsquo;Olympiades au cours desquelles des athl\u00e8tes qui perdent peuvent \u00eatre mis \u00e0 mort par la foule ou les autorit\u00e9s.<\/p>\n<p><strong>SOURCES<\/strong><\/p>\n<p><strong>Site<\/strong> <a href=\"http:\/\/chrome-extension:\/\/efaidnbmnnnibpcajpcglclefindmkaj\/https:\/\/www.museedusport.fr\/sites\/default\/files\/Alfred%20Nakache%2C%20le%20nageur%20d%E2%80%99Auschwitz%20%281915-1983%29_Jean-Paul%20Derai.pdf\">Mus\u00e9e national du sport<\/a><\/p>\n<p><strong>Article<\/strong> Wikipedia : <a href=\"https:\/\/fr.wikipedia.org\/wiki\/Alfred_Nakache\">Alfred Nakache<\/a><\/p>\n<p><strong>Pierre Assouline\u00a0<\/strong> <em>Le Nageur, <\/em>r\u00e9cit (Gallimard 2023)<\/p>\n<p>Documentaire France.tv : <a href=\"https:\/\/www.france.tv\/documentaires\/documentaires-histoire\/alfred-nakache-un-champion-francais\/\">Nakache, un champion fran\u00e7ais<\/a><\/p>\n<p><strong>NOTES<\/strong><\/p>\n<p><strong>Fredj<\/strong> : pr\u00e9nom ou nom de famille signifiant soulagement, consolation en arabe.<\/p>\n<p><strong>Jacques Cartonnet (1911-1967?)<\/strong> : champion fran\u00e7ais de natation. Il gagne plusieurs records de France et du monde en 200m brasse. En raison d&rsquo;une vie dissolue il g\u00e2che vite ses possibilit\u00e9s et est battu \u00e0 de nombreuses reprises par Alfred Nakache qu&rsquo;il jalouse. D\u00e8s 1937 il adh\u00e8re \u00e0 des mouvements d&rsquo;extr\u00eame droite dont le PPF de Doriot et collabore\u00a0 \u00e0 partir de 1940 en tant que journaliste sportif \u00e0 des revues antis\u00e9mites comme <em>Je suis<\/em> <em>partout<\/em> ou l<em>a Libert\u00e9<\/em>. Il devient chef de la jeunesse et des sports de la Milice en 1943 et s&rsquo;enfuit en 1944 \u00e0 Sigmarringen avec les collaborationnistes ultra. Condamn\u00e9 \u00e0 mort par contumace, il s&rsquo;enfuit en Italie o\u00f9 il est quelque temps incarc\u00e9r\u00e9 mais n&rsquo;est pas extrad\u00e9. Il serait mort \u00e0 Rome en 1967. Il pourrait avoir d\u00e9nonc\u00e9 Nakache \u00e0 la Gestapo.<\/p>\n<p><strong>d\u00e9cret Cr\u00e9mieux<\/strong> : il accorde la citoyennet\u00e9 fran\u00e7aise aux \u00ab\u00a0Isra\u00e9lites indig\u00e8nes d&rsquo;Alg\u00e9rie\u00a0\u00bb en 1870. Il est abrog\u00e9 par Vichy le 7 octobre 1940 et les autorit\u00e9s proc\u00e8dent \u00e0 l&rsquo;aryanisation des biens des Juifs alg\u00e9riens et \u00e0 l&rsquo;internement des soldats juifs en Alg\u00e9rie. Le g\u00e9n\u00e9ral Giraud r\u00e9tablit le d\u00e9cret le 14 mars 1943.<\/p>\n<p><strong>TOEC<\/strong> : club historique de natation n\u00e9 en 1908 qui devient en 1938 <strong>Les dauphins<\/strong> du<strong> TOEC<\/strong> (Toulouse olympique et employ\u00e9s du club). C&rsquo;est un vivier de champions fran\u00e7ais dont Nakache, Jean Bo\u00eeteux et r\u00e9cemment L\u00e9on Marchand. L&rsquo;une des piscines est baptis\u00e9e Alfred Nakache.<\/p>\n<p><strong>Jean Borotra (1898-1994) <\/strong>: champion de tennis fran\u00e7ais, surnomm\u00e9 \u00ab\u00a0le Basque bondissant\u00a0\u00bb, l&rsquo;un des quatre \u00ab\u00a0mousquetaires\u00a0\u00bb ayant gagn\u00e9 la Coupe Davis 5 fois entre 1917 et 1932. Il est champion \u00e0 Wimbledon en 1924 et 1926, et \u00e0 Roland Garros en 1937.\u00a0 Il rejoint les Croix de Feu en 1933. Nomm\u00e9 Commissaire g\u00e9n\u00e9ral aux sports sous Vichy, il \u00e9dicte le serment de l&rsquo;athl\u00e8te. Il est p\u00e9tainiste mais pas ultra collaborationniste ni antis\u00e9mite. Il est ministre de juillet 1940 \u00e0 avril 1942. En novembre 1942 il tente de se rendre en Afrique du Nord pour rejoindre les Alli\u00e9s mais est arr\u00eat\u00e9 par la Gestapo. Il est envoy\u00e9 au camp de Sachsenhausen pr\u00e8s de Berlin puis en Autriche. Curieusement il \u00e9chappe \u00e0 l&rsquo;\u00e9puration et sera m\u00eame d\u00e9cor\u00e9 comme d\u00e9port\u00e9 r\u00e9sistant. Il reste fid\u00e8le \u00e0 P\u00e9tain et continue la politique. Il conseillera divers gouvernements gaullistes.<\/p>\n<p><strong>La Main forte <\/strong>: premi\u00e8re cellule de r\u00e9sistance juive. D\u00e8s juin 1940, c&rsquo;est un groupe arm\u00e9 juif dirig\u00e9 par Ariane et David Knout repli\u00e9s \u00e0 Toulouse. Ce sont des sionistes\u00a0 de tendance r\u00e9visionniste (Jabotinski). L&rsquo;id\u00e9e\u00a0 finale est de former des cellules combattantes pour lutter contre les Britanniques en Palestine et y cr\u00e9er un Etat. En attendant ils luttent en France contre les Allemands et la collaboration. Leur QG est \u00e0 Toulouse. Ils sont rejoints en 1942 par les Mouvements des jeunesses sionistes (MJS),\u00a0 puis en 1943 par les Eclaireurs isra\u00e9lites de France (EIF). Dans le Tarn, des maquisards juifs op\u00e8rent en lien avec des r\u00e9sistants, et en 1944 ils luttent aux c\u00f4t\u00e9s des FFI sous le nom d&rsquo;Organisation juive de combat (OJC).<\/p>\n<p><strong>Georges Perec (1936-1982) <\/strong>: d&rsquo;origine juive polonaise, Perec perd son p\u00e8re \u00e0 la guerre en 1940 et sa m\u00e8re en d\u00e9portation \u00e0 Auschwitz en f\u00e9vrier 1943. Il est recueilli par sa tante et son oncle paternels jusqu&rsquo;en 1957. Il adh\u00e8re \u00e0 l&rsquo;Oulipo, produit une oeuvre tr\u00e8s diverse de romans, essais, po\u00e9sie, nouvelles, articles, films et assure des \u00e9missions de radio. Son roman <em>Les Choses<\/em> remporte le prix Renaudot en 1965, <em>La Vie mode d&#8217;emploi <\/em>le prix M\u00e9dicis en 1978. En souvenir de sa m\u00e8re il \u00e9crit <em>La Disparition<\/em> en 1969, et <em>W ou le<\/em> s<em>ouvenir d&rsquo;enfance<\/em> en 1975. Il meurt d&rsquo;un cancer \u00e0 46 ans.<\/p>\n<p>&nbsp;<\/p>\n","protected":false},"excerpt":{"rendered":"<p>Alfred, Fredj* Nakache na\u00eet \u00e0 Constantine (Alg\u00e9rie) en 1915 dans une famille juive recompos\u00e9e de 11 enfants. On parle fran\u00e7ais \u00e0 la maison.\u00a0 On y pratique un Juda\u00efsme traditionnel. Le p\u00e8re est un patriote tendance radical-socialiste et a fait des &hellip; <a href=\"https:\/\/maclarema.fr\/blog\/le-nageur-alfred-nakache-1915-1983-le-regime-de-vichy-et-le-sport\/\">Continuer la lecture <span class=\"meta-nav\">&rarr;<\/span><\/a><\/p>\n","protected":false},"author":1,"featured_media":0,"comment_status":"open","ping_status":"open","sticky":false,"template":"","format":"standard","meta":{"footnotes":""},"categories":[5,69],"tags":[80],"class_list":["post-3924","post","type-post","status-publish","format-standard","hentry","category-antisemitisme","category-histoire","tag-sport"],"_links":{"self":[{"href":"https:\/\/maclarema.fr\/blog\/wp-json\/wp\/v2\/posts\/3924","targetHints":{"allow":["GET"]}}],"collection":[{"href":"https:\/\/maclarema.fr\/blog\/wp-json\/wp\/v2\/posts"}],"about":[{"href":"https:\/\/maclarema.fr\/blog\/wp-json\/wp\/v2\/types\/post"}],"author":[{"embeddable":true,"href":"https:\/\/maclarema.fr\/blog\/wp-json\/wp\/v2\/users\/1"}],"replies":[{"embeddable":true,"href":"https:\/\/maclarema.fr\/blog\/wp-json\/wp\/v2\/comments?post=3924"}],"version-history":[{"count":24,"href":"https:\/\/maclarema.fr\/blog\/wp-json\/wp\/v2\/posts\/3924\/revisions"}],"predecessor-version":[{"id":3965,"href":"https:\/\/maclarema.fr\/blog\/wp-json\/wp\/v2\/posts\/3924\/revisions\/3965"}],"wp:attachment":[{"href":"https:\/\/maclarema.fr\/blog\/wp-json\/wp\/v2\/media?parent=3924"}],"wp:term":[{"taxonomy":"category","embeddable":true,"href":"https:\/\/maclarema.fr\/blog\/wp-json\/wp\/v2\/categories?post=3924"},{"taxonomy":"post_tag","embeddable":true,"href":"https:\/\/maclarema.fr\/blog\/wp-json\/wp\/v2\/tags?post=3924"}],"curies":[{"name":"wp","href":"https:\/\/api.w.org\/{rel}","templated":true}]}}