{"id":4378,"date":"2026-03-17T13:56:28","date_gmt":"2026-03-17T12:56:28","guid":{"rendered":"https:\/\/maclarema.fr\/blog\/?p=4378"},"modified":"2026-03-17T13:56:30","modified_gmt":"2026-03-17T12:56:30","slug":"les-juifs-en-france-7-etat-des-nations-juives-avant-la-revolution-au-prisme-des-lumieres","status":"publish","type":"post","link":"https:\/\/maclarema.fr\/blog\/les-juifs-en-france-7-etat-des-nations-juives-avant-la-revolution-au-prisme-des-lumieres\/","title":{"rendered":"Les Juifs en France (7) : \u00e9tat des \u00ab\u00a0nations juives\u00a0\u00bb avant la R\u00e9volution au prisme des Lumi\u00e8res"},"content":{"rendered":"<p><strong>1 Vie des communaut\u00e9s avant 1789<\/strong><\/p>\n<p><strong>\u00a0 \u00a0 \u00a0 \u00a0<\/strong><\/p>\n<div id=\"attachment_4425\" style=\"width: 310px\" class=\"wp-caption alignright\"><a href=\"https:\/\/maclarema.fr\/blog\/wp-content\/uploads\/2026\/03\/3434_46170_jm47_mahj_hd_0.webp\"><img loading=\"lazy\" decoding=\"async\" aria-describedby=\"caption-attachment-4425\" class=\"size-medium wp-image-4425\" src=\"https:\/\/maclarema.fr\/blog\/wp-content\/uploads\/2026\/03\/3434_46170_jm47_mahj_hd_0-300x272.webp\" alt=\"\" width=\"300\" height=\"272\" srcset=\"https:\/\/maclarema.fr\/blog\/wp-content\/uploads\/2026\/03\/3434_46170_jm47_mahj_hd_0-300x272.webp 300w, https:\/\/maclarema.fr\/blog\/wp-content\/uploads\/2026\/03\/3434_46170_jm47_mahj_hd_0.webp 670w\" sizes=\"auto, (max-width: 300px) 100vw, 300px\" \/><\/a><p id=\"caption-attachment-4425\" class=\"wp-caption-text\">Int\u00e9rieur de la synagogue de Bordeaux<br \/>Jean Vauzelle<\/p><\/div>\n<p><strong style=\"font-size: 16px; background-color: #ffffff;\">\u00a0 \u00a0 \u00a0 \u00a01.1 Chaque communaut\u00e9 juive<\/strong><span style=\"font-size: 16px; background-color: #ffffff;\"> est r\u00e9gie par les tribunaux juifs mais aussi les tribunaux royaux.\u00a0 Selon les r\u00e9gions les liens entre les deux sont plus ou moins \u00e9troits. Dans le sud ouest les juifs vivent sous l&rsquo;autorit\u00e9 des \u00ab\u00a0syndics\u00a0\u00bb la\u00efcs (Parnassim), le tribunal rabbinique n&rsquo;appara\u00eet que vers 1740. A l&rsquo;est, au contraire, le tribunal rabbinique r\u00e8gle tous les litiges, sauf \u00e0 Metz o\u00f9 la communaut\u00e9 se la\u00efcise plus pr\u00e9cocement.<\/span><span style=\"font-size: 16px; background-color: #ffffff;\">En Alsace et en Lorraine les rites religieux sont conformes au mod\u00e8le ashk\u00e9naze d&rsquo;Europe centrale, une m\u00eame entit\u00e9 culturelle de Metz \u00e0 Prague pr\u00e9vaut, ce qui peut cr\u00e9er des tensions avec les ruraux attach\u00e9s \u00e0 des rites locaux.<\/span>Quand elles sont rurales, les communaut\u00e9s\u00a0 alsaciennes et lorraines r\u00e9sistent \u00e0 la modernit\u00e9 et sont plus conservatrices, tandis que\u00a0 Bordeaux, Bayonne, Metz et les villes lorraines s&rsquo;acculturent\u00a0 progressivement \u00e0 la vie fran\u00e7aise sans renier leur identit\u00e9 juive.<!--more--><\/p>\n<p><strong>\u00a0 \u00a0 \u00a0 \u00a0 1.2 A Paris<\/strong> environ 300 personnes (65% ashk\u00e9nazes dont des Rh\u00e9nans allemands et 35%\u00a0 s\u00e9farades Bordelais et Avignonnais)\u00a0 forment un corps de marchands, quincaillers* ashk\u00e9nazes, vivant rive droite, drapiers et soyeux s\u00e9farades rive gauche. D&rsquo;autres sont des enseignants en langues ou des m\u00e9decins. Malgr\u00e9 leur participation importante \u00e0 l&rsquo;\u00e9conomie de la ville, ils sont contraints d&rsquo;avoir un passeport en 1750 et sont tr\u00e8s surveill\u00e9s par la police qui peut les expulser.<\/p>\n<p>N\u00e9anmoins il y a quelques \u00e9volutions favorables dans le royaume : en 1784, <a href=\"https:\/\/www.persee.fr\/doc\/ahess_0395-2649_1962_num_17_5_420890\">le p\u00e9age<\/a> corporel encore vivace en Alsace, en Lorraine et \u00e0 Strasbourg, est aboli et <strong>l&rsquo;\u00e9dit de<\/strong> <strong>tol\u00e9rance<\/strong> pr\u00e9par\u00e9 par Malesherbes en 1787 permet aux Juifs de se marier civilement sans avoir \u00e0 se convertir au catholicisme. Ils ont donc une reconnaissance civile et juridique. L&rsquo;acte doit \u00eatre inscrit aupr\u00e8s d&rsquo;un cur\u00e9 ou d&rsquo;un juge royal.<\/p>\n<div id=\"attachment_4382\" style=\"width: 310px\" class=\"wp-caption alignnone\"><a href=\"https:\/\/maclarema.fr\/blog\/wp-content\/uploads\/2026\/03\/telechargement-scaled.png\"><img loading=\"lazy\" decoding=\"async\" aria-describedby=\"caption-attachment-4382\" class=\"size-medium wp-image-4382\" src=\"https:\/\/maclarema.fr\/blog\/wp-content\/uploads\/2026\/03\/telechargement-300x145.png\" alt=\"\" width=\"300\" height=\"145\" srcset=\"https:\/\/maclarema.fr\/blog\/wp-content\/uploads\/2026\/03\/telechargement-300x145.png 300w, https:\/\/maclarema.fr\/blog\/wp-content\/uploads\/2026\/03\/telechargement-1024x495.png 1024w, https:\/\/maclarema.fr\/blog\/wp-content\/uploads\/2026\/03\/telechargement-768x371.png 768w, https:\/\/maclarema.fr\/blog\/wp-content\/uploads\/2026\/03\/telechargement-1536x742.png 1536w, https:\/\/maclarema.fr\/blog\/wp-content\/uploads\/2026\/03\/telechargement-2048x989.png 2048w\" sizes=\"auto, (max-width: 300px) 100vw, 300px\" \/><\/a><p id=\"caption-attachment-4382\" class=\"wp-caption-text\">Edit de tol\u00e9rance<br \/>1787<\/p><\/div>\n<p>&nbsp;<\/p>\n<p><strong>2 Quelle est l&rsquo;image des Juifs dans \u00ab\u00a0l&rsquo;opinion publique\u00a0\u00bb<\/strong>\u00a0 mise en exergue par les intellectuels des Lumi\u00e8res?<\/p>\n<p><strong>\u00a0 \u00a0 \u00a0 \u00a0 2.1\u00a0 Les Juifs, comme les Protestants et les<\/strong> <strong>quelque 4000 <a href=\"https:\/\/journals.openedition.org\/rivesnm\/406\">Musulmans <\/a><\/strong>(appel\u00e9s Mahom\u00e9tants), font partie des \u00ab\u00a0non-catholiques\u00a0\u00bb et sont vus comme un groupe\u00a0 \u00e0 part. <span style=\"font-size: 16px; background-color: #ffffff;\">Apr\u00e8s les affaires de Calas en 1762 et du Chevalier de la Barre en 1766*, la question de la tol\u00e9rance religieuse est au coeur des d\u00e9bats philosophiques. Mais les Juifs,\u00a0 bien que pers\u00e9cut\u00e9s, sont consid\u00e9r\u00e9s une fois de plus \u00e0 part de ce groupe marginalis\u00e9, comme porteurs d&rsquo;une faute originelle, en tant que peuple d&rsquo;un Dieu de sang, d&rsquo;un Ancien testament truff\u00e9 de violences. L&rsquo;Eglise\u00a0 catholique honnie\u00a0 par les intellectuels trouve\u00a0 selon eux son origine dans le Juda\u00efsme. De plus les rabbins sont per\u00e7us comme des obscurantistes, des superstitieux par Diderot\u00a0 (1713-1784) par exemple.<\/span><\/p>\n<div id=\"attachment_4383\" style=\"width: 310px\" class=\"wp-caption alignleft\"><a href=\"https:\/\/maclarema.fr\/blog\/wp-content\/uploads\/2026\/03\/794.1.6499.jpg.webp\"><img loading=\"lazy\" decoding=\"async\" aria-describedby=\"caption-attachment-4383\" class=\"size-medium wp-image-4383\" src=\"https:\/\/maclarema.fr\/blog\/wp-content\/uploads\/2026\/03\/794.1.6499.jpg-300x205.webp\" alt=\"\" width=\"300\" height=\"205\" srcset=\"https:\/\/maclarema.fr\/blog\/wp-content\/uploads\/2026\/03\/794.1.6499.jpg-300x205.webp 300w, https:\/\/maclarema.fr\/blog\/wp-content\/uploads\/2026\/03\/794.1.6499.jpg.webp 675w\" sizes=\"auto, (max-width: 300px) 100vw, 300px\" \/><\/a><p id=\"caption-attachment-4383\" class=\"wp-caption-text\">l&rsquo;affaire Calas<br \/>gravure<span style=\"font-size: 16px; background-color: #ffffff;\">e.<\/span><\/p><\/div>\n<p><strong>\u00a0 \u00a0 \u00a0 \u00a0 2.2 Des philosophes et des hommes politiques<\/strong> ont des opinions tr\u00e8s partag\u00e9es.<\/p>\n<p>Si Mirabeau, Montesquieu, Rousseau ou de Jaucourt dans <em>l&rsquo;Encyclop\u00e9die<\/em> t\u00e9moignent d&#8217;empathie et d&rsquo;admiration, Voltaire affiche lui des sentiments anti-juifs qui peuvent aller parfois jusqu&rsquo;\u00e0 un \u00ab\u00a0antis\u00e9mitisme\u00a0\u00bb, m\u00eame si cette notion est anachronique.<\/p>\n<p>Le futur d\u00e9put\u00e9 <strong>Mirabeau <\/strong>(1749-1791) est inspir\u00e9 par le philosophe\u00a0 juif allemand des Lumi\u00e8res, Mo\u00efse Mendelssohn. Il fait publier en 1787\u00a0 <em>Sur Moses Mendelssohn, sur la R\u00e9forme politique des Juifs.<\/em> Il d\u00e9clare ce peuple perfectible, capable de progr\u00e8s et de r\u00e9g\u00e9n\u00e9ration.<\/p>\n<p><strong>Montesquieu <\/strong>(1689-1755) \u00a0dans <em>l&rsquo;Esprit des Lois<\/em> donne la parole aux Juifs. Il les admire en tant que porteurs de progr\u00e8s \u00e9conomique par le commerce, point central de son oeuvre.<\/p>\n<p><strong>Rousseau <\/strong>(1712-1778) \u00e0 sa mani\u00e8re sensible, admire, comme Blaise Pascal, leur p\u00e9rennit\u00e9, \u00ab\u00a0spectacle \u00e9tonnant et unique\u00a0\u00bb. Serait-il le premier \u00ab\u00a0sioniste\u00a0\u00bb? Il veut pour eux \u00ab\u00a0un Etat libre avec des \u00e9coles et des universit\u00e9s\u00a0\u00bb. (<em>Emile, Profession du vicaire savoyard,<\/em> chapitre IV)<\/p>\n<p><strong>Dans <em>l&rsquo;Encyclop\u00e9die<\/em><\/strong>, si Diderot se contente de railler \u00ab\u00a0les barbus\u00a0\u00bb (les rabbins et les Juifs traditionnels), <strong>de Jaucourt<\/strong> (1704-1780) \u00e9crit l&rsquo;article <em>\u00ab\u00a0Juif\u00a0\u00bb<\/em> o\u00f9 il admire \u00ab\u00a0leur permanence\u00a0\u00bb et leur utilit\u00e9\u00a0 \u00e0 relier les pays entre eux : \u00ab\u00a0ils sont les chevilles et les clous du grand \u00e9difice international\u00a0\u00bb.<\/p>\n<p><strong>Voltaire<\/strong> (1694-1778) r\u00e9v\u00e8le par son attitude une immense ambivalence. Lui le protecteur engag\u00e9 des Protestants se r\u00e9v\u00e8le tr\u00e8s hostile aux Juifs, reprenant tous les st\u00e9r\u00e9otypes de l&rsquo;argent. Dans le <em>Dictionnaire philosophique,<\/em>\u00a0il parle de \u00ab\u00a0peuple avare et superstitieux\u00a0\u00bb. Il les accuse d&rsquo;\u00eatre \u00ab\u00a0un peuple ignorant et barbare, plein de haine pour les autres, incapables de cr\u00e9er\u00a0\u00bb, mais n&rsquo;appelle pas \u00e0 leur pers\u00e9cution. Je vous laisse appr\u00e9cier sa formule : \u00ab\u00a0Il ne faut pourtant pas les br\u00fbler\u00a0\u00bb. Malgr\u00e9 quelques concessions dans ce m\u00eame <em>Dictionnaire<\/em>, Voltaire ne se d\u00e9partira jamais d&rsquo;une hostilit\u00e9 visc\u00e9rale.*<\/p>\n<div id=\"attachment_4385\" style=\"width: 310px\" class=\"wp-caption aligncenter\"><a href=\"https:\/\/maclarema.fr\/blog\/wp-content\/uploads\/2026\/03\/Lettres_de_Quelques_Juifs_portugais_allemands_et_polonais_a_Voltaire.jpg\"><img loading=\"lazy\" decoding=\"async\" aria-describedby=\"caption-attachment-4385\" class=\"size-medium wp-image-4385\" src=\"https:\/\/maclarema.fr\/blog\/wp-content\/uploads\/2026\/03\/Lettres_de_Quelques_Juifs_portugais_allemands_et_polonais_a_Voltaire-300x200.jpg\" alt=\"\" width=\"300\" height=\"200\" srcset=\"https:\/\/maclarema.fr\/blog\/wp-content\/uploads\/2026\/03\/Lettres_de_Quelques_Juifs_portugais_allemands_et_polonais_a_Voltaire-300x200.jpg 300w, https:\/\/maclarema.fr\/blog\/wp-content\/uploads\/2026\/03\/Lettres_de_Quelques_Juifs_portugais_allemands_et_polonais_a_Voltaire-1024x683.jpg 1024w, https:\/\/maclarema.fr\/blog\/wp-content\/uploads\/2026\/03\/Lettres_de_Quelques_Juifs_portugais_allemands_et_polonais_a_Voltaire-768x512.jpg 768w, https:\/\/maclarema.fr\/blog\/wp-content\/uploads\/2026\/03\/Lettres_de_Quelques_Juifs_portugais_allemands_et_polonais_a_Voltaire-1536x1024.jpg 1536w, https:\/\/maclarema.fr\/blog\/wp-content\/uploads\/2026\/03\/Lettres_de_Quelques_Juifs_portugais_allemands_et_polonais_a_Voltaire.jpg 1920w\" sizes=\"auto, (max-width: 300px) 100vw, 300px\" \/><\/a><p id=\"caption-attachment-4385\" class=\"wp-caption-text\">Lettres de quelques juifs portugais, allemands et polonais \u00e0 Mr de Voltaire<br \/>vers 1776*<\/p><\/div>\n<p><strong>3 \u00ab\u00a0Est-il des moyens de rendre les Juifs plus utiles et plus heureux?\u00a0\u00bb<\/strong><\/p>\n<p>En 1785, la soci\u00e9t\u00e9 royale des arts et sciences de Metz organise un concours pour r\u00e9pondre \u00e0 la question ci-dessus. Sur neuf essais, trois re\u00e7oivent le prix, un Protestant, (Thiery), un Catholique (l&rsquo;abb\u00e9 Gr\u00e9goire) et un Juif (Hourwitz).<\/p>\n<p><strong>Les solutions de Thi\u00e9ry<\/strong> : donner des terres \u00e0 cultiver aux Juifs, et leur permettre d&rsquo;\u00eatre artisans. Supprimer les signes distinctifs comme la barbe ou des v\u00eatements. Etre \u00e9duqu\u00e9s le plus possible par des enseignants publics, sans interdire l&rsquo;enseignement des rabbins.<\/p>\n<p><strong>Pour Hourwitz<\/strong>, rabbin polonais traducteur \u00e0 la Biblioth\u00e8que royale de Paris, les solutions sont radicales. Il faut abandonner le yiddish, les dirigeants communautaires, et restreindre le pouvoir des rabbins pour aller vers la modernit\u00e9.<\/p>\n<div id=\"attachment_4386\" style=\"width: 233px\" class=\"wp-caption alignleft\"><a href=\"https:\/\/maclarema.fr\/blog\/wp-content\/uploads\/2026\/03\/Henri_Gregoire.jpg\"><img loading=\"lazy\" decoding=\"async\" aria-describedby=\"caption-attachment-4386\" class=\"size-medium wp-image-4386\" src=\"https:\/\/maclarema.fr\/blog\/wp-content\/uploads\/2026\/03\/Henri_Gregoire-223x300.jpg\" alt=\"\" width=\"223\" height=\"300\" srcset=\"https:\/\/maclarema.fr\/blog\/wp-content\/uploads\/2026\/03\/Henri_Gregoire-223x300.jpg 223w, https:\/\/maclarema.fr\/blog\/wp-content\/uploads\/2026\/03\/Henri_Gregoire-762x1024.jpg 762w, https:\/\/maclarema.fr\/blog\/wp-content\/uploads\/2026\/03\/Henri_Gregoire-768x1032.jpg 768w, https:\/\/maclarema.fr\/blog\/wp-content\/uploads\/2026\/03\/Henri_Gregoire-1143x1536.jpg 1143w, https:\/\/maclarema.fr\/blog\/wp-content\/uploads\/2026\/03\/Henri_Gregoire.jpg 1437w\" sizes=\"auto, (max-width: 223px) 100vw, 223px\" \/><\/a><p id=\"caption-attachment-4386\" class=\"wp-caption-text\">L&rsquo;abb\u00e9 Gr\u00e9goire<br \/>par Pierre Fran\u00e7ois 1800<\/p><\/div>\n<p>Enfin <strong>l&rsquo;abb\u00e9 Gr\u00e9goire<\/strong> le plus connu parce qu&rsquo;il a particip\u00e9 ensuite aux d\u00e9bats politiques de la Constituante, propose une \u00e9galit\u00e9 civique totale sous condition d&rsquo;abandonner les valeurs du pass\u00e9. Ainsi l&rsquo;Etat doit surveiller leur \u00ab\u00a0r\u00e9g\u00e9n\u00e9ration\u00a0\u00bb. Il faut abandonner le pr\u00eat pour l&rsquo;agriculture, l&rsquo;artisanat et l&rsquo;industrie naissante, laisser le yiddish et le Talmud, abandonner les moeurs traditionnelles pour rejoindre \u00ab\u00a0les nations civilis\u00e9es\u00a0\u00bb. Et in fine il a dans l&rsquo;esprit de les convertir un jour au catholicisme. \u00ab\u00a0L&rsquo;enti\u00e8re libert\u00e9 religieuse accord\u00e9e aux Juifs sera un grand pas pour les r\u00e9former, et j&rsquo;ose le dire, pour les convertir\u00a0\u00bb.*<\/p>\n<p>&nbsp;<\/p>\n<p>&nbsp;<\/p>\n<p>&nbsp;<\/p>\n<p><strong>NOTES<\/strong><\/p>\n<p><strong>quincaillers<\/strong> : ici dans un sens large, brocanteurs, marchands de boutons, de boucles, de bijoux, de tabati\u00e8res&#8230;qui font la jonction entre l&rsquo;Angleterre qui fabrique et la France qui importe et commercialise.<\/p>\n<p><strong>affaire Calas (1761-1765)<\/strong> : Jean Calas marchand toulousain, protestant, est accus\u00e9 du meurtre d&rsquo;un de ses fils retrouv\u00e9 pendu, au pr\u00e9texte que ce fils voulait se convertir au catholicisme. Il est condamn\u00e9 \u00e0 la torture et \u00e0 la mort. Un autre fils, Pierre, s&rsquo;exile \u00e0 Gen\u00e8ve et convainc Voltaire de d\u00e9fendre le dossier publiquement. Voltaire publie <em>Trait\u00e9 de<\/em> <em>la tol\u00e9rance \u00e0 l&rsquo;occasion de la mort de Jean Calas<\/em> en 1763. La famille est re\u00e7ue par Louis XV qui fait casser le jugement. Calas\u00a0 et sa famille sont r\u00e9habilit\u00e9s.<\/p>\n<p><strong>affaire du Chevalier de la Barre<\/strong> : en 1765 \u00e0 Abbeville des actes de profanation ont lieu. On accuse sans preuve des jeunes gens de la noblesse qui s&rsquo;\u00e9taient fait remarquer auparavant par une conduite de libres penseurs, adeptes des Lumi\u00e8res. Arr\u00eat\u00e9, le Chevalier nie les faits mais un exemplaire du <em>Dictionnaire philosophique<\/em> de Voltaire est trouv\u00e9 chez lui et il est condamn\u00e9 pour \u00ab\u00a0impi\u00e9t\u00e9, blasph\u00e8mes et sacril\u00e8ges\u00a0\u00bb. Malgr\u00e9 l&rsquo;intervention de l&rsquo;\u00e9v\u00eaque d&rsquo;Amiens aupr\u00e8s de Louis XV, il est tortur\u00e9, ex\u00e9cut\u00e9 puis br\u00fbl\u00e9 en place publique avec un exemplaire du livre de Voltaire. Sous le pseudonyme de Cassen, Voltaire publie un r\u00e9cit de cette histoire, <em>Relation de la mort du Chevalier de la barre au<\/em> <em>marquis de<\/em> <em>Beccaria<\/em> (philosophe italien). Le Chevalier est r\u00e9habilit\u00e9 par la Convention en novembre 1793.<\/p>\n<p><strong>Lettres de quelques juifs &#8230;<\/strong> : ce sont des critiques adress\u00e9es ouvertement \u00e0 Voltaire apr\u00e8s la parution de son <em>Trait\u00e9 de la tol\u00e9rance, <\/em>intol\u00e9rant vis-\u00e0-vis des Juifs. Ces lettres sont r\u00e9unies comment\u00e9es et \u00e9dit\u00e9es par l&rsquo;abb\u00e9 Gu\u00e9n\u00e9e.<\/p>\n<p><strong>Citation de l&rsquo;abb\u00e9 Gr\u00e9goire<\/strong> : <em>Observations nouvelles sur les juifs, et sp\u00e9cialement sur ceux<\/em> <em>d&rsquo;Allemagne<\/em> (est de la France) 1807<\/p>\n","protected":false},"excerpt":{"rendered":"<p>1 Vie des communaut\u00e9s avant 1789 \u00a0 \u00a0 \u00a0 \u00a0 \u00a0 \u00a0 \u00a0 \u00a01.1 Chaque communaut\u00e9 juive est r\u00e9gie par les tribunaux juifs mais aussi les tribunaux royaux.\u00a0 Selon les r\u00e9gions les liens entre les deux sont plus ou moins &hellip; <a href=\"https:\/\/maclarema.fr\/blog\/les-juifs-en-france-7-etat-des-nations-juives-avant-la-revolution-au-prisme-des-lumieres\/\">Continuer la lecture <span class=\"meta-nav\">&rarr;<\/span><\/a><\/p>\n","protected":false},"author":1,"featured_media":0,"comment_status":"open","ping_status":"open","sticky":false,"template":"","format":"standard","meta":{"footnotes":""},"categories":[6,69],"tags":[74,70,30,59],"class_list":["post-4378","post","type-post","status-publish","format-standard","hentry","category-culture","category-histoire","tag-anti-judaisme","tag-communaute","tag-identite","tag-judaisme"],"_links":{"self":[{"href":"https:\/\/maclarema.fr\/blog\/wp-json\/wp\/v2\/posts\/4378","targetHints":{"allow":["GET"]}}],"collection":[{"href":"https:\/\/maclarema.fr\/blog\/wp-json\/wp\/v2\/posts"}],"about":[{"href":"https:\/\/maclarema.fr\/blog\/wp-json\/wp\/v2\/types\/post"}],"author":[{"embeddable":true,"href":"https:\/\/maclarema.fr\/blog\/wp-json\/wp\/v2\/users\/1"}],"replies":[{"embeddable":true,"href":"https:\/\/maclarema.fr\/blog\/wp-json\/wp\/v2\/comments?post=4378"}],"version-history":[{"count":8,"href":"https:\/\/maclarema.fr\/blog\/wp-json\/wp\/v2\/posts\/4378\/revisions"}],"predecessor-version":[{"id":4430,"href":"https:\/\/maclarema.fr\/blog\/wp-json\/wp\/v2\/posts\/4378\/revisions\/4430"}],"wp:attachment":[{"href":"https:\/\/maclarema.fr\/blog\/wp-json\/wp\/v2\/media?parent=4378"}],"wp:term":[{"taxonomy":"category","embeddable":true,"href":"https:\/\/maclarema.fr\/blog\/wp-json\/wp\/v2\/categories?post=4378"},{"taxonomy":"post_tag","embeddable":true,"href":"https:\/\/maclarema.fr\/blog\/wp-json\/wp\/v2\/tags?post=4378"}],"curies":[{"name":"wp","href":"https:\/\/api.w.org\/{rel}","templated":true}]}}