{"id":48,"date":"2014-01-15T14:02:00","date_gmt":"2014-01-15T14:02:00","guid":{"rendered":"http:\/\/maclarema.fr\/blog\/a-propos-de-laffaire-dieudonne\/"},"modified":"2014-01-15T14:02:00","modified_gmt":"2014-01-15T14:02:00","slug":"a-propos-de-laffaire-dieudonne","status":"publish","type":"post","link":"https:\/\/maclarema.fr\/blog\/a-propos-de-laffaire-dieudonne\/","title":{"rendered":"A propos de l&rsquo;affaire Dieudonn\u00e9"},"content":{"rendered":"<p>R\u00e9dig\u00e9 par Reine.<\/p>\n<h4>Un rebondissement sans surprise<br \/>\nmais n\u00e9anmoins inqui\u00e9tant<\/h4>\n<p>J&rsquo;ai assist\u00e9 il y a deux ans \u00e0 l&rsquo;un des proc\u00e8s de Dieudonn\u00e9 concernant son film <em>L&rsquo;antis\u00e9mite<\/em> qui circulait sur Internet. Donc rien de ce qui se passe aujourd&rsquo;hui ne me surprend.<br \/>\nCe qui est nouveau, en revanche, c&rsquo;est l&rsquo;exacerbation, dans certaines parties de la population fran\u00e7aise, des racismes et la lib\u00e9ration d&rsquo;une parole de rejet de l&rsquo;Autre ( Juifs en ce moment-m\u00eame, mais aussi musulmans, Roms, Noirs, homosexuel(le)s), ph\u00e9nom\u00e8ne amplifi\u00e9 par les r\u00e9seaux sociaux.<\/p>\n<p><!--more--><\/p>\n<h4>Un contexte peu engageant&#8230;<\/h4>\n<p>La crise \u00e9conomique et sociale, le d\u00e9sarroi qui en r\u00e9sulte, en sont des causes. La d\u00e9politisation et le populisme gagnent du terrain, la pol\u00e9mique remplace le d\u00e9bat. Une lecture \u00ab\u00a0ethniciste\u00a0\u00bb du monde se d\u00e9veloppe en place d&rsquo;une r\u00e9flexion sociale. Dans un monde devenu tr\u00e8s complexe, les th\u00e9ories racistes et complotistes qui ont l&rsquo;art de tout simplifier prolif\u00e8rent.<br \/>\nDans ce contexte peu engageant, il est urgent de rappeler \u00e0 ceux qui seraient tent\u00e9s de croire que Dieudonn\u00e9 se rebelle contre le Syst\u00e8me, que <em>cette pens\u00e9e est totalement fausse<\/em>.<\/p>\n<h4>&#8230; et un homme peu engageant \u00e9galement<\/h4>\n<p>En d\u00e9posant comme une marque les <em>quenelles<\/em> et autres <em>ananas<\/em>, Dieudonn\u00e9 s&rsquo;enrichit personnellement tout en affirmant lors de ses proc\u00e8s, je cite&nbsp;: qu&rsquo;il s&rsquo;appauvrit \u00ab&nbsp;\u00e0 cause des Juifs qui l&#8217;emp\u00eachent de travailler \u00bb. En r\u00e9alit\u00e9, il est soup\u00e7onn\u00e9 d&rsquo;organiser son insolvabilit\u00e9 pour ne pas payer les amendes auxquelles il est condamn\u00e9, et une enqu\u00eate est en cours sur un blanchiment d&rsquo;argent au Cameroun.<br \/>\nEn outre, en entretenant des relations \u00e9troites avec des gens comme Jean-Marie Le Pen, Alain Soral ou Robert Faurisson, ou <em>a contrario<\/em> en faisant croire qu&rsquo;il d\u00e9fendait les Palestiniens lorsqu&rsquo;il s&rsquo;\u00e9tait engag\u00e9 aux c\u00f4t\u00e9s d&rsquo;Europalestine,  il brouille les pistes et cumule tous les poncifs de l&rsquo;antis\u00e9mitisme sous couvert d&rsquo;antisionisme (le complot des Juifs ma\u00eetres du monde, les banquiers qui vous pillent, le n\u00e9gationnisme&#8230;). Et que dire encore d&rsquo;un homme qui appelle publiquement \u00e0 la lib\u00e9ration de Fofana, le meurtrier barbare d&rsquo;Ilan Halimi ?<\/p>\n<h4>La question<\/h4>\n<p>J&rsquo;arr\u00eate l\u00e0 sur ce soi-disant humoriste, n&rsquo;ayant pas l&rsquo;intention de lui faire davantage de publicit\u00e9. C&rsquo;est maintenant \u00e0 la Justice de faire son travail.<br \/>\nCette affaire ne s&rsquo;en trouvera pas r\u00e9gl\u00e9e pour autant. Car ni la soci\u00e9t\u00e9 fran\u00e7aise ni ses repr\u00e9sentants politiques ne pourront faire l&rsquo;\u00e9conomie de cette question&nbsp;: pourquoi le discours de Dieudonn\u00e9 et celui de la sph\u00e8re qui gravite autour de lui rencontrent-ils aujourd&rsquo;hui en France une telle audience chez des publics si diff\u00e9rents&nbsp;?<\/p>\n","protected":false},"excerpt":{"rendered":"<p>R\u00e9dig\u00e9 par Reine.<\/p>\n<h4>Un rebondissement sans surprise<br \/>\nmais n\u00e9anmoins inqui\u00e9tant<\/h4>\n<p>J&rsquo;ai assist\u00e9 il y a deux ans \u00e0 l&rsquo;un des proc\u00e8s de Dieudonn\u00e9 concernant son film <em>L&rsquo;antis\u00e9mite<\/em> qui circulait sur Internet. Donc rien de ce qui se passe aujourd&rsquo;hui ne me surprend.<br \/>\nCe qui est nouveau, en revanche, c&rsquo;est l&rsquo;exacerbation, dans certaines parties de la population fran\u00e7aise, des racismes et la lib\u00e9ration d&rsquo;une parole de rejet de l&rsquo;Autre ( Juifs en ce moment-m\u00eame, mais aussi musulmans, Roms, Noirs, homosexuel(le)s), ph\u00e9nom\u00e8ne amplifi\u00e9 par les r\u00e9seaux sociaux.<\/p>\n<p> <a href=\"https:\/\/maclarema.fr\/blog\/a-propos-de-laffaire-dieudonne\/\">Continuer la lecture <span class=\"meta-nav\">&rarr;<\/span><\/a><\/p>\n","protected":false},"author":1,"featured_media":0,"comment_status":"open","ping_status":"closed","sticky":false,"template":"","format":"standard","meta":{"footnotes":""},"categories":[5],"tags":[18],"class_list":["post-48","post","type-post","status-publish","format-standard","hentry","category-antisemitisme","tag-antisemitisme-2"],"_links":{"self":[{"href":"https:\/\/maclarema.fr\/blog\/wp-json\/wp\/v2\/posts\/48","targetHints":{"allow":["GET"]}}],"collection":[{"href":"https:\/\/maclarema.fr\/blog\/wp-json\/wp\/v2\/posts"}],"about":[{"href":"https:\/\/maclarema.fr\/blog\/wp-json\/wp\/v2\/types\/post"}],"author":[{"embeddable":true,"href":"https:\/\/maclarema.fr\/blog\/wp-json\/wp\/v2\/users\/1"}],"replies":[{"embeddable":true,"href":"https:\/\/maclarema.fr\/blog\/wp-json\/wp\/v2\/comments?post=48"}],"version-history":[{"count":0,"href":"https:\/\/maclarema.fr\/blog\/wp-json\/wp\/v2\/posts\/48\/revisions"}],"wp:attachment":[{"href":"https:\/\/maclarema.fr\/blog\/wp-json\/wp\/v2\/media?parent=48"}],"wp:term":[{"taxonomy":"category","embeddable":true,"href":"https:\/\/maclarema.fr\/blog\/wp-json\/wp\/v2\/categories?post=48"},{"taxonomy":"post_tag","embeddable":true,"href":"https:\/\/maclarema.fr\/blog\/wp-json\/wp\/v2\/tags?post=48"}],"curies":[{"name":"wp","href":"https:\/\/api.w.org\/{rel}","templated":true}]}}