{"id":534,"date":"2016-05-03T11:31:44","date_gmt":"2016-05-03T10:31:44","guid":{"rendered":"http:\/\/maclarema.fr\/blog\/?p=534"},"modified":"2016-10-26T16:38:10","modified_gmt":"2016-10-26T15:38:10","slug":"colloque-lantisemitisme-en-france-xixe-xxie-siecle-lintervention-de-dan-arbib","status":"publish","type":"post","link":"https:\/\/maclarema.fr\/blog\/colloque-lantisemitisme-en-france-xixe-xxie-siecle-lintervention-de-dan-arbib\/","title":{"rendered":"Colloque : l&rsquo;antis\u00e9mitisme en France XIX\u00e8-XXI\u00e8 si\u00e8cle. L&rsquo;intervention de Dan Arbib."},"content":{"rendered":"<p><a href=\"https:\/\/maclarema.fr\/blog\/wp-content\/uploads\/2016\/04\/la-police-espagnole-a-interpelle-mardi-a-malaga-au-sud-de_3733103_1000x500.jpg\"><img loading=\"lazy\" decoding=\"async\" class=\"size-medium wp-image-561 alignleft\" src=\"https:\/\/maclarema.fr\/blog\/wp-content\/uploads\/2016\/04\/la-police-espagnole-a-interpelle-mardi-a-malaga-au-sud-de_3733103_1000x500-300x150.jpg\" alt=\"la-police-espagnole-a-interpelle-mardi-a-malaga-au-sud-de_3733103_1000x500\" width=\"300\" height=\"150\" srcset=\"https:\/\/maclarema.fr\/blog\/wp-content\/uploads\/2016\/04\/la-police-espagnole-a-interpelle-mardi-a-malaga-au-sud-de_3733103_1000x500-300x150.jpg 300w, https:\/\/maclarema.fr\/blog\/wp-content\/uploads\/2016\/04\/la-police-espagnole-a-interpelle-mardi-a-malaga-au-sud-de_3733103_1000x500.jpg 1000w\" sizes=\"auto, (max-width: 300px) 100vw, 300px\" \/><\/a>J&rsquo;ai tenu \u00e0 isoler l&rsquo;intervention du philosophe Dan Arbib car il m&rsquo;a paru tr\u00e8s \u00e9clairant sur ces probl\u00e9matiques et tout en nuances. Il traite des paradoxes de la situation actuelle des Juifs en France. Entre analyse et t\u00e9moignage il revient sur quatre tensions\u00a0qui, selon lui, rendent la situation des juifs de France difficilement supportable.<br \/>\n<strong>* l&rsquo;ambigu\u00eft\u00e9 du rapport \u00e0 l&rsquo;Etat<\/strong> : les Juifs, se sentant menac\u00e9s, en cherchant l&rsquo;aide de l&rsquo;Etat se trouvent dissoci\u00e9s du reste de la soci\u00e9t\u00e9. Ils ressentent avec tristesse\u00a0l&rsquo;opposition entre la douleur exprim\u00e9e par les Fran\u00e7ais au lendemain du 13 novembre et \u00a0l&rsquo;indiff\u00e9rence de cette m\u00eame\u00a0soci\u00e9t\u00e9 civile lors des assassinats de Toulouse en 2012 ou m\u00eame de l&rsquo;hypercacher en janvier, quand ils pensent que c&rsquo;est surtout l&rsquo;attaque de Charlie Hebdo qui a suscit\u00e9 la grande marche du 11 Janvier. Or ce t\u00eate-\u00e0-t\u00eate des Juifs avec l&rsquo;Etat\u00a0reconna\u00eet implicitement l&rsquo;existence d&rsquo;une communaut\u00e9 au m\u00e9pris de l&rsquo;universalisme et de la la\u00efcit\u00e9. Ce qui accro\u00eet la singularit\u00e9 des Juifs, s\u00e9par\u00e9s des autres dans un corps social d\u00e9chir\u00e9. Les Juifs sont malgr\u00e9 eux renvoy\u00e9s \u00e0 leur \u00ab\u00a0\u00eatre-juif\u00a0\u00bb dans une probl\u00e9matique qui ne peut \u00eatre r\u00e9gl\u00e9e que par la R\u00e9publique.<!--more--><br \/>\n<strong>* l&rsquo;ambigu\u00eft\u00e9 de la double all\u00e9geance<\/strong> : la tentation de fuir en Isra\u00ebl dessine de nouveaux paradoxes. La plupart des Fran\u00e7ais qui \u00e9migrent aujourd&rsquo;hui le font plus par sentiment d&rsquo;ins\u00e9curit\u00e9 que par\u00a0par sionisme. Les effets de ces d\u00e9parts sont souvent d\u00e9sastreux et ceux qui partent dans ces conditions se sentent d&rsquo;autant plus fran\u00e7ais par nostalgie. Il n&rsquo;est jamais facile de s&rsquo;exiler. Ceux qui restent sont soup\u00e7onn\u00e9s de double all\u00e9geance par rapport \u00e0 la France et \u00e0 Isra\u00ebl.<br \/>\n<strong>* l&rsquo;ambigu\u00eft\u00e9 du repli communautaire <\/strong>d\u00fb aux menaces\u00a0qui s&rsquo;accompagne paradoxalement d&rsquo;une demande accrue de la\u00efcit\u00e9.<br \/>\n<strong>* l&rsquo;ambigu\u00eft\u00e9 des fid\u00e9lit\u00e9s politiques<\/strong> : l&rsquo;antis\u00e9mitisme qui a longtemps \u00e9t\u00e9 l&rsquo;apanage de l&rsquo;extr\u00eame droite se retrouve aujourd&rsquo;hui dans certaines extr\u00eame gauches sous l&rsquo;aspect d&rsquo;un antisionisme d\u00e9voy\u00e9 qui n&rsquo;est pas critique de la politique d&rsquo; Isra\u00ebl mais d\u00e9l\u00e9gitimation de son existence. Certains groupes s&rsquo;ent\u00eatent \u00e0 attribuer\u00a0tous les torts du monde \u00e0 Isra\u00ebl. Les Juifs qui votaient autrefois majoritairement \u00e0 gauche se retournent vers la droite et sont paradoxalement\u00a0tent\u00e9s par l&rsquo;extr\u00eame droite de Marine Le Pen qui a rompu en apparence avec l&rsquo;antis\u00e9mitisme et oriente son discours contre\u00a0les musulmans en pr\u00f4nant une la\u00efcit\u00e9 pure et dure.<br \/>\nDan Arbib conclut en philosophe : l&rsquo;antis\u00e9mitisme n&rsquo;est pas une \u00ab\u00a0passion\u00a0\u00bb ordinaire, elle affecte la conscience m\u00eame des Juifs en cr\u00e9ant en eux des b\u00e9ances, des tensions tragiques d\u00e9chirantes.<\/p>\n<p>Inutile de dire que je suis ressortie de ces trois jours de colloque nourrie, mais sonn\u00e9e et pessimiste, me rendant compte que les intervenants ont surtout constat\u00e9 un \u00e9tat des lieux inqui\u00e9tant et offert peu de rem\u00e8des pour nous r\u00e9conforter. Tout en pensant qu&rsquo;un tel colloque d\u00e9di\u00e9 \u00e0 l&rsquo;antis\u00e9mitisme en France (et c&rsquo;est important de le faire entendre) a forc\u00e9ment tendance \u00e0 mettre la loupe sur ce ph\u00e9nom\u00e8ne. Il faut \u00eatre vigilant mais ne pas tomber dans la parano\u00efa.<\/p>\n<p><a href=\"http:\/\/www.akadem.org\/sommaire\/colloques\/l-antisemitisme-en-france-xixe-xxie-siecle\/\">Site Akadem<\/a><\/p>\n","protected":false},"excerpt":{"rendered":"<p>J&rsquo;ai tenu \u00e0 isoler l&rsquo;intervention du philosophe Dan Arbib car il m&rsquo;a paru tr\u00e8s \u00e9clairant sur ces probl\u00e9matiques et tout en nuances. Il traite des paradoxes de la situation actuelle des Juifs en France. Entre analyse et t\u00e9moignage il revient &hellip; <a href=\"https:\/\/maclarema.fr\/blog\/colloque-lantisemitisme-en-france-xixe-xxie-siecle-lintervention-de-dan-arbib\/\">Continuer la lecture <span class=\"meta-nav\">&rarr;<\/span><\/a><\/p>\n","protected":false},"author":1,"featured_media":0,"comment_status":"open","ping_status":"open","sticky":false,"template":"","format":"standard","meta":{"footnotes":""},"categories":[5],"tags":[40,19],"class_list":["post-534","post","type-post","status-publish","format-standard","hentry","category-antisemitisme","tag-histoire","tag-shoah"],"_links":{"self":[{"href":"https:\/\/maclarema.fr\/blog\/wp-json\/wp\/v2\/posts\/534","targetHints":{"allow":["GET"]}}],"collection":[{"href":"https:\/\/maclarema.fr\/blog\/wp-json\/wp\/v2\/posts"}],"about":[{"href":"https:\/\/maclarema.fr\/blog\/wp-json\/wp\/v2\/types\/post"}],"author":[{"embeddable":true,"href":"https:\/\/maclarema.fr\/blog\/wp-json\/wp\/v2\/users\/1"}],"replies":[{"embeddable":true,"href":"https:\/\/maclarema.fr\/blog\/wp-json\/wp\/v2\/comments?post=534"}],"version-history":[{"count":10,"href":"https:\/\/maclarema.fr\/blog\/wp-json\/wp\/v2\/posts\/534\/revisions"}],"predecessor-version":[{"id":749,"href":"https:\/\/maclarema.fr\/blog\/wp-json\/wp\/v2\/posts\/534\/revisions\/749"}],"wp:attachment":[{"href":"https:\/\/maclarema.fr\/blog\/wp-json\/wp\/v2\/media?parent=534"}],"wp:term":[{"taxonomy":"category","embeddable":true,"href":"https:\/\/maclarema.fr\/blog\/wp-json\/wp\/v2\/categories?post=534"},{"taxonomy":"post_tag","embeddable":true,"href":"https:\/\/maclarema.fr\/blog\/wp-json\/wp\/v2\/tags?post=534"}],"curies":[{"name":"wp","href":"https:\/\/api.w.org\/{rel}","templated":true}]}}