{"id":59,"date":"2013-11-14T12:51:00","date_gmt":"2013-11-14T11:51:00","guid":{"rendered":"http:\/\/maclarema.fr\/blog\/pour-christiane-taubira\/"},"modified":"2020-01-14T15:31:45","modified_gmt":"2020-01-14T14:31:45","slug":"pour-christiane-taubira","status":"publish","type":"post","link":"https:\/\/maclarema.fr\/blog\/pour-christiane-taubira\/","title":{"rendered":"Pour Christiane Taubira"},"content":{"rendered":"<p>A Madame Christiane Taubira<br \/>\nVotre courage, votre combat servent notre dignit\u00e9 \u00e0 toutes et \u00e0 tous.<br \/>\nLes insultes d\u00e9gradantes visant les noirs peuvent aussi bien s&rsquo;adresser un autre jour aux femmes, aux Juifs, aux Arabes, aux Roms ou \u00e0 n&rsquo;importe quel groupe humain que des manipulateurs retors voudront rabaisser, encourag\u00e9s par la banalisation des insinuations racistes dans les discours politiques.<\/p>\n<p>L&rsquo;humanit\u00e9 est une, vous le montrez. Merci.<\/p>\n<p><a href=\"https:\/\/maclarema.fr\/blog\/wp-content\/uploads\/2015\/12\/JusticeManifm.jpg\"><img loading=\"lazy\" decoding=\"async\" class=\"aligncenter wp-image-346 size-full\" src=\"https:\/\/maclarema.fr\/blog\/wp-content\/uploads\/2015\/12\/JusticeManifm.jpg\" alt=\"JusticeManifm\" width=\"640\" height=\"480\" srcset=\"https:\/\/maclarema.fr\/blog\/wp-content\/uploads\/2015\/12\/JusticeManifm.jpg 640w, https:\/\/maclarema.fr\/blog\/wp-content\/uploads\/2015\/12\/JusticeManifm-300x225.jpg 300w\" sizes=\"auto, (max-width: 640px) 100vw, 640px\" \/><\/a><\/p>\n<ul>\n<li>illustration\u00a0: La Justice harcel\u00e9e par des corbeaux (Th\u00e9\u00e2tre du Soleil).<\/li>\n<\/ul>\n","protected":false},"excerpt":{"rendered":"<p>A Madame Christiane Taubira Votre courage, votre combat servent notre dignit\u00e9 \u00e0 toutes et \u00e0 tous. Les insultes d\u00e9gradantes visant les noirs peuvent aussi bien s&rsquo;adresser un autre jour aux femmes, aux Juifs, aux Arabes, aux Roms ou \u00e0 n&rsquo;importe &hellip; <a href=\"https:\/\/maclarema.fr\/blog\/pour-christiane-taubira\/\">Continuer la lecture <span class=\"meta-nav\">&rarr;<\/span><\/a><\/p>\n","protected":false},"author":2,"featured_media":0,"comment_status":"open","ping_status":"closed","sticky":false,"template":"","format":"standard","meta":{"footnotes":""},"categories":[5],"tags":[38],"class_list":["post-59","post","type-post","status-publish","format-standard","hentry","category-antisemitisme","tag-racisme"],"_links":{"self":[{"href":"https:\/\/maclarema.fr\/blog\/wp-json\/wp\/v2\/posts\/59","targetHints":{"allow":["GET"]}}],"collection":[{"href":"https:\/\/maclarema.fr\/blog\/wp-json\/wp\/v2\/posts"}],"about":[{"href":"https:\/\/maclarema.fr\/blog\/wp-json\/wp\/v2\/types\/post"}],"author":[{"embeddable":true,"href":"https:\/\/maclarema.fr\/blog\/wp-json\/wp\/v2\/users\/2"}],"replies":[{"embeddable":true,"href":"https:\/\/maclarema.fr\/blog\/wp-json\/wp\/v2\/comments?post=59"}],"version-history":[{"count":4,"href":"https:\/\/maclarema.fr\/blog\/wp-json\/wp\/v2\/posts\/59\/revisions"}],"predecessor-version":[{"id":1810,"href":"https:\/\/maclarema.fr\/blog\/wp-json\/wp\/v2\/posts\/59\/revisions\/1810"}],"wp:attachment":[{"href":"https:\/\/maclarema.fr\/blog\/wp-json\/wp\/v2\/media?parent=59"}],"wp:term":[{"taxonomy":"category","embeddable":true,"href":"https:\/\/maclarema.fr\/blog\/wp-json\/wp\/v2\/categories?post=59"},{"taxonomy":"post_tag","embeddable":true,"href":"https:\/\/maclarema.fr\/blog\/wp-json\/wp\/v2\/tags?post=59"}],"curies":[{"name":"wp","href":"https:\/\/api.w.org\/{rel}","templated":true}]}}