{"id":604,"date":"2016-05-03T16:09:32","date_gmt":"2016-05-03T15:09:32","guid":{"rendered":"http:\/\/maclarema.fr\/blog\/?p=604"},"modified":"2016-05-03T16:11:08","modified_gmt":"2016-05-03T15:11:08","slug":"bruxelles-2016-evian-1938-un-meme-non-a-laccueil-des-refugies","status":"publish","type":"post","link":"https:\/\/maclarema.fr\/blog\/bruxelles-2016-evian-1938-un-meme-non-a-laccueil-des-refugies\/","title":{"rendered":"Bruxelles 2016 \/ Evian 1938 : un m\u00eame NON \u00e0 l\u2019accueil des r\u00e9fugi\u00e9s"},"content":{"rendered":"<p>Ils sont des millions \u00e0 fuir la guerre en Syrie et en Irak, dont des familles enti\u00e8res. Face \u00e0 cette catastrophe politique et humanitaire, les pays europ\u00e9ens sont incapables de se coordonner et de proposer des solutions l\u00e9gales de passage et un accueil digne de ce nom. Ou plut\u00f4t, ils refusent cet accueil.<a href=\"https:\/\/maclarema.fr\/blog\/wp-content\/uploads\/2016\/05\/conf\u00e9rence-dEvian-1938.jpg\"><img loading=\"lazy\" decoding=\"async\" class=\" wp-image-606 alignright\" src=\"https:\/\/maclarema.fr\/blog\/wp-content\/uploads\/2016\/05\/conf\u00e9rence-dEvian-1938-300x253.jpg\" alt=\"conf\u00e9rence d'Evian 1938\" width=\"371\" height=\"313\" srcset=\"https:\/\/maclarema.fr\/blog\/wp-content\/uploads\/2016\/05\/conf\u00e9rence-dEvian-1938-300x253.jpg 300w, https:\/\/maclarema.fr\/blog\/wp-content\/uploads\/2016\/05\/conf\u00e9rence-dEvian-1938.jpg 828w\" sizes=\"auto, (max-width: 371px) 100vw, 371px\" \/><\/a><\/p>\n<p>Pour la seule Syrie, on compte environ 8 millions de d\u00e9plac\u00e9s \u00e0 l\u2019int\u00e9rieur du pays et 4 millions de r\u00e9fugi\u00e9s principalement dans les pays limitrophes (Liban, Turquie, Jordanie). Au Liban, par exemple, ces derniers repr\u00e9sentent 20 % de la population. Sauf dans une certaine mesure l\u2019Allemagne, au moment o\u00f9 Angela Merkel a ouvert les portes, tous les autres pays europ\u00e9ens, \u00e0 un degr\u00e9 ou \u00e0 un autre, refuse d\u2019en accueillir un nombre significatif.<\/p>\n<p>Au fur et \u00e0 mesure que se ferment ainsi les fronti\u00e8res europ\u00e9ennes, des passeurs proposent, pour des sommes astronomiques, des places sur des bateaux qui chavirent en mer, des camps se cr\u00e9ent pr\u00e8s des fronti\u00e8res, dans lesquels les gens vivent dans des conditions d\u00e9plorables. Par exemple, \u00e0 la fronti\u00e8re gr\u00e9co-mac\u00e9donienne o\u00f9 plus de 10 000 personnes \u00ab\u00a0vivent\u00a0\u00bb dans des conditions sanitaires et humaines inacceptables.<\/p>\n<p>Face \u00e0 cela, l\u2019Union europ\u00e9enne conclut, le 18 mars \u00e0 Bruxelles, un accord avec la Turquie, pays o\u00f9 on sait que les droits de l\u2019homme sont fort peu respect\u00e9s, dont le gouvernement m\u00e8ne la guerre contre les ressortissants kurdes et mus\u00e8le l\u2019opposition, accord qui propose une relance du processus d\u2019adh\u00e9sion \u00e0 l\u2019Union europ\u00e9enne. <!--more--><\/p>\n<p>En contrepartie on renverra en Turquie, d\u00e9clar\u00e9 \u00ab\u00a0pays tiers s\u00fbr\u00a0\u00bb,\u00a0 des demandeurs d\u2019asile dont on n\u2019aura \u00e9ventuellement m\u00eame pas examin\u00e9 la demande. Au m\u00e9pris de la convention de Gen\u00e8ve de 1951 relative au statut des r\u00e9fugi\u00e9s, dont la Turquie n\u2019est d\u2019ailleurs m\u00eame pas signataire\u00a0!<\/p>\n<p>Cela rappelle ce qui s\u2019est pass\u00e9 avant la seconde guerre mondiale, fin 38, lors de la Conf\u00e9rence d\u2019Evian dont on pr\u00e9f\u00e8re ne pas trop parler, et dont j\u2019ai d\u00e9couvert l\u2019existence \u00e0 cette occasion.<\/p>\n<p>Devant l\u2019afflux de r\u00e9fugi\u00e9s allemands et autrichiens, pour l\u2019essentiel juifs &#8211; l\u2019Allemagne nazie avait annex\u00e9 l\u2019Autriche en mars \u2013 les Etats-Unis, qui avaient \u00e0 peine entrouverts leurs fronti\u00e8res, appellent \u00e0 une conf\u00e9rence \u00e0 Evian, r\u00e9unissant Etats-Unis, pays d\u2019Europe et d\u2019Am\u00e9rique latine.<\/p>\n<p>Trente-deux pays r\u00e9pondent \u00e0 l\u2019appel. Mais apr\u00e8s 10 jours de discussion, les Etats remettent la question entre les mains d\u2019un \u00ab\u00a0comit\u00e9 international des r\u00e9fugi\u00e9s\u00a0\u00bb\u00a0; celui-ci ne peut d\u00e9cider aucun gouvernement \u00e0 accueillir officiellement les r\u00e9fugi\u00e9s. Ceux-ci restent donc, pour l\u2019essentiel, livr\u00e9s \u00e0 eux-m\u00eames ou ponctuellement assist\u00e9s par des personnalit\u00e9s isol\u00e9es ou des organismes d\u2019aide, \u00e0 la merci totale des passeurs. Ou contraints de rester o\u00f9 ils sont et de mourir assassin\u00e9s\u00a0!<\/p>\n<p>On revoit cela, avec effarement, aujourd\u2019hui.<\/p>\n<p>R\u00e9f\u00e9rences\u00a0:<br \/>\n<u>Sur l\u2019accord avec la Turquie<br \/>\n<\/u>Le Monde, 19\/04\/16 &#8211; <a href=\"http:\/\/www.lemonde.fr\/europe\/article\/2016\/03\/19\/migrants-pacte-sans-gloire-entre-l-union-europeenne-et-la-turquie_4886207_3214.html\" target=\"_blank\">Migrants : pacte sans gloire entre l\u2019Union europ\u00e9enne et la Turquie<\/a><\/p>\n<p>Gisti &#8211; Accord Union europ\u00e9enne &#8211; Turquie\u00a0: <a href=\"http:\/\/www.gisti.org\/spip.php?article5296\" target=\"_blank\">Externaliser pour mettre fin au droit d\u2019asile<\/a><\/p>\n<p><u>Sur la conf\u00e9rence d\u2019Evian<br \/>\n<\/u>Emission <a href=\"https:\/\/memoiresvives.net\/2011\/11\/13\/la-conference-devian-de-1938\/ Un lien vers un article de Catherine Nicault, 1994 - L'abandon des J\" target=\"_blank\">\u00ab m\u00e9moires vives \u00bb<\/a> de la Fondation pour la m\u00e9moire de la Shoah du 13\/11\/2011<\/p>\n<p>Un lien vers un article de Catherine Nicault, 1994\u00a0 &#8211;\u00a0 L&rsquo;abandon des Juifs avant la Shoah :<br \/>\n<a href=\"http:\/\/www.anti-rev.org\/textes\/Nicault94a\/\" target=\"_blank\">la France et la conf\u00e9rence d&rsquo;\u00c9vian (1994)<\/a><\/p>\n","protected":false},"excerpt":{"rendered":"<p>Ils sont des millions \u00e0 fuir la guerre en Syrie et en Irak, dont des familles enti\u00e8res. Face \u00e0 cette catastrophe politique et humanitaire, les pays europ\u00e9ens sont incapables de se coordonner et de proposer des solutions l\u00e9gales de passage &hellip; <a href=\"https:\/\/maclarema.fr\/blog\/bruxelles-2016-evian-1938-un-meme-non-a-laccueil-des-refugies\/\">Continuer la lecture <span class=\"meta-nav\">&rarr;<\/span><\/a><\/p>\n","protected":false},"author":3,"featured_media":0,"comment_status":"open","ping_status":"open","sticky":false,"template":"","format":"standard","meta":{"footnotes":""},"categories":[5],"tags":[12,40],"class_list":["post-604","post","type-post","status-publish","format-standard","hentry","category-antisemitisme","tag-droits-humains","tag-histoire"],"_links":{"self":[{"href":"https:\/\/maclarema.fr\/blog\/wp-json\/wp\/v2\/posts\/604","targetHints":{"allow":["GET"]}}],"collection":[{"href":"https:\/\/maclarema.fr\/blog\/wp-json\/wp\/v2\/posts"}],"about":[{"href":"https:\/\/maclarema.fr\/blog\/wp-json\/wp\/v2\/types\/post"}],"author":[{"embeddable":true,"href":"https:\/\/maclarema.fr\/blog\/wp-json\/wp\/v2\/users\/3"}],"replies":[{"embeddable":true,"href":"https:\/\/maclarema.fr\/blog\/wp-json\/wp\/v2\/comments?post=604"}],"version-history":[{"count":3,"href":"https:\/\/maclarema.fr\/blog\/wp-json\/wp\/v2\/posts\/604\/revisions"}],"predecessor-version":[{"id":609,"href":"https:\/\/maclarema.fr\/blog\/wp-json\/wp\/v2\/posts\/604\/revisions\/609"}],"wp:attachment":[{"href":"https:\/\/maclarema.fr\/blog\/wp-json\/wp\/v2\/media?parent=604"}],"wp:term":[{"taxonomy":"category","embeddable":true,"href":"https:\/\/maclarema.fr\/blog\/wp-json\/wp\/v2\/categories?post=604"},{"taxonomy":"post_tag","embeddable":true,"href":"https:\/\/maclarema.fr\/blog\/wp-json\/wp\/v2\/tags?post=604"}],"curies":[{"name":"wp","href":"https:\/\/api.w.org\/{rel}","templated":true}]}}