{"id":74,"date":"2015-11-17T11:11:10","date_gmt":"2015-11-17T10:11:10","guid":{"rendered":"http:\/\/maclarema.fr\/blog\/?p=74"},"modified":"2015-12-29T01:02:10","modified_gmt":"2015-12-29T00:02:10","slug":"benjamin-netanyahou-et-le-revisionnisme","status":"publish","type":"post","link":"https:\/\/maclarema.fr\/blog\/benjamin-netanyahou-et-le-revisionnisme\/","title":{"rendered":"Benjamin Netanyahou et le r\u00e9visionnisme"},"content":{"rendered":"<div id=\"p5521850\" class=\"post\">\n<div class=\"post-excerpt\">\n<p>Beaucoup d\u2019encre a coul\u00e9 sur les r\u00e9centes d\u00e9clarations de B.Netanyahou faisant du grand Mufti de J\u00e9rusalem l&rsquo;inspirateur et le responsable principal du d\u00e9clenchement de la Shoah. Si celui-ci a bien \u00e9t\u00e9 alli\u00e9 de l&rsquo;Allemagne et a souscrit sans r\u00e9serve aux projets d&rsquo;extermination des juifs, il n&rsquo;a gu\u00e8re eu de poids dans \u00ab\u00a0la solution finale\u00a0\u00bb et la destruction des juifs d&rsquo;Europe.<img decoding=\"async\" class=\"alignleft\" title=\"manif paix 24\/10\/15, oct. 2015\" src=\"http:\/\/maclarema.blog.free.fr\/public\/.rassemblement-place-rabin-a-tel-aviv-samedi_24_octobre_2015_s.jpg\" alt=\"manif paix 24\/10\/15\" \/><br \/>\nLe d\u00e9tournement tendancieux des faits historiques ne vise qu&rsquo;\u00e0 \u00e9luder tout projet d\u2019\u00c9tat pour les Palestiniens en leur imputant des projets \u00e9ternellement criminels.<br \/>\n(cf. Le Monde, <em><a href=\"http:\/\/www.lemonde.fr\/proche-orient\/article\/2015\/10\/22\/benyamin-netanyahou-epingle-pour-mensonge-flagrant-en-israel_4794973_3218.html\">Netanyahou et la solution finale<\/a><\/em>\u00a0: une \u00ab\u00a0erreur diabolique, ridicule, m\u00e9prisable \u00bb).<br \/>\nCette instrumentalisation honteuse ne fait qu&rsquo;attiser les haines, susciter les violences et barrer tout espoir de paix.<br \/>\nEn France, plusieurs organisations juives contestant la politique actuelle du gouvernement isra\u00e9lien ont manifest\u00e9 leur indignation. Nous ne pouvons que partager leur r\u00e9volte devant cette minable man\u0153uvre politicienne et souscrire \u00e0 leurs d\u00e9clarations.<\/p>\n<\/div>\n<div class=\"post-content\">\n<p>Les organisations <strong>JCall<\/strong> et <strong>La Paix Maintenant<\/strong> ont publi\u00e9 chacune sur son site un communiqu\u00e9 commun plein de col\u00e8re contre cette falsification de l&rsquo;histoire du g\u00e9nocide des populations juives europ\u00e9ennes par les nazis qui vise \u00e0 faire endosser aux Palestiniens une image d&rsquo;irr\u00e9ductibles assassins. Comme le dit le communiqu\u00e9\u00a0: \u00ab\u00a0<em>Cela doit susciter l\u2019indignation des Juifs d\u2019Isra\u00ebl et de la Diaspora.\u00a0\u00bb Il faut \u00ab\u00a0<strong>N\u00e9gocier plut\u00f4t que trahir l&rsquo;histoire<\/strong>\u00a0\u00bb . \u00ab\u00a0Le Premier ministre isra\u00e9lien Benyamin Netanyahou a d\u00e9pass\u00e9 les bornes, en insultant dans une m\u00eame phrase le peuple juif et le peuple palestinien.<\/em>\u00a0\u00bb (cf. le communiqu\u00e9 sur le site <a href=\"http:\/\/fr.jcall.eu\/a-la-une\/negocier-plutot-que-travestir-lhistoire\">jcall<\/a> ou <a href=\"http:\/\/www.lapaixmaintenant.org\/Negocier-plutot-que-travestir-l\">la paix maintenant<\/a>).<\/p>\n<p><strong>Une Autre Voix Juive<\/strong> insiste, dans un <a href=\"http:\/\/uavj.free.fr\/UAVJtxt121.html\">communiqu\u00e9<\/a> publi\u00e9 sur le site UAVJ, sur les mesures \u00e0 prendre\u00a0: \u00ab\u00a0<em>Tous les progressistes, tous les d\u00e9mocrates doivent en tirer la conclusion qui s\u2019impose\u00a0: le temps est venu de la pression maximale, en France pour la reconnaissance de l\u2019\u00c9tat de Palestine, dans l\u2019Union Europ\u00e9enne pour suspendre imm\u00e9diatement l\u2019Accord d\u2019Association qui la lie \u00e0 Isra\u00ebl. Telles sont les conditions pour que le peuple palestinien voie enfin ses droits fondamentaux reconnus et que Isra\u00ebl \u201cretrouve son \u00e2me\u201d, si c\u2019est encore possible<\/em> \u00bb.<\/p>\n<p>Heureusement, les Isra\u00e9liens ne sont pas tous pr\u00eats \u00e0 croire les discours \u00e9labor\u00e9s pour susciter la peur et la haine. Des groupes ont manifest\u00e9 courageusement ces derniers jours, malgr\u00e9 un climat hostile et violent, contre la politique gouvernementale suicidaire\u00a0:<\/p>\n<p><strong>Samedi 17 octobre<\/strong>\u00a0: 850 Isra\u00e9liens juifs et arabes forment une <a href=\"http:\/\/fr.timesofisrael.com\/des-juifs-et-des-arabes-formeront-une-chaine-humaine-pour-la-coexistence\/\">cha\u00eene contre la peur<\/a> dans le nord d&rsquo;Isra\u00ebl.<\/p>\n<p><strong>Samedi 24 octobre<\/strong>\u00a0: Des milliers d\u2019Isra\u00e9liens manifestent \u00e0 Tel-Aviv, \u00e0 l\u2019appel de l\u2019organisation La Paix Maintenant, contre l&rsquo;occupation et pour la reprise des n\u00e9gociations, \u00e0 l&rsquo;occasion des 20 ans de l&rsquo;assassinat d&rsquo;Itzak Rabin.<\/p>\n<p>(cf.<a href=\"http:\/\/tempsreel.nouvelobs.com\/en-direct\/a-chaud\/10810-israel-milliers-israeliens-manifeste-palestiniens.html\"> Nouvel Obs<\/a>, <a href=\"http:\/\/www.lemonde.fr\/proche-orient\/article\/2015\/10\/25\/en-israel-il-y-a-un-sentiment-de-desespoir-de-fatalite-generale_4796514_3218.html\">Le Monde<\/a>, <a href=\"http:\/\/information.tv5monde.com\/en-continu\/des-milliers-d-israeliens-manifestent-pour-la-paix-avec-les-palestiniens-62426\">TV5 Monde<\/a>)<\/p>\n<\/div>\n<\/div>\n<form id=\"comment-form\" action=\"http:\/\/maclarema.blog.free.fr\/index.php?post\/2015\/10\/29\/Benjamin-Netanyahou-et-le-r%C3%A9visionnisme#pr\" method=\"post\">\n<h3>Ajouter un commentaire<\/h3>\n<\/form>\n","protected":false},"excerpt":{"rendered":"<p>Beaucoup d\u2019encre a coul\u00e9 sur les r\u00e9centes d\u00e9clarations de B.Netanyahou faisant du grand Mufti de J\u00e9rusalem l&rsquo;inspirateur et le responsable principal du d\u00e9clenchement de la Shoah. Si celui-ci a bien \u00e9t\u00e9 alli\u00e9 de l&rsquo;Allemagne et a souscrit sans r\u00e9serve aux &hellip; <a href=\"https:\/\/maclarema.fr\/blog\/benjamin-netanyahou-et-le-revisionnisme\/\">Continuer la lecture <span class=\"meta-nav\">&rarr;<\/span><\/a><\/p>\n","protected":false},"author":3,"featured_media":0,"comment_status":"open","ping_status":"open","sticky":false,"template":"","format":"standard","meta":{"footnotes":""},"categories":[5],"tags":[11],"class_list":["post-74","post","type-post","status-publish","format-standard","hentry","category-antisemitisme","tag-israel"],"_links":{"self":[{"href":"https:\/\/maclarema.fr\/blog\/wp-json\/wp\/v2\/posts\/74","targetHints":{"allow":["GET"]}}],"collection":[{"href":"https:\/\/maclarema.fr\/blog\/wp-json\/wp\/v2\/posts"}],"about":[{"href":"https:\/\/maclarema.fr\/blog\/wp-json\/wp\/v2\/types\/post"}],"author":[{"embeddable":true,"href":"https:\/\/maclarema.fr\/blog\/wp-json\/wp\/v2\/users\/3"}],"replies":[{"embeddable":true,"href":"https:\/\/maclarema.fr\/blog\/wp-json\/wp\/v2\/comments?post=74"}],"version-history":[{"count":2,"href":"https:\/\/maclarema.fr\/blog\/wp-json\/wp\/v2\/posts\/74\/revisions"}],"predecessor-version":[{"id":360,"href":"https:\/\/maclarema.fr\/blog\/wp-json\/wp\/v2\/posts\/74\/revisions\/360"}],"wp:attachment":[{"href":"https:\/\/maclarema.fr\/blog\/wp-json\/wp\/v2\/media?parent=74"}],"wp:term":[{"taxonomy":"category","embeddable":true,"href":"https:\/\/maclarema.fr\/blog\/wp-json\/wp\/v2\/categories?post=74"},{"taxonomy":"post_tag","embeddable":true,"href":"https:\/\/maclarema.fr\/blog\/wp-json\/wp\/v2\/tags?post=74"}],"curies":[{"name":"wp","href":"https:\/\/api.w.org\/{rel}","templated":true}]}}