{"id":76,"date":"2015-11-18T11:20:05","date_gmt":"2015-11-18T10:20:05","guid":{"rendered":"http:\/\/maclarema.fr\/blog\/?p=76"},"modified":"2015-12-03T12:03:35","modified_gmt":"2015-12-03T11:03:35","slug":"montee-en-puissance-des-ultras-religieux-en-israel","status":"publish","type":"post","link":"https:\/\/maclarema.fr\/blog\/montee-en-puissance-des-ultras-religieux-en-israel\/","title":{"rendered":"Mont\u00e9e en puissance des ultras religieux en Isra\u00ebl"},"content":{"rendered":"<div id=\"p5542902\" class=\"post\"><img decoding=\"async\" class=\"aligncenter\" title=\"ultra orthodoxes, nov. 2015\" src=\"http:\/\/maclarema.blog.free.fr\/public\/.ultra-orthodox-jewish-youth-holds-a-sign-during-a-mass-prayer-in-jerusalem_4838378_m.jpg\" alt=\"ultra orthodoxes\" \/><\/div>\n<div class=\"post\">\n<p>R\u00e9dig\u00e9 par Reine<\/p>\n<p>Aujourd\u2019hui un Isra\u00e9lien sur 10 est ultraorthodoxe (soit environ 900 000 personnes contre 400 000 en 1990) et cette communaut\u00e9 gagne chaque jour en nombre et en influence \u00e0 tel point que les Isra\u00e9liens la\u00efcs ont le sentiment d\u2019\u00eatre minoritaires dans certains endroits, surtout \u00e0 J\u00e9rusalem o\u00f9 l\u2019on en compte plus de 200 000. Quelles r\u00e9percussions pour le pays et sa politique actuelle ?<\/p>\n<p><strong>Rappel historique<\/strong> L\u2019orthodoxie juive, gardienne de la tradition h\u00e9bra\u00efque, na\u00eet en Europe de l\u2019est \u00e0 la fin du XVIII\u00e8 si\u00e8cle pour contrecarrer l\u2019extension de la modernit\u00e9 n\u00e9e en Allemagne \u00e0 la fin du XVII\u00e8, qui propose une adaptation de la halakha (loi juive) au temps et au lieu de vie, en langue vernaculaire. Ces traditionalistes s\u2019opposent aussi, \u00e0 l\u2019int\u00e9gration, a fortiori \u00e0 l\u2019assimilation, des juifs \u00e0 leur soci\u00e9t\u00e9 mais aussi, par leur messianisme*, au sionisme naissant, donc \u00e0 l\u2019\u00e9tablissement d\u2019un Etat juif en Palestine (comme on le nommait \u00e0 l\u2019\u00e9poque). Les Haredim (les \u00ab\u00a0craignant Dieu \u00bb) viennent de Pologne et de Russie et quelques centaines de survivants \u00e9migrent apr\u00e8s-guerre aux USA, au Canada, en Europe de l\u2019ouest et paradoxalement en Isra\u00ebl. En 1948 le Premier ministre Ben Gourion, bien que la\u00efc, accorde des privil\u00e8ges \u00e0 quelques centaines d\u2019 orthodoxes\u00a0: l\u2019exemption du service militaire* et des subventions qui leur permettent d\u2019\u00e9tudier la Torah sans avoir \u00e0 travailler. En 1977 le Likoud (parti de droite) g\u00e9n\u00e9ralise ces privil\u00e8ges \u00e0 tous les ultras-orthodoxes malgr\u00e9 une d\u00e9mographie galopante et les soutient en outre pour leurs logements, leurs \u00e9coles ou leurs pr\u00eats bancaires. Ce qui ponctionne fortement les finances.<\/p>\n<\/div>\n<p><!--more--><\/p>\n<div class=\"post\"><strong>Aujourd\u2019hui<\/strong> <strong>comment se r\u00e9partit la soci\u00e9t\u00e9 juive isra\u00e9lienne ?<\/strong> En gros on distingue :<\/div>\n<div class=\"post\">\n<div class=\"post-content\">\n<ul>\n<li>les la\u00efcs, soit ath\u00e9es soit pratiquants tr\u00e8s occasionnels pour lesquels la religion rel\u00e8ve de l\u2019espace priv\u00e9. Ils appartiennent plut\u00f4t \u00e0 la classe moyenne et sup\u00e9rieure ashk\u00e9naze<\/li>\n<li>les pratiquants, traditionalistes ou pratiquants orthodoxes stricts, qui viennent plut\u00f4t des milieux s\u00e9farades et qui vivent au milieu de la soci\u00e9t\u00e9.<\/li>\n<li>les ultras-orthodoxes, de diff\u00e9rentes ob\u00e9diences, qui vivent \u00e0 part de la soci\u00e9t\u00e9 isra\u00e9lienne, en Isra\u00ebl ou dans les territoires de Cisjordanie, sionistes ou non. Ils sont concentr\u00e9s \u00e0 J\u00e9rusalem, Bnei Brak au sud de Tel-Aviv, \u00e0 Ashdod, Safed et Tib\u00e9riade et dans les Territoires \u00e0 Betar Illit et Modin Illit surtout mais aussi dans d\u2019autres colonies ou \u00ab\u00a0avant-postes \u00bb, non reconnus par l\u2019Etat, dans la zone C. Ils ont leurs quartiers, leurs magasins, leurs \u00e9coles, leurs plages\u2026et surtout leurs rabbins qui les guident en tout. La Torah et ses 613 commandements sert de Constitution et de r\u00e9f\u00e9rent juridique. Avec le temps une forte majorit\u00e9 a reconnu l\u2019Etat d\u2019 Isra\u00ebl et va voter (selon l\u2019avis des rabbins), \u00e0 plus de 90% pour la droite, dans la mesure o\u00f9 ce m\u00eame Etat les subventionne et permet aux hommes de se consacrer \u00e0 l\u2019\u00e9tude. Ils s\u2019habillent en noir, \u00e0 la mode polonaise du XIX\u00e8 si\u00e8cle, les femmes ont des tenues tr\u00e8s \u00ab\u00a0pudiques \u00bb, leurs cheveux sont coup\u00e9s court et recouverts d\u2019une perruque. Les fils re\u00e7oivent tr\u00e8s souvent un double-pr\u00e9nom. Les mariages sont le plus souvent arrang\u00e9s. A l\u2019inverse de la soci\u00e9t\u00e9 isra\u00e9lienne pour qui l\u2019\u00e9galit\u00e9 des sexes est une valeur fondamentale, une stricte s\u00e9paration des sexes est observ\u00e9e, m\u00eame lors de la c\u00e9r\u00e9monie du mariage\u00a0! voir article <a href=\"http:\/\/maclarema.blog.free.fr\/index.php?post\/2015\/10\/17\/En-tenue-d-Eve-%3A-F%C3%A9minin%2C-pudeur-et-juda%C3%AFsme\">En tenue d&rsquo;Eve<\/a>. Dans certains bus de J\u00e9rusalem les femmes doivent s\u2019assoir \u00e0 l\u2019arri\u00e8re, s\u00e9par\u00e9es des hommes\u00a0; \u00e0 la mer elles se baignent habill\u00e9es sur des plages sp\u00e9ciales en l\u2019absence des hommes, ont m\u00eame \u00e9t\u00e9 cr\u00e9\u00e9s dans certains quartiers des passages pour pi\u00e9tons s\u00e9par\u00e9s pour \u00e9viter les fr\u00f4lements entre hommes et femmes dans la rue\u00a0! Quant \u00e0 leur f\u00e9condit\u00e9 elle est bien s\u00fbr exceptionnelle, avec un taux de 7,8 enfants par femme (contre 2,9 dans le reste du pays)\u00a0: car comme nous le verrons, faire des enfants est un acte politique, \u00e0 tel point que des pr\u00e9visions annoncent que le pourcentage d\u2019ultras en Cisjordanie passera d\u2019ici 8 ans de 30 \u00e0 40%. <strong>Faire des enfants pour occuper le terrain<\/strong>.<\/li>\n<\/ul>\n<p style=\"text-align: justify;\"><strong>Quel est leur poids \u00e9conomique ?<\/strong> On pourrait penser qu\u2019avec 23% d\u2019entre eux qui vivent sous le seuil de la pauvret\u00e9, les ultras n\u2019ent ont aucun. Les subventions ne suffisant pas, 30% des hommes travaillent en compl\u00e9ment de l\u2019\u00e9tude en yeshiva et 50% des femmes en milieu professionnel non mixte dans des emplois subalternes, non pris\u00e9es par les employeurs, en raison des grossesses fr\u00e9quentes. Ces familles nombreuses ne respirent pas la richesse et par exemple les hommes de la communaut\u00e9 ultra-orthodoxe Na Nach (10 000 personnes), qui h\u00e9ritent d\u2019une tradition joyeuse de danse et de chants, au son de la techno en pleine rue pour faire l&rsquo;aum\u00f4ne<\/p>\n<p><img loading=\"lazy\" decoding=\"async\" class=\"aligncenter\" title=\"062411_nachman.jpg, nov. 2015\" src=\"http:\/\/maclarema.blog.free.fr\/public\/.062411_nachman_s.jpg\" alt=\" faire l\u2019aum\u00f4ne\" width=\"335\" height=\"241\" \/><\/p>\n<p style=\"text-align: justify;\">Mais leur nombre important et croissant, et le fait qu\u2019ils prennent de plus en plus part au vote, leur donnent <strong>un poids politique certain.<\/strong> Ils adh\u00e8rent principalement \u00e0 deux partis, le Shass ralli\u00e9 au sionisme (vote s\u00e9farade) et le Degel HaTorah(vote ashk\u00e9naze), ils sont repr\u00e9sent\u00e9s \u00e0 la Knesset (13 si\u00e8ges sur 120) et dans le gouvernement actuel certains ministres portent leur voix puisque par le jeu des coalitions ils appuient ou non un programme. <a href=\"http:\/\/maclarema.blog.free.fr\/index.php?post\/2015\/05\/27\/Les-%C3%A9lections-l%C3%A9gislatives-du-17-mars-en-Isra%C3%ABl-%3A-quelles-cons%C3%A9quences\">voir article \u00e9lections l\u00e9gislatives<\/a> Et surtout une tr\u00e8s forte proportion d&rsquo;entre eux, en s\u2019inscrivant dans le courant sioniste religieux, rejoint les id\u00e9es des ultranationalistes (droite du Likoud, parti \u00ab\u00a0Israel Beytenou\u00a0\u00bb d\u2019Avigdor Lieberman, \u00ab\u00a0Foyer juif\u00a0\u00bb et \u00ab\u00a0My Israel\u00a0\u00bb de Naftali Bennett) et font de leur implantation en Cisjordanie une revendication fortement politique\u00a0: la croissance d\u00e9mographique de 5,5% par an favorise la demande de nouvelles terres et logements pour une population de plus en plus nombreuse. Un cercle sans fin. La droite actuelle, qui ne peut se passer de leur vote, ferme les yeux sur les prises ultra ill\u00e9gales de territoires, y compris de ceux qui sont tr\u00e8s \u00e9loign\u00e9s de la \u00ab\u00a0ligne verte\u00a0\u00bb <a href=\"http:\/\/maclarema.blog.free.fr\/index.php?post\/2014\/01\/22\/Cisjordanie%3A-la-colonisation3\">voir les cartes dans les articles sur la colonisation<\/a>. On laisse agir ceux qui d\u00e9gradent les mosqu\u00e9es et les \u00e9glises (au point que le Pape s\u2019en est \u00e9mu), qui commettent des violences quotidiennes (qui en appellent d\u2019autres du c\u00f4t\u00e9 palestinien)\u00a0; l\u00e0 aussi un cercle sans fin.<\/p>\n<p style=\"text-align: justify;\"><strong>Apr\u00e8s le d\u00e9mant\u00e8lement des colonies \u00e0 Gaza<\/strong> en 2005 ont \u00e9merg\u00e9 des groupuscules informels de colons religieux jeunes, nomm\u00e9s Tag Mehir \u00ab\u00a0le prix \u00e0 payer\u00a0\u00bb ou \u00ab\u00a0les jeunes des collines \u00bb, bas\u00e9s \u00e0 Yitzhar au sud de Naplouse, au nord de Ramallah ou au sud d\u2019H\u00e9bron. Ils sont inspir\u00e9s par le rabbin Meir Kahane , un isra\u00e9lo-am\u00e9ricain \u00e9lu d\u00e9put\u00e9 en 1984, qui a \u00e9t\u00e9 banni d\u2019Isra\u00ebl en 1988 parce que son parti le Kach, raciste et anti-d\u00e9mocratique, pr\u00f4nait l\u2019expulsion hors d\u2019Isra\u00ebl et des Territoires occup\u00e9s des arabes isra\u00e9liens et des Palestiniens, et qui a \u00e9t\u00e9 assassin\u00e9 \u00e0 New York en 1990. Ces colons commettent des actes violents contre les Palestiniens surtout quand les autorit\u00e9s isra\u00e9liennes s\u2019en prennent \u00e0 certains logements de colonies sauvages\u00a0: arrachage d\u2019oliviers palestiniens, bruit et menaces permanents, attaques au couteau, incendie de la mosqu\u00e9e Al-Moughien pr\u00e8s de la colonie de Shilo en 2014, d\u2019une \u00e9cole mixte jud\u00e9o-arabe de J\u00e9rusalem en 2014. Et depuis plus d\u2019un an ils en viennent \u00e0 commettre des assassinats\u00a0: un Palestinien pris au hasard br\u00fbl\u00e9 vif en r\u00e9ponse \u00e0 l\u2019assassinat de trois jeunes isra\u00e9liens auto-stoppeurs, une attaque au cocktail Molotov qui a tu\u00e9 une famille palestinienne \u00e0 Douma le 30 juillet 2015.<\/p>\n<p style=\"text-align: justify;\"><strong>Comment r\u00e9agit le gouvernement actuel ?<\/strong> Jusqu\u2019en juillet de cette ann\u00e9e il a laiss\u00e9 faire en n\u2019arr\u00eatant jamais les auteurs des faits ou, s\u2019ils sont arr\u00eat\u00e9s, en les relachant aussit\u00f4t. L\u2019incendie de Douma et en particulier la mort du b\u00e9b\u00e9 a provoqu\u00e9 de telles r\u00e9actions internationales que le premier ministre a d\u00fb intervenir par des mots, en traitant les auteurs de \u00ab\u00a0terroristes juifs \u00bb, et par des actes, en arr\u00eatant des membres de Tag Mehir et en les pla\u00e7ant en d\u00e9tention administrative, r\u00e9serv\u00e9e jusque-l\u00e0 aux Palestiniens. Mais les vrais coupables courent toujours. Il est \u00e0 noter que <strong>cette passivit\u00e9 du gouvernement se retourne contre lui<\/strong> puisque quelques ultras, par leurs positions racistes et homophobes, s\u2019en prennent \u00e9galement aux Isra\u00e9liens eux-m\u00eames quand par exemple l\u2019ultra-orthodoxe Yisha\u00ef Shlissel a assassin\u00e9 au couteau \u00e0 J\u00e9rusalem, au cours de la Gay pride en ao\u00fbt 2015, une jeune fille de 16 ans et bless\u00e9 cinq autres personnes.<br \/>\nFait qui nous renvoie bien s\u00fbr 20 ans en arri\u00e8re quand un tel climat d\u00e9l\u00e9t\u00e8re et une complicit\u00e9 des partis de droite avec les plus ultras oppos\u00e9s \u00e0 la paix, ont laiss\u00e9 advenir l\u2019irr\u00e9parable\u00a0: l\u2019assassinat du Premier ministre Rabin par un Isra\u00e9lien juif d\u2019ultra droite oppos\u00e9 \u00e0 la paix en novembre 1995.<\/p>\n<p style=\"text-align: justify;\">Je ne fais que redire ce que depuis le d\u00e9but nous disons sur ce blog :<strong> la politique de colonisation exponentielle du gouvernement relay\u00e9e par des colons religieux de plus en<\/strong> <strong>plus violents ne peut d\u00e9boucher que sur un accroissement de la violence chez les Palestiniens,<\/strong> nous en avons d\u00e9j\u00e0 des exemples effrayants depuis septembre. Les extr\u00e9mismes des deux bords se renforcent n\u00e9cessairement, les voix raisonnables des deux peuples ne sont plus entendues, c\u2019est un suicide politique incompr\u00e9hensible. Je terminerai par ces quelques mots de Noa Rothman, la petite-fille de Yitzhac Rabin, prononc\u00e9s lors d\u2019une interview de la cha\u00eene i24news\u00a0: \u00ab\u00a0Oui, un autre assassinat politique est possible en Isra\u00ebl sauf qu\u2019en ce moment, malgr\u00e9 le climat actuel de violence, il manque un ingr\u00e9dient essentiel dans les assassinats politiques en Isra\u00ebl\u00a0: <a href=\"http:\/\/www.i24news.tv\/fr\/actu\/israel\/politique\/89972-151023-le-plus-vivant-des-morts-se-promene-parmi-nous\">un plan de paix<\/a> \u00bb.<\/p>\n<p style=\"text-align: justify;\"><strong>Notes<\/strong><br \/>\n<strong>*messianisme :<\/strong> mouvement religieux qui s\u2019oppose au sionisme. Les messianistes pensent que Dieu a d\u00e9truit le royaume d\u2019Isra\u00ebl pour punir les hommes et que seul le messie, non encore advenu, peut le recr\u00e9er. Par cons\u00e9quent ils ne reconnaissent pas le pr\u00e9sent Etat.<\/p>\n<p style=\"text-align: justify;\"><strong>*exemption du service militaire :<\/strong> loi vot\u00e9e en 2014 et applicable \u00e0 partir de 2017 qui dit que les jeunes orthodoxes devront accomplir leur service, ce qui est un s\u00e9same pour la socialisation et un emploi.<\/p>\n<p style=\"text-align: justify;\"><strong>Source<\/strong><br \/>\nRevue <em>6 mois n\u00b08<\/em> (automne 2014-hiver 2015) En particulier les articles de Yishar Beer, directeur de Keshev, centre pour la protection de la d\u00e9mocratie en Isra\u00ebl et de Dror Etkes qui a dirig\u00e9 le projet \u00ab\u00a0observation de la colonisation\u00a0\u00bb men\u00e9 par l\u2019association La Paix maintenant.<\/p>\n<p style=\"text-align: justify;\"><strong>Liens<\/strong><br \/>\nFilm d\u2019<a href=\"http:\/\/maclarema.free.fr\/fpCineastes.html\">Avi Mograbi<\/a><br \/>\n<em>D\u00e9tail 4<\/em> (2004)\u00a0: Court m\u00e9trage sur l\u2019inauguration de l\u2019\u00e9cole biblique Meir Kahane \u00e0 Tapu\u2019ah, visible sur le site <a href=\"http:\/\/www.avimograbi.com\/\">avimograbi.com<\/a><\/p>\n<p style=\"text-align: justify;\">Films d\u2019<a href=\"http:\/\/maclarema.free.fr\/fpCineastes.html\">Amos Gita\u00ef<\/a><br \/>\n<em>Kadosh<\/em> (1999),le parcours de deux s\u0153urs au sein d\u2019une communaut\u00e9 orthodoxe de J\u00e9rusalem.<br \/>\n<em>The last day<\/em>, sur l\u2019assassinat de Rabin, sortie en France le 16 d\u00e9cembre 2015.<\/p>\n<\/div>\n<\/div>\n<div id=\"comments\">\n<h3>Commentaires<\/h3>\n<dl>\n<dt id=\"c7735141\" class=\" odd first\">Le jeudi 26 novembre 2015, 04:53 par zaboune<\/dt>\n<dd class=\" odd first\">merci pour cet article tr\u00e8s utile en ce qui me concerne car je ne connaissais pas l&rsquo;historique de l&rsquo;exemption du service militaire&#8230;.avec son effet pervers collat\u00e9ral : citoyennet\u00e9 de seconde classe . pour les ultra orthodoxes et les palestiniens<\/p>\n<\/dd>\n<dt id=\"c7737447\" class=\" \">Le jeudi 26 novembre 2015, 14:21 par Reine<\/dt>\n<dd class=\" \">Les citoyens de seconde classe sont les Isra\u00e9liens arabes, pas les Palestiniens qui ne vivent pas en Isra\u00ebl. Quant aux ultras-orthodoxes, c&rsquo;est diff\u00e9rent pour eux car ils choisissent de se faire exempter.<\/p>\n<\/dd>\n<\/dl>\n<\/div>\n","protected":false},"excerpt":{"rendered":"<p>R\u00e9dig\u00e9 par Reine Aujourd\u2019hui un Isra\u00e9lien sur 10 est ultraorthodoxe (soit environ 900 000 personnes contre 400 000 en 1990) et cette communaut\u00e9 gagne chaque jour en nombre et en influence \u00e0 tel point que les Isra\u00e9liens la\u00efcs ont le &hellip; <a href=\"https:\/\/maclarema.fr\/blog\/montee-en-puissance-des-ultras-religieux-en-israel\/\">Continuer la lecture <span class=\"meta-nav\">&rarr;<\/span><\/a><\/p>\n","protected":false},"author":1,"featured_media":0,"comment_status":"open","ping_status":"open","sticky":false,"template":"","format":"standard","meta":{"footnotes":""},"categories":[6],"tags":[],"class_list":["post-76","post","type-post","status-publish","format-standard","hentry","category-culture"],"_links":{"self":[{"href":"https:\/\/maclarema.fr\/blog\/wp-json\/wp\/v2\/posts\/76","targetHints":{"allow":["GET"]}}],"collection":[{"href":"https:\/\/maclarema.fr\/blog\/wp-json\/wp\/v2\/posts"}],"about":[{"href":"https:\/\/maclarema.fr\/blog\/wp-json\/wp\/v2\/types\/post"}],"author":[{"embeddable":true,"href":"https:\/\/maclarema.fr\/blog\/wp-json\/wp\/v2\/users\/1"}],"replies":[{"embeddable":true,"href":"https:\/\/maclarema.fr\/blog\/wp-json\/wp\/v2\/comments?post=76"}],"version-history":[{"count":11,"href":"https:\/\/maclarema.fr\/blog\/wp-json\/wp\/v2\/posts\/76\/revisions"}],"predecessor-version":[{"id":194,"href":"https:\/\/maclarema.fr\/blog\/wp-json\/wp\/v2\/posts\/76\/revisions\/194"}],"wp:attachment":[{"href":"https:\/\/maclarema.fr\/blog\/wp-json\/wp\/v2\/media?parent=76"}],"wp:term":[{"taxonomy":"category","embeddable":true,"href":"https:\/\/maclarema.fr\/blog\/wp-json\/wp\/v2\/categories?post=76"},{"taxonomy":"post_tag","embeddable":true,"href":"https:\/\/maclarema.fr\/blog\/wp-json\/wp\/v2\/tags?post=76"}],"curies":[{"name":"wp","href":"https:\/\/api.w.org\/{rel}","templated":true}]}}