{"id":77,"date":"2015-11-20T11:19:38","date_gmt":"2015-11-20T10:19:38","guid":{"rendered":"http:\/\/maclarema.fr\/blog\/?p=77"},"modified":"2015-12-29T01:00:40","modified_gmt":"2015-12-29T00:00:40","slug":"proche-orient-ce-que-peut-le-cinema","status":"publish","type":"post","link":"https:\/\/maclarema.fr\/blog\/proche-orient-ce-que-peut-le-cinema\/","title":{"rendered":"Proche-Orient : ce que peut le cin\u00e9ma"},"content":{"rendered":"<div class=\"post-content\">\n<p style=\"text-align: justify;\">Comme chaque ann\u00e9e depuis 2003, le cin\u00e9ma \u00ab\u00a0Les 3 Luxembourg \u00bb* accueille, du 20 au 29 novembre, un <a href=\"http:\/\/www.whatcancinemado.com\/index.php?home.htm\">festival de films sur le Proche-Orient<\/a>. On sait que c&rsquo;est une r\u00e9gion o\u00f9 le cin\u00e9ma apporte un regard int\u00e9ressant, ouvert, souvent pertinent et engag\u00e9, parfois inattendu, dont la r\u00e9gion a bien besoin et o\u00f9, peut-\u00eatre, il peut apporter une lueur d&rsquo;espoir! La projection des films est suivie chaque soir d&rsquo;un d\u00e9bat.<\/p>\n<p style=\"text-align: justify;\"><img loading=\"lazy\" decoding=\"async\" class=\"alignleft\" title=\"ce que peut le cinema, nov. 2015\" src=\"http:\/\/maclarema.blog.free.fr\/public\/.festival_film_proche_orient_t.jpg\" alt=\"ce que peut le cinema\" width=\"100\" height=\"100\" \/>\u00ab\u00a0<em>La septi\u00e8me \u00e9dition de <a href=\"http:\/\/www.whatcancinemado.com\/mayoco\/program2015.pdf?PHPSESSID=bf5dc8c6e90f5d1d920200e4f63d2bfa\">Proche-Orient\u00a0: Ce que peut le Cin\u00e9ma<\/a> se d\u00e9roule cette ann\u00e9e encore dans l&rsquo;habituel lieu parisien Les 3 Luxembourg, et continue dans sa volont\u00e9 d&rsquo;informer, de sensibiliser et de cr\u00e9er le dialogue, avec un programme de courts, moyens et longs m\u00e9trages, de fictions et de documentaires d\u2019\u00c9gypte, d&rsquo;Irak, d&rsquo;Iran, d&rsquo;Isra\u00ebl, de Libye, de Palestine et de Syrie.<\/em>\u00a0\u00bb<\/p>\n<p style=\"text-align: justify;\">Cin\u00e9ma \u00ab\u00a0Les 3 Luxembourg\u00a0\u00bb, 67 rue Monsieur le Prince, 75006, Paris<\/p>\n<\/div>\n","protected":false},"excerpt":{"rendered":"<p>Comme chaque ann\u00e9e depuis 2003, le cin\u00e9ma \u00ab\u00a0Les 3 Luxembourg \u00bb* accueille, du 20 au 29 novembre, un festival de films sur le Proche-Orient. On sait que c&rsquo;est une r\u00e9gion o\u00f9 le cin\u00e9ma apporte un regard int\u00e9ressant, ouvert, souvent pertinent &hellip; <a href=\"https:\/\/maclarema.fr\/blog\/proche-orient-ce-que-peut-le-cinema\/\">Continuer la lecture <span class=\"meta-nav\">&rarr;<\/span><\/a><\/p>\n","protected":false},"author":3,"featured_media":0,"comment_status":"open","ping_status":"open","sticky":false,"template":"","format":"standard","meta":{"footnotes":""},"categories":[6],"tags":[],"class_list":["post-77","post","type-post","status-publish","format-standard","hentry","category-culture"],"_links":{"self":[{"href":"https:\/\/maclarema.fr\/blog\/wp-json\/wp\/v2\/posts\/77","targetHints":{"allow":["GET"]}}],"collection":[{"href":"https:\/\/maclarema.fr\/blog\/wp-json\/wp\/v2\/posts"}],"about":[{"href":"https:\/\/maclarema.fr\/blog\/wp-json\/wp\/v2\/types\/post"}],"author":[{"embeddable":true,"href":"https:\/\/maclarema.fr\/blog\/wp-json\/wp\/v2\/users\/3"}],"replies":[{"embeddable":true,"href":"https:\/\/maclarema.fr\/blog\/wp-json\/wp\/v2\/comments?post=77"}],"version-history":[{"count":5,"href":"https:\/\/maclarema.fr\/blog\/wp-json\/wp\/v2\/posts\/77\/revisions"}],"predecessor-version":[{"id":359,"href":"https:\/\/maclarema.fr\/blog\/wp-json\/wp\/v2\/posts\/77\/revisions\/359"}],"wp:attachment":[{"href":"https:\/\/maclarema.fr\/blog\/wp-json\/wp\/v2\/media?parent=77"}],"wp:term":[{"taxonomy":"category","embeddable":true,"href":"https:\/\/maclarema.fr\/blog\/wp-json\/wp\/v2\/categories?post=77"},{"taxonomy":"post_tag","embeddable":true,"href":"https:\/\/maclarema.fr\/blog\/wp-json\/wp\/v2\/tags?post=77"}],"curies":[{"name":"wp","href":"https:\/\/api.w.org\/{rel}","templated":true}]}}