{"id":79,"date":"2015-11-22T11:24:12","date_gmt":"2015-11-22T10:24:12","guid":{"rendered":"http:\/\/maclarema.fr\/blog\/?p=79"},"modified":"2015-12-03T12:00:26","modified_gmt":"2015-12-03T11:00:26","slug":"vendredi-13-novembre-2015","status":"publish","type":"post","link":"https:\/\/maclarema.fr\/blog\/vendredi-13-novembre-2015\/","title":{"rendered":"Vendredi 13 novembre 2015"},"content":{"rendered":"<div id=\"p5641290\" class=\"post\">\n<div class=\"post-excerpt\">\n<p><img loading=\"lazy\" decoding=\"async\" class=\"alignleft\" src=\"http:\/\/maclarema.blog.free.fr\/public\/.IMG_47551-300x295_s.jpg\" alt=\"\" width=\"240\" height=\"236\" \/><\/p>\n<p style=\"text-align: justify;\">Les bloggeuses de Maclarema ressentent, comme tous leurs concitoyens fran\u00e7ais, une peine et une col\u00e8re immenses devant les attentats djihadistes du vendredi 13 novembre, malheureusement pr\u00e9visibles et faisant suite \u00e0 ceux de 2012 \u00e0 Montauban et Toulouse, puis de janvier 2015 contre Charlie Hebdo, une polici\u00e8re de Montrouge et l\u2019hypercasher de la Porte de Vincennes, sans oublier les autres attentats commis dans le monde entier*.<br \/>\nRien ne peut expliquer sous un seul prisme ces atrocit\u00e9s et encore moins les justifier, ni explication socio-\u00e9conomique ni argument religieux. Il s\u2019agit l\u00e0 d\u2019actions terroristes \u00e0 caract\u00e8re fasciste et cette fascination incoercible que ces meurtriers ont pour la mort renvoie \u00e0 d\u2019autres fascismes plus anciens, comme par exemple les phalanges franquistes d\u00e9filant aux cris de \u00ab\u00a0Viva la muerte \u00bb.<br \/>\nCertains observateurs ont remarqu\u00e9 que lorsqu\u2019on s\u2019attaque aux juifs d\u2019un pays, c\u2019est souvent l\u2019annonce de d\u00e9sastres plus larges. Ce postulat se v\u00e9rifie aujourd\u2019hui en France\u00a0: \u00e0 Toulouse et \u00e0 Vincennes on cible des juifs parce que juifs, \u00e0 Montauban des militaires fran\u00e7ais parce que fran\u00e7ais (m\u00eame et peut-\u00eatre surtout s\u2019ils sont de confession musulmane), \u00e0 Paris on cible des libres-penseurs de la presse, \u00e0 Montrouge une polici\u00e8re pour les m\u00eames raisons que les militaires.<br \/>\nA Paris ce vendredi 13 novembre on a cibl\u00e9 la jeunesse libre, des femmes et des hommes de toutes origines culturelles, morts ensemble, au motif insupportable qu\u2019ils aimaient, p\u00eale-m\u00eale, le divertissement, la musique, l\u2019amiti\u00e9, la libert\u00e9. <strong>C\u2019est cette mixit\u00e9 joyeuse qui a \u00e9t\u00e9 vis\u00e9e<\/strong>.<br \/>\nMaclarema depuis sa cr\u00e9ation r\u00e9fl\u00e9chit \u00e0 sa mani\u00e8re sur les injustices d\u2019ici ou d\u2019ailleurs, la mont\u00e9e des racismes, des exclusions, sur la fa\u00e7on dont l&rsquo;absence de dialogue entre Isra\u00e9liens et Palestiniens s\u2019expatrie chez nous et cr\u00e9e de la tension parfois tr\u00e8s violente entre des Fran\u00e7ais juifs et musulmans, surtout dans certains lieux sensibles.<\/p>\n<p style=\"text-align: justify;\">Il nous faut continuer de penser, de r\u00e9sister \u00e0 la haine qui prend corps dans notre pays et se traduit par exemple par des sondages de plus en plus favorables au Front national . Nous ne cachons pas qu\u2019il nous arrive, comme \u00e0 tous nos lecteurs, d\u2019\u00eatre d\u00e9courag\u00e9es par l\u2019impasse isra\u00e9lo-palestinienne, la mont\u00e9e d\u2019un terrorisme islamiste mondialis\u00e9 qui \u00e9merge et tue sur tous les continents, la menace de guerres plus \u00e9tendues encore. Mais en m\u00e9moire de toutes les victimes nous n\u2019avons pas le droit, nous semble-t-il, d\u2019abandonner notre veille<\/p>\n<p style=\"text-align: justify;\">Ce texte est d\u00e9di\u00e9 \u00e0 <strong>Justine Moulin,<\/strong> 23 ans, assassin\u00e9e le vendredi 13 novembre 2015 \u00e0 la terrasse du restaurant Le petit Cambodge , Paris 10\u00e8me, et \u00e0 toutes les autres victimes de ces carnages.<\/p>\n<p style=\"text-align: justify;\">Pour une liste des autres attentats commis par l&rsquo;organisation \u00e9tat islamique <a href=\"https:\/\/fr.wikipedia.org\/wiki\/%C3%89tat_islamique_%28organisation%29#Attaques_ou_implantation_de_l.27EI_dans_les_autres_pays_du_monde_musulman\">voir article wikipedia [Attaques ou implantation de l&rsquo;EI dans les autres pays du monde musul<\/a>man]<\/p>\n<\/div>\n<\/div>\n<p style=\"text-align: justify;\">\n","protected":false},"excerpt":{"rendered":"<p>Les bloggeuses de Maclarema ressentent, comme tous leurs concitoyens fran\u00e7ais, une peine et une col\u00e8re immenses devant les attentats djihadistes du vendredi 13 novembre, malheureusement pr\u00e9visibles et faisant suite \u00e0 ceux de 2012 \u00e0 Montauban et Toulouse, puis de janvier &hellip; <a href=\"https:\/\/maclarema.fr\/blog\/vendredi-13-novembre-2015\/\">Continuer la lecture <span class=\"meta-nav\">&rarr;<\/span><\/a><\/p>\n","protected":false},"author":1,"featured_media":0,"comment_status":"open","ping_status":"open","sticky":false,"template":"","format":"standard","meta":{"footnotes":""},"categories":[1],"tags":[],"class_list":["post-79","post","type-post","status-publish","format-standard","hentry","category-non-classe"],"_links":{"self":[{"href":"https:\/\/maclarema.fr\/blog\/wp-json\/wp\/v2\/posts\/79","targetHints":{"allow":["GET"]}}],"collection":[{"href":"https:\/\/maclarema.fr\/blog\/wp-json\/wp\/v2\/posts"}],"about":[{"href":"https:\/\/maclarema.fr\/blog\/wp-json\/wp\/v2\/types\/post"}],"author":[{"embeddable":true,"href":"https:\/\/maclarema.fr\/blog\/wp-json\/wp\/v2\/users\/1"}],"replies":[{"embeddable":true,"href":"https:\/\/maclarema.fr\/blog\/wp-json\/wp\/v2\/comments?post=79"}],"version-history":[{"count":7,"href":"https:\/\/maclarema.fr\/blog\/wp-json\/wp\/v2\/posts\/79\/revisions"}],"predecessor-version":[{"id":188,"href":"https:\/\/maclarema.fr\/blog\/wp-json\/wp\/v2\/posts\/79\/revisions\/188"}],"wp:attachment":[{"href":"https:\/\/maclarema.fr\/blog\/wp-json\/wp\/v2\/media?parent=79"}],"wp:term":[{"taxonomy":"category","embeddable":true,"href":"https:\/\/maclarema.fr\/blog\/wp-json\/wp\/v2\/categories?post=79"},{"taxonomy":"post_tag","embeddable":true,"href":"https:\/\/maclarema.fr\/blog\/wp-json\/wp\/v2\/tags?post=79"}],"curies":[{"name":"wp","href":"https:\/\/api.w.org\/{rel}","templated":true}]}}