{"id":9,"date":"2015-10-18T08:47:00","date_gmt":"2015-10-18T07:47:00","guid":{"rendered":"http:\/\/maclarema.fr\/blog\/et-le-cycle-de-violences-recommence%e2%80%a6-ou-continue%e2%80%a6\/"},"modified":"2015-12-09T11:49:39","modified_gmt":"2015-12-09T10:49:39","slug":"et-le-cycle-de-violences-recommence%e2%80%a6-ou-continue%e2%80%a6","status":"publish","type":"post","link":"https:\/\/maclarema.fr\/blog\/et-le-cycle-de-violences-recommence%e2%80%a6-ou-continue%e2%80%a6\/","title":{"rendered":"Et le cycle de violences recommence\u2026 ou continue\u2026"},"content":{"rendered":"<p>R\u00e9dig\u00e9 par Marianne<\/p>\n<p>Cherchant (d\u00e9sesp\u00e9r\u00e9ment ?) des raisons d\u2019esp\u00e9rer une paix \u00e0 venir entre Isra\u00e9liens et Palestiniens, nous voulions, \u00e0 l\u2019origine, \u00e9crire un article sur la reconnaissance de l\u2019\u00c9tat palestinien dans les instances internationales, et sur les derni\u00e8res prises de position en Europe et en France.<\/p>\n<p>Concernant les instances internationales, il y a eu ces derni\u00e8res ann\u00e9es des avanc\u00e9es dont on peut pourtant se demander si elles d\u00e9passent le stade symbolique\u00a0: reconnaissance de l\u2019\u00c9tat palestinien comme membre de l\u2019Unesco, puis comme <a href=\"https:\/\/maclarema.fr\/blog\/reconnaissance-de-l%e2%80%99etat-palestinien-par-les-etats-europeens-le-soutien-de-personnalites-israeliennes\/\">\u00c9tat observateur \u00e0 l\u2019ONU en 2012<\/a>, et en septembre 2015 le droit donn\u00e9 \u00e0 la Palestine de hisser son drapeau sur le parvis de l\u2019ONU. Ce qui a donn\u00e9 lieu \u00e0 une <a href=\"http:\/\/www.itele.fr\/monde\/video\/le-drapeau-palestinien-hisse-au-siege-de-lonu-pour-la-premiere-fois-138688\">c\u00e9r\u00e9monie<\/a> . La journaliste du Monde rapporte ainsi <a href=\"http:\/\/www.lemonde.fr\/international\/article\/2015\/09\/30\/la-palestine-hisse-son-drapeau-a-l-onu-et-cherche-a-remobiliser-sur-le-conflit-israelo-palestinien_4778805_3210.html#qhwwFBk7I2YZOMdV.99\">les propos de Ban Ki-moon<\/a> \u00e0 cette occasion\u00a0: \u00ab\u00a0Les symboles sont importants. Ils peuvent mener \u00e0 l\u2019action\u00a0; nous ne pouvons en aucun cas nous imaginer que cette c\u00e9r\u00e9monie marque la fin du parcours.\u00a0\u00bb<!--more--><\/p>\n<p>Il y a eu aussi, \u00e0 titre moins symbolique, l\u2019acceptation de la Palestine en tant que membre de la Cour p\u00e9nale internationale (CPI), ce qui lui permet, par exemple, de viser certaines actions isra\u00e9liennes en tant que crimes de guerre. Mais l\u2019\u00c9tat palestinien, s\u2019il est maintenant reconnu par 135 pays, ne l\u2018a toujours pas \u00e9t\u00e9 par le gouvernement fran\u00e7ais, malgr\u00e9 un vote du Parlement et du S\u00e9nat en ce sens en d\u00e9cembre 2014. Et ces derniers temps, si la diplomatie fran\u00e7aise (1) a d\u00e9ploy\u00e9 ses efforts pour donner un cadre plus large au Quartet (2), elle ne semble pas avoir vraiment abouti.<\/p>\n<p>Du c\u00f4t\u00e9 de l\u2019Europe, le Parlement europ\u00e9en a vot\u00e9 en septembre une motion, non contraignante, demandant l\u2019\u00e9tiquetage des produits des colonies. C\u2019est mince, si l\u2019on veut vraiment parvenir \u00e0 cette distinction entre les produits venant du territoire d\u2019Isra\u00ebl et ceux venant des Territoires occup\u00e9s par Isra\u00ebl.<\/p>\n<p>Pas grand-chose donc de positif au plan de la paix entre Isra\u00ebl et Palestine, on a eu beau chercher\u2026<\/p>\n<p>Et dans cette situation totalement bloqu\u00e9e, les seules \u00ab\u00a0avanc\u00e9es\u00a0\u00bb semblent malheureusement celles de l\u2019extension des colonies isra\u00e9liennes, de l\u2019occupation, avec notamment les provocations successives sur l\u2019esplanade de la mosqu\u00e9e al-Aqsa, contrevenant au <a href=\"https:\/\/fr.wikipedia.org\/wiki\/Esplanade_des_Mosqu%C3%A9es\">statu quo<\/a> d\u00e9cr\u00e9t\u00e9 entre les deux parties, en vigueur depuis 1967.Le nouveau <a href=\"\/index.php?post\/2015\/05\/27\/Les-%C3%A9lections-l%C3%A9gislatives-du-17-mars-en-Isra%C3%ABl-%3A-quelles-cons%C3%A9quences\">gouvernement isra\u00e9lien<\/a>, lui-m\u00eame, avec une partie de ses ministres d\u2019extr\u00eame-droite, ne manque pas d\u2019attiser le feu.<\/p>\n<p>Dans cette situation, le cycle de violence a repris, avec son lot de morts et de bless\u00e9s. Mais comment pourrait-il en \u00eatre autrement sans que des n\u00e9gociations s\u2019instaurent v\u00e9ritablement entre les deux parties, sans la perspective, pour les Palestiniens, de disposer enfin de leur Etat\u00a0? Et cela suppose certainement une forte implication des \u00c9tats-Unis, de l\u2019Europe, et des pays de la r\u00e9gion.<\/p>\n<p><strong>1. Laurent Fabius \u00e0 Prague le 24 aout 2015<\/strong><br \/>\n\u00ab\u00a0Nous devons contribuer, et cela est difficile, \u00e0 ramener les parties <em>(isra\u00e9lienne et palestinienne)<\/em> \u00e0 la table des n\u00e9gociations sans perdre de vue notre objectif commun\u00a0: la solution des deux \u00c9tats, qui garantisse la s\u00e9curit\u00e9 d&rsquo;Isra\u00ebl et rende justice aux Palestiniens. La France ne m\u00e9nage pas ses efforts pour y parvenir. Face au blocage actuel &#8211; et le mot est faible &#8211; qui pr\u00e9sente le double risque de l&rsquo;enlisement et de l&#8217;embrasement, personne ne peut croire que cette question isra\u00e9lo-palestinienne pourra se r\u00e9gler toute seule ou que l&rsquo;on pourra, pendant deux d\u00e9cennies, continuer comme aujourd&rsquo;hui. C&rsquo;est la raison pour laquelle la France essaie de mobiliser la communaut\u00e9 internationale dans le cadre d&rsquo;un Groupe international de soutien, qui comporterait le Quartet et s&rsquo;\u00e9tendrait aussi aux pays arabes et \u00e0 quelques pays europ\u00e9ens. Nous pensons qu&rsquo;il n&rsquo;est pas tr\u00e8s pertinent de trouver des solutions \u00e0 ce conflit sans y inclure les pays arabes. Nous discutons de cela avec nos amis europ\u00e9ens, avec les Am\u00e9ricains et avec d&rsquo;autres. Nous avons abord\u00e9 cette question lors du conseil des affaires \u00e9trang\u00e8res de juillet et nous aurons l&rsquo;occasion d&rsquo;y revenir dans le cadre du Gymnich <em>(r\u00e9union informelle des ministres des Affaires \u00e9trang\u00e8res de l&rsquo;Union europ\u00e9enne)<\/em>, d\u00e9but septembre. Pour r\u00e9sumer ma pens\u00e9e, il faut faire bouger les choses m\u00eame si cela est tr\u00e8s difficile, sinon c&rsquo;est un foyer de tensions extraordinaires. \u00bb<\/p>\n<p><strong>2. Le Quartet pour le Moyen-Orient<\/strong>, cr\u00e9\u00e9 en 2002, est un groupe form\u00e9 de quatre \u00c9tats et d&rsquo;organisations nationales et internationales, pour r\u00e9aliser une m\u00e9diation dans le processus de paix isra\u00e9lo-palestinien. Le Quartet est compos\u00e9 des \u00c9tats-Unis d&rsquo;Am\u00e9rique, de la Russie, de l&rsquo;Union europ\u00e9enne et des Nations unies.<\/p>\n","protected":false},"excerpt":{"rendered":"<p>R\u00e9dig\u00e9 par Marianne<\/p>\n<p>Cherchant (d\u00e9sesp\u00e9r\u00e9ment ?) des raisons d\u2019esp\u00e9rer une paix \u00e0 venir entre Isra\u00e9liens et Palestiniens, nous voulions, \u00e0 l\u2019origine, \u00e9crire un article sur la reconnaissance de l\u2019\u00c9tat palestinien dans les instances internationales, et sur les derni\u00e8res prises de position en Europe et en France.<\/p>\n<p>Concernant les instances internationales, il y a eu ces derni\u00e8res ann\u00e9es des avanc\u00e9es dont on peut pourtant se demander si elles d\u00e9passent le stade symbolique&nbsp;: reconnaissance de l\u2019\u00c9tat palestinien comme membre de l\u2019Unesco, puis comme <a href=\"\/index.php?post\/2014\/11\/23\/Reconnaissance-de-l%E2%80%99Etat-palestinien-en-Europe-%3A-le-soutien-de-personnalit%C3%A9s-isra%C3%A9liennes\">\u00c9tat observateur \u00e0 l\u2019ONU en 2012<\/a>, et en septembre 2015 le droit donn\u00e9 \u00e0 la Palestine de hisser son drapeau sur le parvis de l\u2019ONU. Ce qui a donn\u00e9 lieu \u00e0 une <a href=\"http:\/\/www.itele.fr\/monde\/video\/le-drapeau-palestinien-hisse-au-siege-de-lonu-pour-la-premiere-fois-138688\">c\u00e9r\u00e9monie<\/a> . La journaliste du Monde rapporte ainsi <a href=\"http:\/\/www.lemonde.fr\/international\/article\/2015\/09\/30\/la-palestine-hisse-son-drapeau-a-l-onu-et-cherche-a-remobiliser-sur-le-conflit-israelo-palestinien_4778805_3210.html#qhwwFBk7I2YZOMdV.99\">les propos de Ban Ki-moon<\/a> \u00e0 cette occasion&nbsp;: \u00ab&nbsp;Les symboles sont importants. Ils peuvent mener \u00e0 l\u2019action&nbsp;; nous ne pouvons en aucun cas nous imaginer que cette c\u00e9r\u00e9monie marque la fin du parcours.&nbsp;\u00bb <\/p>\n<p>Il y a eu aussi, \u00e0 titre moins symbolique, l\u2019acceptation de la Palestine en tant que membre de la Cour p\u00e9nale internationale (CPI), ce qui lui permet, par exemple, de viser certaines actions isra\u00e9liennes en tant que crimes de guerre. Mais l\u2019\u00c9tat palestinien, s\u2019il est maintenant reconnu par 135 pays, ne l\u2018a toujours pas \u00e9t\u00e9 par le gouvernement fran\u00e7ais, malgr\u00e9 un vote du Parlement et du S\u00e9nat en ce sens en d\u00e9cembre 2014. Et ces derniers temps, si la diplomatie fran\u00e7aise (1) a d\u00e9ploy\u00e9 ses efforts pour donner un cadre plus large au Quartet (2), elle ne semble pas avoir vraiment abouti.<\/p>\n<p> <a href=\"https:\/\/maclarema.fr\/blog\/et-le-cycle-de-violences-recommence%e2%80%a6-ou-continue%e2%80%a6\/\">Continuer la lecture <span class=\"meta-nav\">&rarr;<\/span><\/a><\/p>\n","protected":false},"author":3,"featured_media":0,"comment_status":"open","ping_status":"closed","sticky":false,"template":"","format":"standard","meta":{"footnotes":""},"categories":[4],"tags":[11,9,7],"class_list":["post-9","post","type-post","status-publish","format-standard","hentry","category-israel-palestine","tag-israel","tag-paix","tag-palestine"],"_links":{"self":[{"href":"https:\/\/maclarema.fr\/blog\/wp-json\/wp\/v2\/posts\/9","targetHints":{"allow":["GET"]}}],"collection":[{"href":"https:\/\/maclarema.fr\/blog\/wp-json\/wp\/v2\/posts"}],"about":[{"href":"https:\/\/maclarema.fr\/blog\/wp-json\/wp\/v2\/types\/post"}],"author":[{"embeddable":true,"href":"https:\/\/maclarema.fr\/blog\/wp-json\/wp\/v2\/users\/3"}],"replies":[{"embeddable":true,"href":"https:\/\/maclarema.fr\/blog\/wp-json\/wp\/v2\/comments?post=9"}],"version-history":[{"count":3,"href":"https:\/\/maclarema.fr\/blog\/wp-json\/wp\/v2\/posts\/9\/revisions"}],"predecessor-version":[{"id":158,"href":"https:\/\/maclarema.fr\/blog\/wp-json\/wp\/v2\/posts\/9\/revisions\/158"}],"wp:attachment":[{"href":"https:\/\/maclarema.fr\/blog\/wp-json\/wp\/v2\/media?parent=9"}],"wp:term":[{"taxonomy":"category","embeddable":true,"href":"https:\/\/maclarema.fr\/blog\/wp-json\/wp\/v2\/categories?post=9"},{"taxonomy":"post_tag","embeddable":true,"href":"https:\/\/maclarema.fr\/blog\/wp-json\/wp\/v2\/tags?post=9"}],"curies":[{"name":"wp","href":"https:\/\/api.w.org\/{rel}","templated":true}]}}